{"id":13987,"date":"2010-12-28T00:00:00","date_gmt":"2010-12-28T00:00:00","guid":{"rendered":"http:\/\/.\/?p=13987"},"modified":"2015-08-28T11:42:57","modified_gmt":"2015-08-28T09:42:57","slug":"13987","status":"publish","type":"post","link":"https:\/\/archiv.sozialismus.info\/maschinenraum\/2010\/12\/13987\/","title":{"rendered":"\u201eFr\u00fcher hie\u00df es Teile und Herrsche. Heute hei\u00dft es Integrationsdebatte.\u201c"},"content":{"rendered":"<p>Gespr\u00e4ch mit Sascha Stanicic, Bundessprecher der SAV, \u00fcber sein neues Buch \u201eAnti-Sarrazin\u201c und die Gefahr von Rechts<\/p>\n<p><!--more--><\/p>\n<h4>Demn\u00e4chst erscheint von dir ein Buch mit dem Titel \u201eAnti-Sarrazin\u201c, das sich mit den Thesen des Ex-Bundesbankers auseinandersetzt. Warum ist das n\u00f6tig?<\/h4>\n<p>Sarrazins Buch wurde eine Million Mal verkauft und sein Inhalt dominierte in den letzten Monaten die \u00f6ffentliche Debatte. Manche Menschen denken tats\u00e4chlich, er w\u00fcrde so genannte unbequeme Wahrheiten aussprechen. Dabei ist es eine Kampfschrift f\u00fcr knallharten Kapitalismus, f\u00fcr r\u00fccksichtslosen Sozialabbau. Sarrazins Rassismus ist daf\u00fcr nur die Begleitmusik. Ich versuche in der Gegenschrift nicht nur Sarrazins Behauptungen zu widerlegen, sondern auch aufzuzeigen, was hinter dieser Debatte steckt.<\/p>\n<h4>Und was steckt dahinter?<\/h4>\n<p>Das ist alles ein gro\u00df angelegtes Man\u00f6ver, um von der Verantwortung von Regierung und Kapital f\u00fcr soziale Missst\u00e4nde abzulenken. Wer dem arabischen Nachbarn oder der t\u00fcrkischen Kollegin die Schuld am katastrophalen Zustand der Gesellschaft gibt, gibt sie nicht denjenigen, die mit ihrer Macht und ihrem Geld diese Gesellschaft formen.<\/p>\n<p>Und es ist ein Mittel, die Menschen, die diese Macht und dieses Geld nicht haben, davon abzuhalten, gemeinsam zu k\u00e4mpfen. Fr\u00fcher hie\u00df es Teile und Herrsche. Heute hei\u00dft es Integrationsdebatte. Darum ist mein Buch auch ein Appell f\u00fcr gemeinsame Gegenwehr von Menschen unterschiedlicher Hautfarbe, Religion und Nationalit\u00e4t gegen Sozialabbau, Lohndr\u00fcckerei und Kapitalismus.<\/p>\n<h4>Aber gibt es die von Sarrazin angesprochenen Probleme nicht wirklich?<\/h4>\n<p>Vieles, was er sagt, ist frei erfunden oder zumindest sehr frei interpretiert. Seine Zahlen zur Kriminalit\u00e4t arabischer und t\u00fcrkischer Jugendlicher in Berlin zum Beispiel. Oder seine Aussagen zur angeblichen Bildungsunf\u00e4higkeit von sozial Schwachen und Muslimen.<\/p>\n<p>Das, was manche Menschen als Probleme des Zusammenlebens unterschiedlicher Kulturen oder Nationalit\u00e4ten empfinden, sind doch letztlich soziale Probleme. Probleme von Armut, Arbeitslosigkeit, Diskriminierung und Zukunfts\u00e4ngsten.<\/p>\n<h4>Also alles Einbildung oder medial konstruiert? Sehen das viele Leute in Berlin-Neuk\u00f6lln oder K\u00f6ln-Kalk nicht anders?<\/h4>\n<p>Die meisten Leute in Stadtvierteln wie Neuk\u00f6lln und Kalk haben doch das Problem, dass sie erwerbslos sind oder zu Billigl\u00f6hnen schuften m\u00fcssen. Bist du dann noch Migrant, darfst du nicht w\u00e4hlen, lebst je nach Status unter permanenter Angst, dass deine Aufenthaltsgenehmigung nicht verl\u00e4ngert wird und musst dich dann auch noch auf allen Kan\u00e4len als dumm und faul beschimpfen lassen. Nat\u00fcrlich ist das ein N\u00e4hrboden f\u00fcr Konflikte, die sich leider auch entlang nationaler oder religi\u00f6ser Linien entz\u00fcnden. Aber die tiefere Ursache ist ja nicht, dass Menschen unterschiedlicher Nation oder Glaubensrichtung zusammen leben. Nicht Multi-Kulti ist gescheitert, sondern der Kapitalismus scheitert tagt\u00e4glich.<\/p>\n<h4>Und was kann man gegen das Aufbrechen solcher Konflikte tun?<\/h4>\n<p>Arbeit f\u00fcr alle zu menschenw\u00fcrdigen L\u00f6hnen, ausreichende Kita-Pl\u00e4tze, mehr Lehrer und Sozialarbeiter in den Schulen, guter und g\u00fcnstiger Wohnraum, soziale Absicherung und demokratische Rechte f\u00fcr alle! Wenn das umgesetzt w\u00fcrde, g\u00e4be es auch viel weniger Konflikte.<\/p>\n<h4>Das ist aber nicht gerade das Programm der Bundesregierung.<\/h4>\n<p>Und auch nicht von SPD und Gr\u00fcnen oder des Berliner Senats. Deshalb m\u00fcssen die Betroffenen f\u00fcr diese Ziele selber k\u00e4mpfen und sich organisieren. In den Betrieben, Schulen, Hochschulen und Nachbarschaften. \u00dcberall da, wo Arbeiter, Arbeitslose, Sch\u00fcler, Studierende und Mieter zusammen kommen, stellen sie n\u00e4mlich fest, dass sie gleiche Interessen trotz ungleicher Nationalit\u00e4t oder Hautfarbe haben. Und dass die wahre Parallelgesellschaft die der Reichen und Superreichen ist. Der gemeinsame Kampf f\u00fcr gemeinsame Interessen ist das beste Mittel, um nationale oder rassistische Spaltung und Konflikte zu \u00fcberwinden und an die wahren Ursachen der sozialen Missst\u00e4nde ran zu gehen. Am besten gemeinsam in der Gewerkschaft, der Partei DIE LINKE und Mieter- oder anderen Initiativen.<\/p>\n<p><i>Das Buch erscheint im Januar 2011 und wird 7,50 Euro kosten. Es kann in der <a href=\"mailto:shop@sozialismus.info\">SAV-Bundeszentrale<\/a> bestellt werden.<\/i><\/p>\n","protected":false},"excerpt":{"rendered":"<p>\n      Gespr&#228;ch mit Sascha Stanicic, Bundessprecher der SAV, &#252;ber sein neues<br \/>\n      Buch &#8222;Anti-Sarrazin&#8220; und die Gefahr von Rechts\n    <\/p>\n","protected":false},"author":3,"featured_media":17827,"comment_status":"closed","ping_status":"closed","sticky":false,"template":"","format":"standard","meta":[],"categories":[6,104],"tags":[676,232],"_links":{"self":[{"href":"https:\/\/archiv.sozialismus.info\/maschinenraum\/wp-json\/wp\/v2\/posts\/13987"}],"collection":[{"href":"https:\/\/archiv.sozialismus.info\/maschinenraum\/wp-json\/wp\/v2\/posts"}],"about":[{"href":"https:\/\/archiv.sozialismus.info\/maschinenraum\/wp-json\/wp\/v2\/types\/post"}],"author":[{"embeddable":true,"href":"https:\/\/archiv.sozialismus.info\/maschinenraum\/wp-json\/wp\/v2\/users\/3"}],"replies":[{"embeddable":true,"href":"https:\/\/archiv.sozialismus.info\/maschinenraum\/wp-json\/wp\/v2\/comments?post=13987"}],"version-history":[{"count":1,"href":"https:\/\/archiv.sozialismus.info\/maschinenraum\/wp-json\/wp\/v2\/posts\/13987\/revisions"}],"predecessor-version":[{"id":31161,"href":"https:\/\/archiv.sozialismus.info\/maschinenraum\/wp-json\/wp\/v2\/posts\/13987\/revisions\/31161"}],"wp:featuredmedia":[{"embeddable":true,"href":"https:\/\/archiv.sozialismus.info\/maschinenraum\/wp-json\/wp\/v2\/media\/17827"}],"wp:attachment":[{"href":"https:\/\/archiv.sozialismus.info\/maschinenraum\/wp-json\/wp\/v2\/media?parent=13987"}],"wp:term":[{"taxonomy":"category","embeddable":true,"href":"https:\/\/archiv.sozialismus.info\/maschinenraum\/wp-json\/wp\/v2\/categories?post=13987"},{"taxonomy":"post_tag","embeddable":true,"href":"https:\/\/archiv.sozialismus.info\/maschinenraum\/wp-json\/wp\/v2\/tags?post=13987"}],"curies":[{"name":"wp","href":"https:\/\/api.w.org\/{rel}","templated":true}]}}