{"id":38299,"date":"2019-09-03T12:38:44","date_gmt":"2019-09-03T10:38:44","guid":{"rendered":"https:\/\/www.sozialismus.info\/?p=38299"},"modified":"2019-09-03T12:38:44","modified_gmt":"2019-09-03T10:38:44","slug":"40-000-gegen-die-afd","status":"publish","type":"post","link":"https:\/\/archiv.sozialismus.info\/maschinenraum\/2019\/09\/40-000-gegen-die-afd\/","title":{"rendered":"40.000 gegen die AfD"},"content":{"rendered":"<p><strong><a href=\"https:\/\/www.archiv.sozialismus.info\/maschinenraum\/wp-content\/uploads\/2019\/09\/69402324_2367789993317958_5459452184007540736_o-e1567507003832.jpg\"><img loading=\"lazy\" class=\"alignleft size-medium wp-image-38300\" src=\"https:\/\/www.archiv.sozialismus.info\/maschinenraum\/wp-content\/uploads\/2019\/09\/69402324_2367789993317958_5459452184007540736_o-e1567507003832-280x173.jpg\" alt=\"\" width=\"280\" height=\"173\" srcset=\"https:\/\/archiv.sozialismus.info\/maschinenraum\/wp-content\/uploads\/2019\/09\/69402324_2367789993317958_5459452184007540736_o-e1567507003832-280x173.jpg 280w, https:\/\/archiv.sozialismus.info\/maschinenraum\/wp-content\/uploads\/2019\/09\/69402324_2367789993317958_5459452184007540736_o-e1567507003832-162x100.jpg 162w, https:\/\/archiv.sozialismus.info\/maschinenraum\/wp-content\/uploads\/2019\/09\/69402324_2367789993317958_5459452184007540736_o-e1567507003832-768x475.jpg 768w, https:\/\/archiv.sozialismus.info\/maschinenraum\/wp-content\/uploads\/2019\/09\/69402324_2367789993317958_5459452184007540736_o-e1567507003832-560x347.jpg 560w, https:\/\/archiv.sozialismus.info\/maschinenraum\/wp-content\/uploads\/2019\/09\/69402324_2367789993317958_5459452184007540736_o-e1567507003832-600x371.jpg 600w, https:\/\/archiv.sozialismus.info\/maschinenraum\/wp-content\/uploads\/2019\/09\/69402324_2367789993317958_5459452184007540736_o-e1567507003832-534x330.jpg 534w, https:\/\/archiv.sozialismus.info\/maschinenraum\/wp-content\/uploads\/2019\/09\/69402324_2367789993317958_5459452184007540736_o-e1567507003832.jpg 1571w\" sizes=\"(max-width: 280px) 100vw, 280px\" \/><\/a>#unteilbar Demonstration in Dresden setzt starkes Zeichen gegen Rassismus und soziale Ungerechtigkeit<\/strong><\/p>\n<p>Am 24.08.2019 sind in Dresden bei der zweiten #unteilbar Demonstration 40.000 Menschen gegen Rassismus und das Ausspielen der sozialen Lage von Migrant*innen und l\u00e4nger hier lebenden Menschen auf die Stra\u00dfe gegangen.<\/p>\n<p><em>von Carol Lange, Berlin<\/em><\/p>\n<p>Vor mehr als 10 Monaten gelang es einem B\u00fcndnis verschiedener Organisationen auf dem H\u00f6hepunktes des \u201eHerbst der Solidarit\u00e4t\u201c 240.000 Menschen gegen Rassismus und f\u00fcr soziale Verbesserungen auf die Stra\u00dfe zu bringen. Um an diesen unerwarteten Erfolg anzukn\u00fcpfen, rief das B\u00fcndnis #unteilbar am 24.08. in Anbetracht der zu erwartenden St\u00e4rkung der rechtspopulistischen AfD in den bevorstehenden Landtagswahlen in Ostdeutschland erneut zu #unteilbar-Demonstrationen auf. Den H\u00f6hepunkt bildete die Demonstration in Dresden.<\/p>\n<h4>Mehr als erwartet<\/h4>\n<p><a href=\"https:\/\/www.archiv.sozialismus.info\/maschinenraum\/wp-content\/uploads\/2019\/09\/68781316_2367791563317801_1853087214934687744_o.jpg\"><img loading=\"lazy\" class=\"alignright size-medium wp-image-38301\" src=\"https:\/\/www.archiv.sozialismus.info\/maschinenraum\/wp-content\/uploads\/2019\/09\/68781316_2367791563317801_1853087214934687744_o-231x173.jpg\" alt=\"\" width=\"231\" height=\"173\" srcset=\"https:\/\/archiv.sozialismus.info\/maschinenraum\/wp-content\/uploads\/2019\/09\/68781316_2367791563317801_1853087214934687744_o-231x173.jpg 231w, https:\/\/archiv.sozialismus.info\/maschinenraum\/wp-content\/uploads\/2019\/09\/68781316_2367791563317801_1853087214934687744_o-768x576.jpg 768w, https:\/\/archiv.sozialismus.info\/maschinenraum\/wp-content\/uploads\/2019\/09\/68781316_2367791563317801_1853087214934687744_o-462x347.jpg 462w, https:\/\/archiv.sozialismus.info\/maschinenraum\/wp-content\/uploads\/2019\/09\/68781316_2367791563317801_1853087214934687744_o-600x450.jpg 600w, https:\/\/archiv.sozialismus.info\/maschinenraum\/wp-content\/uploads\/2019\/09\/68781316_2367791563317801_1853087214934687744_o.jpg 1599w\" sizes=\"(max-width: 231px) 100vw, 231px\" \/><\/a>Erneut konnten die Erwartungen der Teilnehmeranzahl von 25.000 Teilnehmer*innen um fast das Doppelte \u00fcbertroffen werden, es wurde mit 40.000 Leuten die gr\u00f6\u00dfte Demonstration in Dresden seit dem Mauerfall.<\/p>\n<p>Dieser Umstand zeigt erneut, wie gro\u00df die Bereitschaft ist auch in Sachsen gegen Rassismus, Nazi-Terror und Spaltungen vorzugehen.<\/p>\n<p>Wie schon letztes Jahr zeichnete sich #unteilbar durch eine breit gef\u00e4cherte Beteiligung von 283 Gruppen, Prominenten und Initiativen aus.<\/p>\n<p>Anders als im Vorjahr haben SPD und Gr\u00fcne von Anfang an st\u00e4rker in das B\u00fcndnis eingegriffen. Damals wurde deren Beteiligung von den Veranstalter*innen selbst offen kritisch betrachtet (\u201eWir sehen diesen Widerspruch schon, mit Regierungsparteien gegen eine Politik zu demonstrieren , die teils von der Regierung selbst betrieben wird\u201c (Theresa Hartmann, Pressesprecherin Unteilbar)). Jetzt spielten sie sogar in der Vorbereitung und Planung dieses Jahr eine nicht unbedeutende Rolle. Das f\u00fchrte auch dazu, dass die Betonung anders als im letzten Jahr vor allem auf das Verteidigen moralischer Werte wie Toleranz und Vielfalt gelegt wurde, statt die Verbindung zwischen Antirassismus und sozialen K\u00e4mpfen zu betonen. Das spiegelte sich auch auf der Demonstration wider. So war der Block der Gr\u00fcnen deutlich gr\u00f6\u00dfer als noch als der von der LINKEN und auch der SPD, die diesmal organisiert auftrat.<\/p>\n<h4>Block der Gewerkschaften<\/h4>\n<p>Auch der deutsche Gewerkschaftsbund (DGB) konnte unter mithilfe einzelner Landesverb\u00e4nde von GEW. IGMetall und ver.di einen eigenen Lautsprecherwagen organisieren. Auch hier spielten moralische Argumente gegen Rechts eine gro\u00dfe Rolle, die aber nicht auf den sozialen N\u00e4hrboden der AfD eingehen. Dabei kann der gemeinsame Kampf der Besch\u00e4ftigten und sozial Benachteiligten Rassismus effektiv zur\u00fcckdr\u00e4ngen.<\/p>\n<p align=\"justify\">Dorit Hollasky, (Aktivistin des Pflegeb\u00fcndnis Dresden, ver.di und SAV Miglied) gelang es die offensichtliche Wahrheit im Bezug auf den Pflegenotstand und den damit in Verbindung stehenden notwendigen Gegenma\u00dfnahmen auf den Punkt zu bringen: \u201eWer den reichen nichts nimmt, kann den Armen nichts geben. [\u2026]. Daf\u00fcr brauchen wir auch die Organisation, die die Macht dazu hat, und das sind die Gewerkschaften\u201c.<\/p>\n<p><a href=\"https:\/\/www.facebook.com\/SAVSozialistischeAlternative\/videos\/709820786155614\/\">https:\/\/www.facebook.com\/SAVSozialistischeAlternative\/videos\/709820786155614\/<\/a><\/p>\n<p align=\"justify\">Wir als SAV haben vor Ort den Gewerkschaftsblock mit Transparent und k\u00e4mpferischen Auftreten unterst\u00fctzt und sind auch abseits des Demozuges mit vielen Leuten ins Gespr\u00e4ch gekommen. um uns ein Bild \u00fcber die Stimmung vor Ort machen zu k\u00f6nnen.<\/p>\n<h4 align=\"justify\">Kampf gegen Rechts?<\/h4>\n<p align=\"justify\"><a href=\"https:\/\/www.archiv.sozialismus.info\/maschinenraum\/wp-content\/uploads\/2019\/09\/69538114_2367790409984583_8841665696120176640_o.jpg\"><img loading=\"lazy\" class=\"alignleft size-medium wp-image-38302\" src=\"https:\/\/www.archiv.sozialismus.info\/maschinenraum\/wp-content\/uploads\/2019\/09\/69538114_2367790409984583_8841665696120176640_o-231x173.jpg\" alt=\"\" width=\"231\" height=\"173\" srcset=\"https:\/\/archiv.sozialismus.info\/maschinenraum\/wp-content\/uploads\/2019\/09\/69538114_2367790409984583_8841665696120176640_o-231x173.jpg 231w, https:\/\/archiv.sozialismus.info\/maschinenraum\/wp-content\/uploads\/2019\/09\/69538114_2367790409984583_8841665696120176640_o-768x576.jpg 768w, https:\/\/archiv.sozialismus.info\/maschinenraum\/wp-content\/uploads\/2019\/09\/69538114_2367790409984583_8841665696120176640_o-462x347.jpg 462w, https:\/\/archiv.sozialismus.info\/maschinenraum\/wp-content\/uploads\/2019\/09\/69538114_2367790409984583_8841665696120176640_o-600x450.jpg 600w, https:\/\/archiv.sozialismus.info\/maschinenraum\/wp-content\/uploads\/2019\/09\/69538114_2367790409984583_8841665696120176640_o.jpg 1599w\" sizes=\"(max-width: 231px) 100vw, 231px\" \/><\/a>Das besondere an #unteilbar letztes Jahr war im Bezug auf den Kampf gegen die AfD die Verbindung mit der sozialen Frage. Im Gegensatz zu anderen Initiativen oder Kampagnen, die auf einer rein moralischen Ebene gegen Rechtspopulismus zu argumentieren versuchen, stellte #unteilbar den Zusammenhang von Rassismus mit der Agenda 2010 und vielen weiteren Beschneidungen der Lebensgrundlage lohnabh\u00e4ngig Besch\u00e4ftigter her.<\/p>\n<p align=\"justify\">Mit der bevorstehenden Landtagswahl und der damit einhergehenden Angst vor dem Erstarken der AfD, gab das #unteilbar B\u00fcndnis dem Druck nach und st\u00fctzte sich verst\u00e4rkt auf die Organisation und Teilnahme derer Parteien (SPD, Die Gr\u00fcnen), die f\u00fcr diese Entwicklungen mitverantwortlich sind. Um den Konzernen, die den Staat nutzen um Spaltungen innerhalb der Bev\u00f6lkerung hervorzurufen, etwas entgegenzusetzen, bedarf es jedoch einer starken linken Alternative und gemeinsamen K\u00e4mpfen von unten .<\/p>\n<p align=\"justify\">#unteilbar hatte daf\u00fcr genau die richtigen Ans\u00e4tze, die jetzt nicht aufgegeben werden sollten. Die beteiligten Initiativen und Organisationen sollten sich lokal weiter vernetzen und Proteste fortf\u00fchren. Vor allem die Gewerkschaften sind in der Pflicht, Rassismus und Vorurteile in den eigenen Reihen zu bek\u00e4mpfen, in dem die gemeinsamen sozialen Interessen betont werden. Notwendig ist eine wirkliche sozialistische Alternative, die diese Bewegungen aufgreift und in einen Kampf gegen Rechtspopulismus und die Macht der Banken und Konzerne f\u00fchrt. Diese werden wir in Dresden, Sachsen, bundesweit und international aufbauen. Schlie\u00dfe dich uns an.<\/p>\n","protected":false},"excerpt":{"rendered":"<p>#unteilbar Demonstration in Dresden setzt starkes Zeichen gegen Rassismus und soziale Ungerechtigkeit<\/p>\n","protected":false},"author":2,"featured_media":38300,"comment_status":"closed","ping_status":"closed","sticky":false,"template":"","format":"standard","meta":[],"categories":[5,6],"tags":[262],"_links":{"self":[{"href":"https:\/\/archiv.sozialismus.info\/maschinenraum\/wp-json\/wp\/v2\/posts\/38299"}],"collection":[{"href":"https:\/\/archiv.sozialismus.info\/maschinenraum\/wp-json\/wp\/v2\/posts"}],"about":[{"href":"https:\/\/archiv.sozialismus.info\/maschinenraum\/wp-json\/wp\/v2\/types\/post"}],"author":[{"embeddable":true,"href":"https:\/\/archiv.sozialismus.info\/maschinenraum\/wp-json\/wp\/v2\/users\/2"}],"replies":[{"embeddable":true,"href":"https:\/\/archiv.sozialismus.info\/maschinenraum\/wp-json\/wp\/v2\/comments?post=38299"}],"version-history":[{"count":1,"href":"https:\/\/archiv.sozialismus.info\/maschinenraum\/wp-json\/wp\/v2\/posts\/38299\/revisions"}],"predecessor-version":[{"id":38303,"href":"https:\/\/archiv.sozialismus.info\/maschinenraum\/wp-json\/wp\/v2\/posts\/38299\/revisions\/38303"}],"wp:featuredmedia":[{"embeddable":true,"href":"https:\/\/archiv.sozialismus.info\/maschinenraum\/wp-json\/wp\/v2\/media\/38300"}],"wp:attachment":[{"href":"https:\/\/archiv.sozialismus.info\/maschinenraum\/wp-json\/wp\/v2\/media?parent=38299"}],"wp:term":[{"taxonomy":"category","embeddable":true,"href":"https:\/\/archiv.sozialismus.info\/maschinenraum\/wp-json\/wp\/v2\/categories?post=38299"},{"taxonomy":"post_tag","embeddable":true,"href":"https:\/\/archiv.sozialismus.info\/maschinenraum\/wp-json\/wp\/v2\/tags?post=38299"}],"curies":[{"name":"wp","href":"https:\/\/api.w.org\/{rel}","templated":true}]}}