{"id":37771,"date":"2019-03-31T11:02:29","date_gmt":"2019-03-31T09:02:29","guid":{"rendered":"https:\/\/www.sozialismus.info\/?p=37771"},"modified":"2019-06-11T14:21:04","modified_gmt":"2019-06-11T12:21:04","slug":"grossartig-aber-noch-nicht-genug","status":"publish","type":"post","link":"https:\/\/archiv.sozialismus.info\/maschinenraum\/2019\/03\/grossartig-aber-noch-nicht-genug\/","title":{"rendered":"Gro\u00dfartig, aber noch nicht genug"},"content":{"rendered":"<p><strong><img loading=\"lazy\" class=\"size-medium wp-image-37749 alignleft\" src=\"https:\/\/www.archiv.sozialismus.info\/maschinenraum\/wp-content\/uploads\/2019\/03\/Fridays-for-Future-5-231x173.jpeg\" alt=\"\" width=\"231\" height=\"173\" srcset=\"https:\/\/archiv.sozialismus.info\/maschinenraum\/wp-content\/uploads\/2019\/03\/Fridays-for-Future-5-231x173.jpeg 231w, https:\/\/archiv.sozialismus.info\/maschinenraum\/wp-content\/uploads\/2019\/03\/Fridays-for-Future-5-768x576.jpeg 768w, https:\/\/archiv.sozialismus.info\/maschinenraum\/wp-content\/uploads\/2019\/03\/Fridays-for-Future-5-463x347.jpeg 463w, https:\/\/archiv.sozialismus.info\/maschinenraum\/wp-content\/uploads\/2019\/03\/Fridays-for-Future-5-600x450.jpeg 600w, https:\/\/archiv.sozialismus.info\/maschinenraum\/wp-content\/uploads\/2019\/03\/Fridays-for-Future-5.jpeg 800w\" sizes=\"(max-width: 231px) 100vw, 231px\" \/>1,4 Millionen in \u00fcber hundert L\u00e4ndern bei Fridays for Future<\/strong><\/p>\n<p>\u00dcber 1,4 Millionen Sch\u00fcler*innen streikten am 15. M\u00e4rz in \u00fcber hundert L\u00e4ndern f\u00fcr das Weltklima. Von Schweden bis Hongkong und von Australien bis Brasilien gingen Sch\u00fcler*innen statt in die Schule auf die Stra\u00dfe. Auf diesem Erfolg muss weiter aufgebaut werden.<\/p>\n<p><em>von Max Klinkner, Mainz<\/em><\/p>\n<p>F\u00fcr viele war es die erste Demonstration, an der sie teilgenommen haben. Eine neue Generation wird politisiert. Unterst\u00fctzt wird die Bewegung mittlerweile auch von tausenden Wissenschaftler*innen und auch von &#8222;Parents for Future&#8220;. Dies ist eine begr\u00fc\u00dfenswerte Entwicklung, denn die Klimakrise ist nicht der Unwissenheit oder schlichten Ignoranz der Erwachsenen geschuldet. Es handelt sich um eine Krise, die durch das kapitalistische System verursacht wurde.<\/p>\n<h4>Bewegung aufbauen!<\/h4>\n<p>Fridays For Future hat viel Aufmerksamkeit bekommen. Das f\u00fchrte bereits dazu, dass einzelne hochrangige Politiker*innen die Bewegung loben. Ein Teil der Herrschenden hat erkannt, dass die Sympathien f\u00fcr die Bewegung zu gro\u00df sind, als dass sie diese weiter diffamieren k\u00f6nnten. Stattdessen versucht man mit den Belobigungen der Kritik der Streikenden ihrer Sch\u00e4rfe zu nehmen und sie so weit wie m\u00f6glich zu entpolitisieren. An ihrer konkreten Politik \u00e4ndern sie nichts.<\/p>\n<p>Die Bewegung muss noch viel gr\u00f6\u00dfer werden. F\u00fcr eine konsequente Umweltpolitik braucht es ein radikales Programm. Die Forderungen m\u00fcssen konkretisiert werden, (siehe Artikel Seite oben), demokratische Strukturen m\u00fcssen aufgebaut und weitere Aktionen geplant werden. Damit die Inhalte auf allen Ebenen diskutiert werden k\u00f6nnen und m\u00f6glichst viele einbezogen werden, braucht FFF Strukturen in m\u00f6glichst allen Schulen, Berufsschulen, Unis. Die Gewerkschaften und die Gewerkschaftsjugend m\u00fcssen in die Bewegung eingebunden werden, um die Streiks auch auf Betriebe ausweiten zu k\u00f6nnen. Ziel muss sein, den n\u00e4chsten internationalen Aktionstag noch viel gr\u00f6\u00dfer zu machen. Auf allen Ebene m\u00fcssen Delegierte f\u00fcr die n\u00e4chsth\u00f6here Ebene gew\u00e4hlt werden, bis hin zu einem internationalen Organisationskomitee.<\/p>\n<h4>Globale Krise, globaler Kampf<\/h4>\n<p>Die Idee des Global Strike am 15. M\u00e4rz war ein wichtiger Schritt in die richtige Richtung. Der Kampf gegen die Klimakatastrophe muss verbunden werden mit dem Kampf gegen den Kapitalismus &#8211; weltweit. Die SAV ist Teil des &#8218;Komitees f\u00fcr eine Arbeiterinternationale&#8216; (CWI) mit Schwesterorganisationen in \u00fcber vierzig L\u00e4ndern, die alle in der Bewegung aktiv sind. Mach mit!<\/p>\n","protected":false},"excerpt":{"rendered":"<p>1,4 Millionen in \u00fcber hundert L\u00e4ndern bei Fridays for Future<\/p>\n","protected":false},"author":243,"featured_media":37749,"comment_status":"closed","ping_status":"closed","sticky":false,"template":"","format":"standard","meta":[],"categories":[117],"tags":[1710,1615,1617,638,1117,695,948],"_links":{"self":[{"href":"https:\/\/archiv.sozialismus.info\/maschinenraum\/wp-json\/wp\/v2\/posts\/37771"}],"collection":[{"href":"https:\/\/archiv.sozialismus.info\/maschinenraum\/wp-json\/wp\/v2\/posts"}],"about":[{"href":"https:\/\/archiv.sozialismus.info\/maschinenraum\/wp-json\/wp\/v2\/types\/post"}],"author":[{"embeddable":true,"href":"https:\/\/archiv.sozialismus.info\/maschinenraum\/wp-json\/wp\/v2\/users\/243"}],"replies":[{"embeddable":true,"href":"https:\/\/archiv.sozialismus.info\/maschinenraum\/wp-json\/wp\/v2\/comments?post=37771"}],"version-history":[{"count":2,"href":"https:\/\/archiv.sozialismus.info\/maschinenraum\/wp-json\/wp\/v2\/posts\/37771\/revisions"}],"predecessor-version":[{"id":38096,"href":"https:\/\/archiv.sozialismus.info\/maschinenraum\/wp-json\/wp\/v2\/posts\/37771\/revisions\/38096"}],"wp:featuredmedia":[{"embeddable":true,"href":"https:\/\/archiv.sozialismus.info\/maschinenraum\/wp-json\/wp\/v2\/media\/37749"}],"wp:attachment":[{"href":"https:\/\/archiv.sozialismus.info\/maschinenraum\/wp-json\/wp\/v2\/media?parent=37771"}],"wp:term":[{"taxonomy":"category","embeddable":true,"href":"https:\/\/archiv.sozialismus.info\/maschinenraum\/wp-json\/wp\/v2\/categories?post=37771"},{"taxonomy":"post_tag","embeddable":true,"href":"https:\/\/archiv.sozialismus.info\/maschinenraum\/wp-json\/wp\/v2\/tags?post=37771"}],"curies":[{"name":"wp","href":"https:\/\/api.w.org\/{rel}","templated":true}]}}