{"id":37716,"date":"2019-03-20T06:43:01","date_gmt":"2019-03-20T05:43:01","guid":{"rendered":"https:\/\/www.sozialismus.info\/?p=37716"},"modified":"2019-06-11T14:17:47","modified_gmt":"2019-06-11T12:17:47","slug":"organisierte-gewerkschaftslinke-noetig","status":"publish","type":"post","link":"https:\/\/archiv.sozialismus.info\/maschinenraum\/2019\/03\/organisierte-gewerkschaftslinke-noetig\/","title":{"rendered":"Organisierte Gewerkschaftslinke n\u00f6tig"},"content":{"rendered":"<p><strong><img loading=\"lazy\" class=\"size-medium wp-image-37668 alignleft\" src=\"https:\/\/www.archiv.sozialismus.info\/maschinenraum\/wp-content\/uploads\/2019\/03\/Streik-Gewerkschaft-GEW-173x173.jpg\" alt=\"\" width=\"173\" height=\"173\" srcset=\"https:\/\/archiv.sozialismus.info\/maschinenraum\/wp-content\/uploads\/2019\/03\/Streik-Gewerkschaft-GEW-173x173.jpg 173w, https:\/\/archiv.sozialismus.info\/maschinenraum\/wp-content\/uploads\/2019\/03\/Streik-Gewerkschaft-GEW-768x768.jpg 768w, https:\/\/archiv.sozialismus.info\/maschinenraum\/wp-content\/uploads\/2019\/03\/Streik-Gewerkschaft-GEW-347x347.jpg 347w, https:\/\/archiv.sozialismus.info\/maschinenraum\/wp-content\/uploads\/2019\/03\/Streik-Gewerkschaft-GEW-600x600.jpg 600w, https:\/\/archiv.sozialismus.info\/maschinenraum\/wp-content\/uploads\/2019\/03\/Streik-Gewerkschaft-GEW.jpg 960w\" sizes=\"(max-width: 173px) 100vw, 173px\" \/>Erneuerung der Gewerkschaften durch Kurswechsel hin zu k\u00e4mpferischer Politik<\/strong><\/p>\n<p>Vom 15. bis 17. Februar fand die von der Rosa-Luxemburg-Stiftung ausgerichtete Konferenz &#8222;Aus unseren K\u00e4mpfen lernen&#8220; statt. Die vierte Konferenz f\u00fcr das erkl\u00e4rte Ziel einer Erneuerung der Gewerkschaften war mit \u00fcber 700 Teilnehmer*innen die gr\u00f6\u00dfte.<\/p>\n<p><em>von Angelika Teweleit, Berlin<\/em><\/p>\n<p>Auch dieses Mal waren viele j\u00fcngere hauptamtliche Sekret\u00e4r*innen dabei, von denen sicher viele politisch der LINKEN nahestehen. Betrieblich Aktive waren in der Unterzahl, aber dennoch spiegelte sich hier die Zunahme an Arbeitsk\u00e4mpfen einerseits in einigen Krankenh\u00e4usern und andererseits bei Betrieben mit prek\u00e4ren Arbeitsverh\u00e4ltnissen wider. Ein Arbeitskreis zur Frage, wie die Kampagne f\u00fcr mehr Personal in den Krankenh\u00e4usern weitergehen kann, platzte aus allen N\u00e4hten, weil hier Kolleg*innen aus dem Saarland, aus D\u00fcsseldorf und Essen, Augsburg und anderen Krankenh\u00e4usern \u00fcber ihre reichhaltigen Erfahrungen mit ihren Arbeitsk\u00e4mpfen beziehungsweise der Umsetzung der erk\u00e4mpften Vereinbarungen f\u00fcr Entlastung berichteten.<\/p>\n<h4>Verhaltene Kritik<\/h4>\n<p>Die Podiumsdiskussion mit Christine Behle, die auf dem Bundeskongress im Herbst f\u00fcr den stellvertretenden Vorsitz von ver.di kandidieren wird, sowie Marlis Tepe, Vorsitzende der GEW, und Hans-J\u00fcrgen Urban, Mitglied des gesch\u00e4ftsf\u00fchrenden IGM-Vorstands, wurde leider nicht f\u00fcr eine kritische Debatte genutzt. Bernd Riexinger, der als Vierter auf dem Podium sa\u00df, \u00e4u\u00dferte allenfalls milde Kritik, dass auch die Gewerkschaftsvorst\u00e4nde nicht immer richtig auf die Entwicklungen reagieren w\u00fcrden. Eine grundlegende Kritik an der sozialpartnerschaftlichen Ausrichtung, wie eine klassenk\u00e4mpferische Alternative aussehen soll, und wie wir gemeinsam in den Gewerkschaften daf\u00fcr k\u00e4mpfen k\u00f6nnen, wurde jedoch nicht diskutiert. Leider bleibt das Format der Konferenz dabei stehen, einzelne Erfolge darzustellen, verfehlt aber die Aufgabe, die Kolleg*innen, die f\u00fcr einen k\u00e4mpferischen Kurs streiten, tats\u00e4chlich zu vernetzen, um die gesamte Ausrichtung der Gewerkschaften zu ver\u00e4ndern.<\/p>\n<h4>Strategiekonferenz 2020<\/h4>\n<p>Acht Jahre nach der ersten Konferenz dieser Art ist das ein eklatantes Vers\u00e4umnis. Sechzehn Initiativen aus der Gewerkschaftslinken, dabei auch das von der SAV zusammen mit anderen ins Leben gerufene &#8222;Netzwerk f\u00fcr eine k\u00e4mpferische und demokratische ver.di&#8220;, haben deshalb einen Aufruf f\u00fcr eine st\u00e4rkere Vernetzung der linken und k\u00e4mpferischen Teile in den Gewerkschaften gestartet. In unserem gemeinsamen Flugblatt, welches auf der Konferenz verteilt wurde, hei\u00dft es: &#8222;Der Bedarf nach ernsthaften Diskussionen \u00fcber die Strategie der Gewerkschaften und zur tats\u00e4chlichen praktischen Zusammenarbeit ist gro\u00df. Wir m\u00f6chten deshalb anregen, dass aktive Kolleg*innen, die auch f\u00fcr einen k\u00e4mpferischen Kurs eintreten, dar\u00fcber beraten, wie sie gemeinsam an einem Strang ziehen k\u00f6nnen und sich f\u00fcr eine solche Ausrichtung der Gewerkschaften stark machen k\u00f6nnen.&#8220; Bei einem kurzen Randtreffen kamen etwa siebzig Kolleg*innen zusammen und weitere trugen sich auf einer Kontaktliste ein. Das zeigt, wie gro\u00df das Interesse daran ist. Kolleg*innen sind herzlich eingeladen, sich an der Vorbereitung der Konferenz zu beteiligen. Die Konferenz soll Anfang 2020 stattfinden, ein Vorbereitungstreffen gibt es aber bereits am 18. Mai, von 11 bis 17 Uhr in Frankfurt. F\u00fcr mehr Informationen und Flugbl\u00e4tter, bitte E-Mail an at@sav-online.de schicken.<\/p>\n","protected":false},"excerpt":{"rendered":"<p>Erneuerung der Gewerkschaften durch Kurswechsel hin zu k\u00e4mpferischer Politik<\/p>\n","protected":false},"author":243,"featured_media":37668,"comment_status":"closed","ping_status":"closed","sticky":false,"template":"","format":"standard","meta":[],"categories":[11],"tags":[1701,1212,328,1246,1239,297,695,1609],"_links":{"self":[{"href":"https:\/\/archiv.sozialismus.info\/maschinenraum\/wp-json\/wp\/v2\/posts\/37716"}],"collection":[{"href":"https:\/\/archiv.sozialismus.info\/maschinenraum\/wp-json\/wp\/v2\/posts"}],"about":[{"href":"https:\/\/archiv.sozialismus.info\/maschinenraum\/wp-json\/wp\/v2\/types\/post"}],"author":[{"embeddable":true,"href":"https:\/\/archiv.sozialismus.info\/maschinenraum\/wp-json\/wp\/v2\/users\/243"}],"replies":[{"embeddable":true,"href":"https:\/\/archiv.sozialismus.info\/maschinenraum\/wp-json\/wp\/v2\/comments?post=37716"}],"version-history":[{"count":3,"href":"https:\/\/archiv.sozialismus.info\/maschinenraum\/wp-json\/wp\/v2\/posts\/37716\/revisions"}],"predecessor-version":[{"id":38071,"href":"https:\/\/archiv.sozialismus.info\/maschinenraum\/wp-json\/wp\/v2\/posts\/37716\/revisions\/38071"}],"wp:featuredmedia":[{"embeddable":true,"href":"https:\/\/archiv.sozialismus.info\/maschinenraum\/wp-json\/wp\/v2\/media\/37668"}],"wp:attachment":[{"href":"https:\/\/archiv.sozialismus.info\/maschinenraum\/wp-json\/wp\/v2\/media?parent=37716"}],"wp:term":[{"taxonomy":"category","embeddable":true,"href":"https:\/\/archiv.sozialismus.info\/maschinenraum\/wp-json\/wp\/v2\/categories?post=37716"},{"taxonomy":"post_tag","embeddable":true,"href":"https:\/\/archiv.sozialismus.info\/maschinenraum\/wp-json\/wp\/v2\/tags?post=37716"}],"curies":[{"name":"wp","href":"https:\/\/api.w.org\/{rel}","templated":true}]}}