{"id":36937,"date":"2018-10-22T14:18:34","date_gmt":"2018-10-22T12:18:34","guid":{"rendered":"https:\/\/www.sozialismus.info\/?p=36937"},"modified":"2018-10-22T14:19:05","modified_gmt":"2018-10-22T12:19:05","slug":"baunatal-gewerkschaften-gegen-rechte-hetze","status":"publish","type":"post","link":"https:\/\/archiv.sozialismus.info\/maschinenraum\/2018\/10\/baunatal-gewerkschaften-gegen-rechte-hetze\/","title":{"rendered":"Baunatal: Gewerkschaften gegen rechte Hetze"},"content":{"rendered":"<p><strong><img loading=\"lazy\" class=\"size-medium wp-image-36938 alignleft\" src=\"https:\/\/www.archiv.sozialismus.info\/maschinenraum\/wp-content\/uploads\/2018\/10\/Anti-AfD-Brauntal-Antifa-Gewerkschaft-280x136.jpg\" alt=\"\" width=\"280\" height=\"136\" srcset=\"https:\/\/archiv.sozialismus.info\/maschinenraum\/wp-content\/uploads\/2018\/10\/Anti-AfD-Brauntal-Antifa-Gewerkschaft-280x136.jpg 280w, https:\/\/archiv.sozialismus.info\/maschinenraum\/wp-content\/uploads\/2018\/10\/Anti-AfD-Brauntal-Antifa-Gewerkschaft-768x373.jpg 768w, https:\/\/archiv.sozialismus.info\/maschinenraum\/wp-content\/uploads\/2018\/10\/Anti-AfD-Brauntal-Antifa-Gewerkschaft-560x272.jpg 560w, https:\/\/archiv.sozialismus.info\/maschinenraum\/wp-content\/uploads\/2018\/10\/Anti-AfD-Brauntal-Antifa-Gewerkschaft-600x292.jpg 600w, https:\/\/archiv.sozialismus.info\/maschinenraum\/wp-content\/uploads\/2018\/10\/Anti-AfD-Brauntal-Antifa-Gewerkschaft.jpg 2016w\" sizes=\"(max-width: 280px) 100vw, 280px\" \/>Wahlkampf der AfD gest\u00f6rt<\/strong><\/p>\n<p>W\u00e4hrend in der Bundeshauptstadt \u00fcber 240.000 Menschen auf der #Unteilbar-Demonstration klare Kante gegen Rechts und soziale K\u00fcrzungen gezeigt haben, gab es in Baunatal (nahe Kassel) eine AfD- Wahlveranstaltung mit Beatrix von Storch als Hauptrednerin, weshalb viele Antirassist*innen dort statt in Berlin protestierten.<\/p>\n<p><em>von Fabian Wei\u00df, Kassel<\/em><\/p>\n<p>Der Deutsche Gewerkschaftsbund DGB rief im B\u00fcndnis gegen Rechts zur Gegenkundgebung auf und mehr als 500 Menschen waren vor Ort. Auch Genoss*innen von der SAV waren aktiv und haben im Vorfeld auch das B\u00fcndnis unterst\u00fctzt.<\/p>\n<p>Gute Reden wurden unter anderem vom VW-Betriebsrat Carsten B\u00e4tzold gehalten, der argumentierte, dass die etablierten Parteien nicht thematisch der AfD hinterherlaufen sollen. Wer hetze, mache sich schuldig, wenn Angst entsteht. Die Gesch\u00e4ftsf\u00fchrerin des DGB Nordhessen, Jenny Huschke, erw\u00e4hnte die j\u00fcngst eingerichteten Denunziationsportale der AfD f\u00fcr Sch\u00fcler*innen gegen ihre Lehrer*innen. Auch die Gewerkschaft Erziehung und Wissenschaft GEW hat beim Protest auf die Portale aufmerksam gemacht und deren Schlie\u00dfung gefordert. Gemeinsam konnte ein klares Zeichen gegen die Hetze gesetzt werden.<\/p>\n<p><img loading=\"lazy\" class=\"size-medium wp-image-36939 alignleft\" src=\"https:\/\/www.archiv.sozialismus.info\/maschinenraum\/wp-content\/uploads\/2018\/10\/Brauntal-280x158.jpg\" alt=\"\" width=\"280\" height=\"158\" srcset=\"https:\/\/archiv.sozialismus.info\/maschinenraum\/wp-content\/uploads\/2018\/10\/Brauntal-280x158.jpg 280w, https:\/\/archiv.sozialismus.info\/maschinenraum\/wp-content\/uploads\/2018\/10\/Brauntal-768x432.jpg 768w, https:\/\/archiv.sozialismus.info\/maschinenraum\/wp-content\/uploads\/2018\/10\/Brauntal-560x315.jpg 560w, https:\/\/archiv.sozialismus.info\/maschinenraum\/wp-content\/uploads\/2018\/10\/Brauntal-600x338.jpg 600w\" sizes=\"(max-width: 280px) 100vw, 280px\" \/>Von der Linksjugend [\u2018solid] Kassel, darunter auch SAV-Mitglieder, gab es auch im Saal der AfD-Veranstaltung eine kleine St\u00f6raktion mit Plakaten. Beatrix von Storch musste ihre Hetze zumindest kurzfristig unterbrechen.<\/p>\n","protected":false},"excerpt":{"rendered":"<p>Wahlkampf der AfD gest\u00f6rt<\/p>\n","protected":false},"author":243,"featured_media":36938,"comment_status":"closed","ping_status":"closed","sticky":false,"template":"","format":"standard","meta":[],"categories":[8,5],"tags":[711,1383,1443,262,944,1246,786,1442],"_links":{"self":[{"href":"https:\/\/archiv.sozialismus.info\/maschinenraum\/wp-json\/wp\/v2\/posts\/36937"}],"collection":[{"href":"https:\/\/archiv.sozialismus.info\/maschinenraum\/wp-json\/wp\/v2\/posts"}],"about":[{"href":"https:\/\/archiv.sozialismus.info\/maschinenraum\/wp-json\/wp\/v2\/types\/post"}],"author":[{"embeddable":true,"href":"https:\/\/archiv.sozialismus.info\/maschinenraum\/wp-json\/wp\/v2\/users\/243"}],"replies":[{"embeddable":true,"href":"https:\/\/archiv.sozialismus.info\/maschinenraum\/wp-json\/wp\/v2\/comments?post=36937"}],"version-history":[{"count":1,"href":"https:\/\/archiv.sozialismus.info\/maschinenraum\/wp-json\/wp\/v2\/posts\/36937\/revisions"}],"predecessor-version":[{"id":36940,"href":"https:\/\/archiv.sozialismus.info\/maschinenraum\/wp-json\/wp\/v2\/posts\/36937\/revisions\/36940"}],"wp:featuredmedia":[{"embeddable":true,"href":"https:\/\/archiv.sozialismus.info\/maschinenraum\/wp-json\/wp\/v2\/media\/36938"}],"wp:attachment":[{"href":"https:\/\/archiv.sozialismus.info\/maschinenraum\/wp-json\/wp\/v2\/media?parent=36937"}],"wp:term":[{"taxonomy":"category","embeddable":true,"href":"https:\/\/archiv.sozialismus.info\/maschinenraum\/wp-json\/wp\/v2\/categories?post=36937"},{"taxonomy":"post_tag","embeddable":true,"href":"https:\/\/archiv.sozialismus.info\/maschinenraum\/wp-json\/wp\/v2\/tags?post=36937"}],"curies":[{"name":"wp","href":"https:\/\/api.w.org\/{rel}","templated":true}]}}