{"id":36764,"date":"2018-10-02T07:00:42","date_gmt":"2018-10-02T05:00:42","guid":{"rendered":"https:\/\/www.sozialismus.info\/?p=36764"},"modified":"2018-10-02T13:00:29","modified_gmt":"2018-10-02T11:00:29","slug":"aufruf-zu-unteilbar","status":"publish","type":"post","link":"https:\/\/archiv.sozialismus.info\/maschinenraum\/2018\/10\/aufruf-zu-unteilbar\/","title":{"rendered":"#Unteilbar-Gro\u00dfdemonstration: Solidarit\u00e4t statt Ausgrenzung"},"content":{"rendered":"<p><a href=\"https:\/\/www.facebook.com\/events\/1314715058664674\/\"><img loading=\"lazy\" class=\"alignleft wp-image-36765 size-medium\" src=\"https:\/\/www.archiv.sozialismus.info\/maschinenraum\/wp-content\/uploads\/2018\/10\/unteilbar-173x173.jpg\" alt=\"\" width=\"173\" height=\"173\" srcset=\"https:\/\/archiv.sozialismus.info\/maschinenraum\/wp-content\/uploads\/2018\/10\/unteilbar-173x173.jpg 173w, https:\/\/archiv.sozialismus.info\/maschinenraum\/wp-content\/uploads\/2018\/10\/unteilbar-347x347.jpg 347w, https:\/\/archiv.sozialismus.info\/maschinenraum\/wp-content\/uploads\/2018\/10\/unteilbar-600x600.jpg 600w, https:\/\/archiv.sozialismus.info\/maschinenraum\/wp-content\/uploads\/2018\/10\/unteilbar.jpg 748w\" sizes=\"(max-width: 173px) 100vw, 173px\" \/><\/a><\/p>\n<p><strong>Die Grenzen verlaufen zwischen oben und unten &#8211;\u00a0Rassismus den Boden entziehen!<\/strong><\/p>\n<p><em>Flyer und Aufruf der SAV zur #Unteilbar-Demonstration am 13.10. in Berlin <\/em><\/p>\n<p><em>(<\/em><em>Link zur Facebook-Veranstaltung:\u00a0<a href=\"https:\/\/www.facebook.com\/events\/1314715058664674\/\">https:\/\/www.facebook.com\/events\/1314715058664674\/<\/a>)<\/em><\/p>\n<ul>\n<li>Kommt mit uns zur #unteilbar-Demonstration am 13.10. in Berlin<\/li>\n<li>Setzen wir ein entschlossenes Zeichen gegen Rassismus und soziale Ausgrenzung und machen die Demonstration zum Ausgangspunkt f\u00fcr breiten Widerstand gegen Rechts<\/li>\n<\/ul>\n<ul>\n<li><strong>Aktiv werden f\u00fcr eine Soziale Offensive gegen Kapitalmacht &amp; Rassismus<\/strong>\n<ul>\n<li>F\u00fcr g\u00fcnstige Wohnungen, h\u00f6here L\u00f6hne und mehr Personal<\/li>\n<li>Gegen Ausgrenzung und Abschiebungen<\/li>\n<li>Gleiche Rechte f\u00fcr alle<\/li>\n<\/ul>\n<\/li>\n<\/ul>\n<p>Die letzten Wochen waren schockierend: Neonazis ziehen ungehindert durch die Stra\u00dfen und attackieren dabei Menschen, die nicht in ihr Weltbild passen. Gleichzeitig erreicht die AfD in bundesweiten Umfragen erstmals den zweiten Platz und die Regierungen der EU entscheiden sich daf\u00fcr, Gefl\u00fcchtete im Mittelmeer ertrinken zu lassen.<\/p>\n<p>Die rechte Hetze macht Migrant*innen zu S\u00fcndenb\u00f6cken f\u00fcr soziale Probleme. Aber Gefl\u00fcchtete sind nicht schuld an Armut, Pflegenotstand und Wohnungsnot, sondern die Regierung und die hinter ihnen stehenden Bosse von Banken und Konzernen. Gleichzeitig vertreten AfD und Co. nicht nur rassistische und frauenfeindliche Positionen, sondern stehen auch f\u00fcr eine Politik im Interesse der Reichen. Echte soziale Verbesserungen, bezahlbaren Wohnraum, h\u00f6here L\u00f6hne und ein gutes Leben f\u00fcr alle k\u00f6nnen wir nur gemeinsam von unten erk\u00e4mpfen.<\/p>\n<h4>Gauland macht die Hetze \u2013 Merkel die Gesetze<\/h4>\n<p>Auf den Staat und die etablierten Parteien k\u00f6nnen wir uns nicht verlassen. Die Polizei wird auf Umweltsch\u00fctzer*innen losgelassen, w\u00e4hrend Neonazis randalieren d\u00fcrfen. Die Bundesregierung, inklusive SPD, schafft nicht nur durch ihre unsoziale Politik die Grundlage f\u00fcr den Aufstieg von Nazis und AfD, sondern st\u00e4rkt den Rechtsruck auch direkt durch rassistische Gesetze oder die Bef\u00f6rderung von rechten Hardlinern wie Hans-Georg Maa\u00dfen.<\/p>\n<h4>Selbst aktiv werden!<\/h4>\n<p>Aber seit Monaten demonstrieren auch Zehntausende bundesweit gegen Rassismus, neue Polizeigesetze, Mietenwahnsinn und verhindern die Zerst\u00f6rung des Hambacher Forst. Nutzen wir die #unteilbar-Demonstration als Start f\u00fcr einen soziale Offensive gegen Rassismus und die Macht der Banken und Konzerne und organisieren wir uns in antirassistischen Projekten, Mieter*inneninitiativen, Gewerkschaften und der LINKEN!<\/p>\n<h4>Die LINKE und Gewerkschaften!<\/h4>\n<p>LINKE und Gewerkschaften haben eine besondere Verantwortung beim Kampf gegen Rechts. Sie m\u00fcssen ihre St\u00e4rke und Strukturen nutzen und die Mobilisierung zu unteilbar mit lokalen K\u00e4mpfen gegen Rassismus und f\u00fcr soziale Verbesserungen verbinden. Wir brauchen eine aktive Kampagne der Gewerkschaften in den Betrieben um zu zeigen, dass wir uns nicht in deutsche und migrantische Besch\u00e4ftigte spalten lassen, sondern gemeinsam f\u00fcr bessere Arbeitsbedingungen k\u00e4mpfen.<\/p>\n<h4>F\u00fcr eine sozialistische Alternative \u2013 werde mit uns aktiv!<\/h4>\n<p>Die SAV (Sozialistische Alternative) ist bundesweit aktiv in antirassistischen Bewegungen, unterst\u00fctzt Streiks, wie aktuelle im Pflegebereich und setzt sich in der LINKEN daf\u00fcr ein, eine sozialistische Alternative zu den etablierten Parteien aufzubauen, um der AfD den Boden zu entziehen. Wir sind der Meinung, dass es \u201ekeinen Kapitalismus ohne Rassismus\u201c gibt und k\u00e4mpfen deshalb auch f\u00fcr die \u00dcberwindung des Kapitalismus und f\u00fcr einen demokratischen Sozialismus &#8211; in dem alle, unabh\u00e4ngig von Hautfarbe, Herkunft oder Geschlecht, die M\u00f6glichkeit zu einem guten Leben haben.<\/p>\n","protected":false},"excerpt":{"rendered":"<p>Die Grenzen verlaufen zwischen oben und unten &#8211;\u00a0Rassismus den Boden entziehen!<\/p>\n","protected":false},"author":243,"featured_media":36765,"comment_status":"closed","ping_status":"closed","sticky":false,"template":"","format":"standard","meta":[],"categories":[3],"tags":[1141,711,1366,1409,1365,880,297,1416],"_links":{"self":[{"href":"https:\/\/archiv.sozialismus.info\/maschinenraum\/wp-json\/wp\/v2\/posts\/36764"}],"collection":[{"href":"https:\/\/archiv.sozialismus.info\/maschinenraum\/wp-json\/wp\/v2\/posts"}],"about":[{"href":"https:\/\/archiv.sozialismus.info\/maschinenraum\/wp-json\/wp\/v2\/types\/post"}],"author":[{"embeddable":true,"href":"https:\/\/archiv.sozialismus.info\/maschinenraum\/wp-json\/wp\/v2\/users\/243"}],"replies":[{"embeddable":true,"href":"https:\/\/archiv.sozialismus.info\/maschinenraum\/wp-json\/wp\/v2\/comments?post=36764"}],"version-history":[{"count":17,"href":"https:\/\/archiv.sozialismus.info\/maschinenraum\/wp-json\/wp\/v2\/posts\/36764\/revisions"}],"predecessor-version":[{"id":36800,"href":"https:\/\/archiv.sozialismus.info\/maschinenraum\/wp-json\/wp\/v2\/posts\/36764\/revisions\/36800"}],"wp:featuredmedia":[{"embeddable":true,"href":"https:\/\/archiv.sozialismus.info\/maschinenraum\/wp-json\/wp\/v2\/media\/36765"}],"wp:attachment":[{"href":"https:\/\/archiv.sozialismus.info\/maschinenraum\/wp-json\/wp\/v2\/media?parent=36764"}],"wp:term":[{"taxonomy":"category","embeddable":true,"href":"https:\/\/archiv.sozialismus.info\/maschinenraum\/wp-json\/wp\/v2\/categories?post=36764"},{"taxonomy":"post_tag","embeddable":true,"href":"https:\/\/archiv.sozialismus.info\/maschinenraum\/wp-json\/wp\/v2\/tags?post=36764"}],"curies":[{"name":"wp","href":"https:\/\/api.w.org\/{rel}","templated":true}]}}