{"id":36557,"date":"2018-09-09T09:41:05","date_gmt":"2018-09-09T07:41:05","guid":{"rendered":"https:\/\/www.sozialismus.info\/?p=36557"},"modified":"2018-09-08T09:18:36","modified_gmt":"2018-09-08T07:18:36","slug":"schutz-und-solidaritaet-fuer-alle-fluechtlinge","status":"publish","type":"post","link":"https:\/\/archiv.sozialismus.info\/maschinenraum\/2018\/09\/schutz-und-solidaritaet-fuer-alle-fluechtlinge\/","title":{"rendered":"Schutz und Solidarit\u00e4t f\u00fcr alle Fl\u00fcchtlinge!"},"content":{"rendered":"<p><a href=\"https:\/\/www.archiv.sozialismus.info\/maschinenraum\/wp-content\/uploads\/2014\/08\/refugee_streik-e1409062209148.jpg\"><img loading=\"lazy\" class=\"alignleft size-medium wp-image-28800\" src=\"https:\/\/www.archiv.sozialismus.info\/maschinenraum\/wp-content\/uploads\/2014\/08\/refugee_streik-e1409062209148-280x173.jpg\" alt=\"\" width=\"280\" height=\"173\" srcset=\"https:\/\/archiv.sozialismus.info\/maschinenraum\/wp-content\/uploads\/2014\/08\/refugee_streik-e1409062209148-280x173.jpg 280w, https:\/\/archiv.sozialismus.info\/maschinenraum\/wp-content\/uploads\/2014\/08\/refugee_streik-e1409062209148-162x100.jpg 162w, https:\/\/archiv.sozialismus.info\/maschinenraum\/wp-content\/uploads\/2014\/08\/refugee_streik-e1409062209148-560x347.jpg 560w, https:\/\/archiv.sozialismus.info\/maschinenraum\/wp-content\/uploads\/2014\/08\/refugee_streik-e1409062209148-600x371.jpg 600w, https:\/\/archiv.sozialismus.info\/maschinenraum\/wp-content\/uploads\/2014\/08\/refugee_streik-e1409062209148-534x330.jpg 534w, https:\/\/archiv.sozialismus.info\/maschinenraum\/wp-content\/uploads\/2014\/08\/refugee_streik-e1409062209148.jpg 642w\" sizes=\"(max-width: 280px) 100vw, 280px\" \/><\/a>Kriege, Hunger und Elend, Umweltkatastrophen zwingen immer mehr Menschen zur Flucht. Nur ein kleiner Teil von ihnen erreicht Europa. In ihrer Verzweiflung riskieren sie bei dem Versuch, die Festung Europa zu erreichen, ihr Leben. Tausende verlieren es dabei.<\/p>\n<p>Schutz und Solidarit\u00e4t f\u00fcr die Gefl\u00fcchteten ist notwendig. Das haben Millionen Menschen erkannt und Hilfe geleistet. 2017 waren das 15,5 Millionen Menschen allein in Deutschland und damit fast drei Mal so viele wie es AfD-W\u00e4hlerInnen gab. Gleichzeitig erleben wir Hetze und Gewalt gegen Fl\u00fcchtlinge. Sogenannter Asylkompromiss und Masterplan Migration versch\u00e4rfen die Lage.<\/p>\n<p>Gewerkschaften, DIE LINKE und antirassistische Initiativen m\u00fcssen die Verantwortlichen f\u00fcr die Fluchtbewegungen benennen, sich gegen Spaltung einsetzen und deutlich machen, dass die Gefl\u00fcchteten keine \u00dcberforderung f\u00fcr die Gesellschaft und die \u00f6ffentlichen Kassen darstellen muss \u2013 wenn diejenigen zur Kasse gebeten w\u00fcrden, die seit Jahren und Jahrzehnten von dem Elend der Menschen in anderen Teilen der Welt profitieren.<\/p>\n<p>Rassismus, Diskriminierung und Spaltung setzen wir den gemeinsamen Kampf f\u00fcr soziale Rechte und Verbesserungen f\u00fcr alle \u2013 gleich welcher Hautfarbe, Nationalit\u00e4t und Religionszugeh\u00f6rigkeit, egal ob Fl\u00fcchtling oder nicht \u2013 entgegen.<\/p>\n<p>Hier stellen wir die Forderungen der SAV vor. Wir rufen dazu auf, sich in Gewerkschaften, LINKE und antirassistischen Gruppen f\u00fcr diese einzusetzen.<\/p>\n<h2>Schutz und Solidarit\u00e4t f\u00fcr alle Fl\u00fcchtlinge! Nein zur Festung Europa<\/h2>\n<ul>\n<li>Sofortige R\u00fccknahme der Verschlechterungen des Asylrechts. Nein zu Seehofers \u201cMasterplan\u201d.<\/li>\n<li>Frontex abschaffen, Grenzz\u00e4une an den Au\u00dfengrenzen einrei\u00dfen, Aufhebung des \u201eSichere Herkunftsl\u00e4nder\u201c-Status<\/li>\n<li>Dublin-III-Abkommen beenden \u2013 f\u00fcr das Recht im Land seiner Wahl einen Asylantrag zu stellen<\/li>\n<li>F\u00fcr sichere und legale Einreisem\u00f6glichkeiten f\u00fcr AsylbewerberInnen in die EU und nach Deutschland<\/li>\n<li>Grundrecht auf Asyl, wenn Leib und Leben aufgrund von politischer und gewerkschaftlicher Bet\u00e4tigung, nationaler, religi\u00f6ser oder ethnischer Zugeh\u00f6rigkeit, sexueller Orientierung, Geschlecht, Krieg, Umweltzerst\u00f6rung und sozialer Not, durch staatliche und nichtstaatliche Verfolgung gef\u00e4hrdet sind<\/li>\n<li>F\u00fcr das uneingeschr\u00e4nkte Recht auf Familienzusammenf\u00fchrung<\/li>\n<\/ul>\n<h2>Fluchtursachen bek\u00e4mpfen<\/h2>\n<ul>\n<li>Abzug aller Bundeswehrsoldaten von den Auslandseins\u00e4tzen<\/li>\n<li>Schluss mit der Unterst\u00fctzung Kriege f\u00fchrender bzw. diktatorischer Staaten<\/li>\n<li>Verbot von R\u00fcstungsexporten &#8211; \u00dcberf\u00fchrung der R\u00fcstungsindustrie in demokratisches, \u00f6ffentliches Eigentum, Umwandlung auf zivile Produktion bei Arbeitsplatzgarantie<\/li>\n<li>Schluss mit der wirtschaftlichen Ausbeutung anderer L\u00e4nder, Schluss mit Freihandelsabkommen, Deregulierung, Privatisierung, \u201eStrukturanpassungsprogrammen\u201c von IWF, Weltbank, EZB.<\/li>\n<\/ul>\n<h2>Kein Mensch ist illegal<\/h2>\n<ul>\n<li>Nein zu Abschiebungen \u2013 Bleiberecht f\u00fcr Alle \u2013 Schlie\u00dfung von Abschiebegef\u00e4ngnissen<\/li>\n<li>Nein zu rassistischen Sondergesetzen f\u00fcr MigrantInnen<\/li>\n<li>Gegen staatlichen Rassismus und Diskriminierung aufgrund von Nationalit\u00e4t, Hautfarbe, Religionszugeh\u00f6rigkeit<\/li>\n<li>Gleiche Rechte f\u00fcr Alle, die ihren Lebensmittelpunkt in Deutschland haben<\/li>\n<\/ul>\n<h2>Hilfe und Schutz f\u00fcr Fl\u00fcchtlinge<\/h2>\n<ul>\n<li>Schaffung von Aktionsgruppen zum Schutz von Fl\u00fcchtlingsunterk\u00fcnften und zur Verhinderung von Abschiebungen. Voller Anspruch auf Gesundheits- und Sozialleistungen<\/li>\n<li>Keine Verk\u00fcrzung der Widerspruchsfrist im Asylverfahren<\/li>\n<li>Umsetzung der Schulpflicht f\u00fcr gefl\u00fcchtete Kinder. Kostenlose Deutsch-Kurse und Angebote zur Berufsbildung f\u00fcr alle Fl\u00fcchtlinge<\/li>\n<li>Nur wer seine Rechte kennt, kann sie auch einfordern. Kostenlose Rechtshilfe und Dolmetscher f\u00fcr alle Fl\u00fcchtlinge an den Grenzen, in den Registrierstellen, \u00c4mtern und Unterk\u00fcnften!<\/li>\n<\/ul>\n<h2>Keine Gesch\u00e4ftemacherei mit dem Fl\u00fcchtlingselend<\/h2>\n<ul>\n<li>Die Schaffung von legalen Einreisem\u00f6glichkeiten w\u00fcrde den Schleppern das Handwerk legen<\/li>\n<li>Fl\u00fcchtlinge sollten m\u00f6glichst dezentral untergebracht werden und die M\u00f6glichkeit bekommen, selbstbestimmt zu leben.<\/li>\n<li>Nein zum Betrieb von Fl\u00fcchtlingsunterk\u00fcnften durch private Unternehmen<\/li>\n<li>Finanzierung der Kosten der Fl\u00fcchtlingsunterbringung und Versorgung durch diejenigen, die die Verursacher von Kriegen, Umweltzerst\u00f6rung und Armut sind: Banken, Konzerne und deren superreiche Eigent\u00fcmer.<\/li>\n<\/ul>\n<h2>Wir lassen uns nicht spalten! Wohnungen und Arbeit f\u00fcr Alle!<\/h2>\n<ul>\n<li>Jeder Mensch, egal ob Fl\u00fcchtling oder nicht, braucht eine bezahlbare Wohnung. Jeder Mensch, egal ob Fl\u00fcchtling oder nicht, sollte die M\u00f6glichkeit haben, eine sinnvolle, gute bezahlte T\u00e4tigkeit aus\u00fcben zu d\u00fcrfen. Jeder Mensch, egal ob Fl\u00fcchtling oder nicht, hat das Recht auf eine w\u00fcrdige soziale Mindestsicherung, wenn die Gesellschaft keine Arbeitspl\u00e4tze zur Verf\u00fcgung stellt.<\/li>\n<li>Beschlagnahme von ungerechtfertigt leerstehenden Wohnungen, B\u00fcros und gewerblichen Geb\u00e4ude. Demokratische Kontrolle dar\u00fcber durch Mieterinitiativen, gew\u00e4hlte Mieter- und Fl\u00fcchtlings-, Studierenden- und Gewerkschaftsvertreter.<\/li>\n<li>F\u00fcr ein vom Bund finanziertes Sofortprogramm zur Schaffung von 250.000 kommunalen Sozialwohnungen<\/li>\n<li>Ein umfassendes \u00f6ffentliches Investitionsprogramm zum Ausbau von Kitas, Schulen, sozialer Arbeit, Sport- und Freizeitst\u00e4tten<\/li>\n<li>Gleicher Lohn f\u00fcr gleiche Arbeit \u2013 Abschaffung diskriminierender Regeln und Gesetze bei der Arbeitsplatzvergabe \u2013 Mindestlohn von 12 Euro f\u00fcr Alle<\/li>\n<li>Schaffung von \u00f6ffentlichen, tariflich bezahlten Arbeits- und Ausbildungspl\u00e4tzen.<\/li>\n<li>Verteilung der vorhandenen Arbeit auf alle durch Arbeitszeitverk\u00fcrzung bei vollem Lohn- und Personalausgleich<\/li>\n<li>Statt Hartz IV oder Sachleistungen: Mindestsicherung von 750 Euro plus Warmmiete f\u00fcr Alle \u2013 egal ob Fl\u00fcchtling oder nicht<\/li>\n<\/ul>\n<h2>Gemeinsam k\u00e4mpfen!<\/h2>\n<ul>\n<li>Gewerkschaftliche Organisierung von Fl\u00fcchtlingen, migrantischer ArbeiterInnen und Erwerbsloser in den DGB-Gewerkschaften und gemeinsamer Kampf gegen die sozialen Ursachen von Rassismus<\/li>\n<li>F\u00fcr die St\u00e4rkung der Selbstorganisation der Fl\u00fcchtlinge \u2013 Schaffung von demokratisch gew\u00e4hlten Fl\u00fcchtlingskomitees und Vernetzung auf regionaler und bundesweiter Ebene<\/li>\n<li>F\u00fcr eine antirassistische Kampagne durch die Gewerkschaften, LINKE, antirassistische Gruppen und Migrantenorganisationen.<\/li>\n<\/ul>\n<h2>Die Reichen sollen zahlen!<\/h2>\n<ul>\n<li>Einf\u00fchrung einer einmaligen Abgabe von 25 Prozent auf alle Verm\u00f6gen \u00fcber eine Milliarde Euro und einer j\u00e4hrlichen Verm\u00f6genssteuer von zehn Prozent auf Verm\u00f6gen \u00fcber einer Million Euro zur Finanzierung dieser Kosten und sozialer Investitionen f\u00fcr Alle<\/li>\n<li>\u00dcbernahme aller Kosten zur Versorgung und Unterbringung von Fl\u00fcchtlingen durch den Bund<\/li>\n<\/ul>\n<h2>Die Fluchtursache hei\u00dft Kapitalismus<\/h2>\n<ul>\n<li>\u00dcberf\u00fchrung der gro\u00dfen Banken und Konzerne in \u00f6ffentliches Eigentum bei demokratischer Kontrolle und Verwaltung durch die arbeitende Bev\u00f6lkerung<\/li>\n<li>Demokratische Planung und Kooperation statt Konkurrenz und Produktion f\u00fcr den Profit<\/li>\n<li>F\u00fcr sozialistische Demokratie weltweit<\/li>\n<\/ul>\n<h1>Gegenwind f\u00fcr \u201eHeimat-Horst\u201c<\/h1>\n<p><strong>J\u00fcngste Versch\u00e4rfungen der Abschottungspolitik rufen Widerstand hervor<\/strong><\/p>\n<p>Ein Papier mit dem unverdienterma\u00dfen grandios klingenden Namen \u201eMasterplan\u201c hat mehrere Wochen die politische Agenda bestimmt. Hintergrund war der Versuch von Bundesinnenminister Seehofer, sich als Hardliner in der Asyl- und Migrationspolitik gegen\u00fcber Kanzlerin Merkel abzugrenzen und die angesichts der erstarkenden AfD bedrohte absolute Mehrheit der CSU bei den bayerischen Landtagswahlen im Oktober zu retten.<\/p>\n<p><em>Von Shane McInerny, Stutgart<\/em><\/p>\n<p>Die Stimmungsmache funktioniert nach dem gleichen Muster: Themen Rund um Asyl und Migration werden in Boulevardmedien und von PolitikerInnen in Talkshows auf tendenzi\u00f6ser, verallgemeinernder und irref\u00fchrender Weise zu gro\u00dfen politischen Aufregern hochstilisiert, die sofortige Reaktionen seitens der Regierung einfordern. So hatte bereits vor dem Sommertheater um Seehofers \u201eMasterplan\u201c der vermeintliche \u201eSkandal\u201c in der Bremer Au\u00dfenstelle des Bundesamts f\u00fcr Migration und Fl\u00fcchtlinge gro\u00dfe Wellen geschlagen. Die urspr\u00fcnglichen Vorw\u00fcrfe, es seien \u201emassenhaft\u201c zu Unrecht Asylantr\u00e4ge positiv beschieden worden und es habe korrupte Machenschaften zwischen der Leiterin der Au\u00dfenstelle und Anw\u00e4ltInnen der Asylsuchenden gegeben (der CSU-Politiker Stephan Mayer sprach von \u201ehochkriminellem und bandenm\u00e4\u00dfigem Verhalten\u201c, eine \u00c4u\u00dferung, deren Wiederholung ihm gerichtlich untersagt wurde), haben sich in Luft aufgel\u00f6st.<\/p>\n<p>Doch es ging nahtlos weiter mit dem Aufbauschen von Nichtigkeiten, wie die Zur\u00fcckweisung an den Grenzen f\u00fcr Personen, die in anderen EU-Staaten Asylantr\u00e4ge gestellt haben. Die mit gro\u00dfer Fanfare ins Leben gerufene Bayerische Grenzpolizei hat im ersten Monat gerade eine einzige Person bei der \u201eunerlaubten Einreise\u201c erwischt (stern.de 15.8.2018).<\/p>\n<p>Versch\u00e4rfung der Abschottung<\/p>\n<p>Dennoch w\u00e4re es falsch, alles als Wahlkampfget\u00f6se ohne reale Folgen zu sehen. Seehofers B\u00fcndnis mit den rechten Regierungen \u00d6sterreichs und Italiens hat die Abschottung an den Binnen- und Au\u00dfengrenzen der EU weiter versch\u00e4rft. \u201eZur\u00fcckweisung an der Grenze hei\u00dft Zur\u00fcckweisung ins Meer\u201c, hatte der Bayrische Fl\u00fcchtlingsrat die Konsequenzen von Seehofers Alleingang korrekt vorhergesagt. Dass die Kriminalisierung der zivilen Seenotrettung im Mittelmeer und die Abweisung von Rettungsschiffen an H\u00e4fen in Italien und Malta in dieser Zeit zunehmen, ist kein Zufall.<\/p>\n<p>Widerstand<\/p>\n<p>Doch gleichzeitig hat diese unmenschliche Politik auch Widerstand hervorgerufen. Am 22. Juli demonstrierten gut 25.000 Personen in M\u00fcnchen unter dem Motto #ausgehetzt gegen die Stimmungsmache der CSU. In den letzten Wochen hat die Kampagne #Seebr\u00fccke mit einer Vielzahl von dezentralen Kundgebungen und Aktionen in hunderten von St\u00e4dten ein Zeichen gegen die Kriminalisierung der zivilen Seenotrettung gesetzt. Auch wenn diese Kampagnen teilweise in ihrer politischen Aussagen begrenzt sind \u2013 wenn sie etwa an die Bundesregierung oder die EU appellieren, die Menschenrechte zu achten oder sich nur auf die Frage der Seenotrettung konzentrieren \u2013 dennoch sind sie ein wichtiger Ansatzpunkt als m\u00f6glicher Beginn einer breiten Protestbewegung. Eine solche Bewegung darf aber nicht bei einer moralischen Verurteilung der Abschottungspolitik stehen bleiben. Sie muss auch den Kampf um Bleiberecht unterst\u00fctzen und die Verantwortung deutscher und europ\u00e4ischer Regierungen und Konzerne f\u00fcr Fluchtursachen benennen. Sie muss aber auch den Kampf um ein menschenw\u00fcrdiges Dasein f\u00fcr alle hier Lebenden aufnehmen. Wohnungsnot, Bildung und Rente sind Themen, die im realen Leben der gro\u00dfen Mehrheit der Bev\u00f6lkerung wichtig sind, aber angesichts der Aufregung um das Thema \u201eAsyl\u201c in der so genannten \u00f6ffentlichen Debatte kaum Beachtung finden. Mit einer Ausnahme: beim Thema Pflege ist es den Krankenhausbesch\u00e4ftigten, ver.di, lokalen B\u00fcndnissen und der LINKEN durch Streiks und Kampagnen gelungen, das Thema prominent in die \u00d6ffentlichkeit zu bringen und die Regierung zu ersten Zugest\u00e4ndnissen zu zwingen. Die antirassistische Bewegung muss Aktive und Betroffene aus diesen Bereichen als ihre Verb\u00fcndete ansehen und durch den gemeinsamen Kampf mit ihnen deutlich machen, dass nicht die Gefl\u00fcchteten, sondern der Kapitalismus eine existenzielle Bedrohung darstellt und bek\u00e4mpft werden muss.<\/p>\n","protected":false},"excerpt":{"rendered":"<p>J\u00fcngste Versch\u00e4rfungen der Abschottungspolitik rufen Widerstand hervor<\/p>\n","protected":false},"author":2,"featured_media":28800,"comment_status":"closed","ping_status":"closed","sticky":false,"template":"","format":"standard","meta":[],"categories":[4],"tags":[981,690,1369,880,1368],"_links":{"self":[{"href":"https:\/\/archiv.sozialismus.info\/maschinenraum\/wp-json\/wp\/v2\/posts\/36557"}],"collection":[{"href":"https:\/\/archiv.sozialismus.info\/maschinenraum\/wp-json\/wp\/v2\/posts"}],"about":[{"href":"https:\/\/archiv.sozialismus.info\/maschinenraum\/wp-json\/wp\/v2\/types\/post"}],"author":[{"embeddable":true,"href":"https:\/\/archiv.sozialismus.info\/maschinenraum\/wp-json\/wp\/v2\/users\/2"}],"replies":[{"embeddable":true,"href":"https:\/\/archiv.sozialismus.info\/maschinenraum\/wp-json\/wp\/v2\/comments?post=36557"}],"version-history":[{"count":1,"href":"https:\/\/archiv.sozialismus.info\/maschinenraum\/wp-json\/wp\/v2\/posts\/36557\/revisions"}],"predecessor-version":[{"id":36558,"href":"https:\/\/archiv.sozialismus.info\/maschinenraum\/wp-json\/wp\/v2\/posts\/36557\/revisions\/36558"}],"wp:featuredmedia":[{"embeddable":true,"href":"https:\/\/archiv.sozialismus.info\/maschinenraum\/wp-json\/wp\/v2\/media\/28800"}],"wp:attachment":[{"href":"https:\/\/archiv.sozialismus.info\/maschinenraum\/wp-json\/wp\/v2\/media?parent=36557"}],"wp:term":[{"taxonomy":"category","embeddable":true,"href":"https:\/\/archiv.sozialismus.info\/maschinenraum\/wp-json\/wp\/v2\/categories?post=36557"},{"taxonomy":"post_tag","embeddable":true,"href":"https:\/\/archiv.sozialismus.info\/maschinenraum\/wp-json\/wp\/v2\/tags?post=36557"}],"curies":[{"name":"wp","href":"https:\/\/api.w.org\/{rel}","templated":true}]}}