{"id":35631,"date":"2017-11-29T19:25:13","date_gmt":"2017-11-29T18:25:13","guid":{"rendered":"https:\/\/www.sozialismus.info\/?p=35631"},"modified":"2017-11-29T19:25:13","modified_gmt":"2017-11-29T18:25:13","slug":"unterstuetzung-fuer-krankenhaus-beschaeftigte","status":"publish","type":"post","link":"https:\/\/archiv.sozialismus.info\/maschinenraum\/2017\/11\/unterstuetzung-fuer-krankenhaus-beschaeftigte\/","title":{"rendered":"Unterst\u00fctzung f\u00fcr Krankenhaus-Besch\u00e4ftigte"},"content":{"rendered":"<p><strong><a href=\"https:\/\/www.archiv.sozialismus.info\/maschinenraum\/wp-content\/uploads\/2017\/11\/dachau-e1511979833408.jpg\"><img loading=\"lazy\" class=\"alignleft size-medium wp-image-35632\" src=\"https:\/\/www.archiv.sozialismus.info\/maschinenraum\/wp-content\/uploads\/2017\/11\/dachau-e1511979833408-280x173.jpg\" alt=\"\" width=\"280\" height=\"173\" srcset=\"https:\/\/archiv.sozialismus.info\/maschinenraum\/wp-content\/uploads\/2017\/11\/dachau-e1511979833408-280x173.jpg 280w, https:\/\/archiv.sozialismus.info\/maschinenraum\/wp-content\/uploads\/2017\/11\/dachau-e1511979833408-162x100.jpg 162w, https:\/\/archiv.sozialismus.info\/maschinenraum\/wp-content\/uploads\/2017\/11\/dachau-e1511979833408-768x475.jpg 768w, https:\/\/archiv.sozialismus.info\/maschinenraum\/wp-content\/uploads\/2017\/11\/dachau-e1511979833408-560x347.jpg 560w, https:\/\/archiv.sozialismus.info\/maschinenraum\/wp-content\/uploads\/2017\/11\/dachau-e1511979833408-600x371.jpg 600w, https:\/\/archiv.sozialismus.info\/maschinenraum\/wp-content\/uploads\/2017\/11\/dachau-e1511979833408-534x330.jpg 534w, https:\/\/archiv.sozialismus.info\/maschinenraum\/wp-content\/uploads\/2017\/11\/dachau-e1511979833408.jpg 1737w\" sizes=\"(max-width: 280px) 100vw, 280px\" \/><\/a>B\u00fcrgerInneninitiative f\u00fcr mehr Personal im Klinikum Dachau gegr\u00fcndet<\/strong><\/p>\n<p>Fresenius-Helios w\u00fcnscht man sich nicht als Arbeitgeber und ist man Patient, erst recht nicht als Krankenhausbetreiber. Laut ver.di ist die Zahl der ben\u00f6tigten nicht-besetzten Stellen im privaten Dachauer Helios-Klinikum alleine in den letzten drei Monaten von siebzig auf hundert gestiegen.<\/p>\n<p><em>Von Stefan Reifberger, M\u00fcnchen<\/em><\/p>\n<p>Nach vier Verhandlungsrunden und zwei Streiks weigert sich die Gesch\u00e4ftsf\u00fchrung noch immer die Besch\u00e4ftigten zu entlasten. Stattdessen h\u00e4lt der Konzern an seinem Ziel fest, innerhalb von sechs Jahren 12 bis 15 Prozent Gewinn aus dem Klinikum zu schlagen. Mit 111 Kliniken ist Fresenius-Helios der gr\u00f6\u00dfte private Krankenhausbetreiber Deutschlands.<\/p>\n<h4>B\u00fcrgerInneninitiative will die Pflege unterst\u00fctzen<\/h4>\n<p>Am 28.11. trafen sich zum zweiten Mal \u00fcber vierzig Menschen, darunter einige AktivistInnen der LINKEN und der SAV, um eine B\u00fcrgerInneninitiative f\u00fcr die Unterst\u00fctzung der Pflege zu starten. In der Dachauer Bev\u00f6lkerung sind die desastr\u00f6sen Zust\u00e4nde im Klinikum ein offenes Geheimnis. Die Arbeit der PflegerInnen wird gesch\u00e4tzt, aber es ist auch klar, dass mit der herrschenden Personalnot die Versorgung der PatientInnen nicht gesichert ist.<\/p>\n<h4>Rekommunalisierung ist notwendig<\/h4>\n<p>Immer wieder wurde beim Treffen die Forderung nach Rekommunalisierung laut. Viele erinnern sich, dass es einmal besser war\u2026 bevor der Landkreis das Klinikum 2005 an Rh\u00f6n verkaufte. Nach weiteren Verk\u00e4ufen 2009 besitzt der Landkreis jetzt nur noch 5,1 Prozent der Anteile. Die Forderungen der Besch\u00e4ftigten, nach Ausfall- und Konsequenzenmanagement, einer Mindesteinkommenserh\u00f6hung von neunzig Euro im Monat und mehr Personal werden also auf Dauer nur greifen, wenn das Klinikum wieder in \u00f6ffentliches Eigentum gebracht wird. Statt Fallpauschale und Schuldenbremse brauchen wir dann aber auch ein gut finanziertes Gesundheitssystem \u2013 das Geld daf\u00fcr liegt bei den Banken und Konzernen.<\/p>\n<h4>Proteste sind geplant<\/h4>\n<p>Nach nur vier Monaten geht der Dachauer Helios-Gesch\u00e4ftsf\u00fchrer Thomas Eberl, um den elterlichen Hotelbetrieb zu \u00fcbernehmen, wie vom Konzern kommuniziert wird. Es ist naheliegender, dass der erneute Wechsel an der Spitze mit dem Druck zusammenh\u00e4ngt, der in den letzten Monaten aufgebaut worden ist. In den kommenden Wochen wird die B\u00fcrgerInneninitiative Aktionen veranstalten um diesen Druck weiter zu erh\u00f6hen. Sollte es wieder zum Streik kommen, werden wir diesen unterst\u00fctzen und Proteste auf die Stra\u00dfe tragen.<\/p>\n","protected":false},"excerpt":{"rendered":"<p>B\u00fcrgerInneninitiative f\u00fcr mehr Personal im Klinikum Dachau gegr\u00fcndet<\/p>\n","protected":false},"author":2,"featured_media":35632,"comment_status":"closed","ping_status":"closed","sticky":false,"template":"","format":"standard","meta":[],"categories":[14],"tags":[262,1109,1110,695,799],"_links":{"self":[{"href":"https:\/\/archiv.sozialismus.info\/maschinenraum\/wp-json\/wp\/v2\/posts\/35631"}],"collection":[{"href":"https:\/\/archiv.sozialismus.info\/maschinenraum\/wp-json\/wp\/v2\/posts"}],"about":[{"href":"https:\/\/archiv.sozialismus.info\/maschinenraum\/wp-json\/wp\/v2\/types\/post"}],"author":[{"embeddable":true,"href":"https:\/\/archiv.sozialismus.info\/maschinenraum\/wp-json\/wp\/v2\/users\/2"}],"replies":[{"embeddable":true,"href":"https:\/\/archiv.sozialismus.info\/maschinenraum\/wp-json\/wp\/v2\/comments?post=35631"}],"version-history":[{"count":1,"href":"https:\/\/archiv.sozialismus.info\/maschinenraum\/wp-json\/wp\/v2\/posts\/35631\/revisions"}],"predecessor-version":[{"id":35633,"href":"https:\/\/archiv.sozialismus.info\/maschinenraum\/wp-json\/wp\/v2\/posts\/35631\/revisions\/35633"}],"wp:featuredmedia":[{"embeddable":true,"href":"https:\/\/archiv.sozialismus.info\/maschinenraum\/wp-json\/wp\/v2\/media\/35632"}],"wp:attachment":[{"href":"https:\/\/archiv.sozialismus.info\/maschinenraum\/wp-json\/wp\/v2\/media?parent=35631"}],"wp:term":[{"taxonomy":"category","embeddable":true,"href":"https:\/\/archiv.sozialismus.info\/maschinenraum\/wp-json\/wp\/v2\/categories?post=35631"},{"taxonomy":"post_tag","embeddable":true,"href":"https:\/\/archiv.sozialismus.info\/maschinenraum\/wp-json\/wp\/v2\/tags?post=35631"}],"curies":[{"name":"wp","href":"https:\/\/api.w.org\/{rel}","templated":true}]}}