{"id":34735,"date":"2017-06-14T14:52:11","date_gmt":"2017-06-14T12:52:11","guid":{"rendered":"https:\/\/www.sozialismus.info\/?p=34735"},"modified":"2017-06-09T10:25:25","modified_gmt":"2017-06-09T08:25:25","slug":"medien-oder-mitgliedergelenkte-partei","status":"publish","type":"post","link":"https:\/\/archiv.sozialismus.info\/maschinenraum\/2017\/06\/medien-oder-mitgliedergelenkte-partei\/","title":{"rendered":"Medien- oder mitgliedergelenkte Partei?"},"content":{"rendered":"<p><strong><img loading=\"lazy\" class=\"alignleft size-medium wp-image-34765\" src=\"https:\/\/www.archiv.sozialismus.info\/maschinenraum\/wp-content\/uploads\/2017\/06\/S11Linke1-1-e1496753787417-172x173.jpg\" alt=\"\" width=\"172\" height=\"173\" srcset=\"https:\/\/archiv.sozialismus.info\/maschinenraum\/wp-content\/uploads\/2017\/06\/S11Linke1-1-e1496753787417-172x173.jpg 172w, https:\/\/archiv.sozialismus.info\/maschinenraum\/wp-content\/uploads\/2017\/06\/S11Linke1-1-e1496753787417-768x775.jpg 768w, https:\/\/archiv.sozialismus.info\/maschinenraum\/wp-content\/uploads\/2017\/06\/S11Linke1-1-e1496753787417-344x347.jpg 344w, https:\/\/archiv.sozialismus.info\/maschinenraum\/wp-content\/uploads\/2017\/06\/S11Linke1-1-e1496753787417-600x600.jpg 600w, https:\/\/archiv.sozialismus.info\/maschinenraum\/wp-content\/uploads\/2017\/06\/S11Linke1-1-e1496753787417-32x32.jpg 32w, https:\/\/archiv.sozialismus.info\/maschinenraum\/wp-content\/uploads\/2017\/06\/S11Linke1-1-e1496753787417-200x200.jpg 200w, https:\/\/archiv.sozialismus.info\/maschinenraum\/wp-content\/uploads\/2017\/06\/S11Linke1-1-e1496753787417-300x300.jpg 300w, https:\/\/archiv.sozialismus.info\/maschinenraum\/wp-content\/uploads\/2017\/06\/S11Linke1-1-e1496753787417.jpg 918w\" sizes=\"(max-width: 172px) 100vw, 172px\" \/>Oder: Sloganwettbewerb f\u00fcrs Schaufenster<\/strong><\/p>\n<p>\u201eWir leben im Medienzeitalter\u201c ist ein gern genutzter Begriff in den Spitzengremien unserer Partei, um beispielsweise zu erkl\u00e4ren, warum diese oder jene Debatte nicht beim Parteitag gef\u00fchrt werden sollte. Das Argument wurde auch genutzt, um vor der Kandidatenaufstellung bei den Landesvertreterversammlungen Spitzenkandidat*innen f\u00fcr die Bundestagswahlen durch den Parteivorstand zu nominieren. Die Medien w\u00fcrden das so erwarten. Wir stellen nicht in Abrede, dass b\u00fcrgerliche Medien eine Personalisierung komplexer politischer Prozesse erwarten und die Aussagen der LINKEN verk\u00fcrzen und entstellen. Wir stellen in Abrede, dass unsere Partei sich zunehmend an b\u00fcrgerliche Normen anpassen muss und daf\u00fcr demokratische Rechte der Mitgliedschaft schleift.<\/p>\n<p><em>Dokumentiert: Erkl\u00e4rung von Thies Gleiss und Lucy Redler, BundessprecherInnen der AKL und Mitglieder im Parteivorstand<\/em><\/p>\n<p>Die Bundesprecher*innen der AKL im Parteivorstand, Thies Gleiss und Lucy Redler, hatten bereits gegen diese Vorgehensweise bei der Aufstellung der Spitzenkandidat*innen protestiert und ein anderes Prozedere zur Abstimmung gestellt. Wir blieben mit einigen wenigen anderen in der Minderheit.<\/p>\n<p>Die jetzige Vorgehensweise des Bundeswahlb\u00fcros beim vom Parteivorstand auf unseren Antrag beschlossenen Sloganwettbewerb macht uns fassungslos. Insgesamt wurden 700 Slogans durch unsere Basis eingereicht. Die Mitglieder sind, wie auch wir, davon ausgegangen, dass einige dieser Slogans sich auf den Plakaten der Partei im Wahlkampf wiederfinden werden. Bei der letzten Parteivorstandssitzung wurde uns dann erl\u00e4utert, dass der beste Slogan (der vom Bundeswahlb\u00fcro und nicht etwa vom Parteivorstand ausgew\u00e4hlt wird) mit einem Facebook-Posting (kein Scherz!) belohnt wird. Ist das wirklich euer Ernst? Hunderte Mitglieder beteiligen sich daran, gute Slogans zu finden und am Ende wird uns gesagt, dass das alles keine Auswirkung auf unser Auftreten im Wahlkampf hat, weil die Plakate aus einem Guss sein und ins Konzept der Werbeagentur passen m\u00fcssten. Liebes Bundeswahlb\u00fcro: Wir finden \u00c4sthetik nicht unwichtig, aber am wichtigsten finden wir, dass sich unsere Mitglieder im Wahlkampf mit ihren Vorschl\u00e4gen wiederfinden und begeistert in den Wahlkampf ziehen. So haben wir \u201eNeuer Sound des Zuh\u00f6rens\u201c jedenfalls verstanden. Wer diese Logik der \u201emediengelenkten Demokratie\u201c zu Ende denkt, landet irgendwann dabei, dass man das Schreiben des Wahlprogramms auch gleich an eine Agentur auslagern kann.<\/p>\n<p>Es geht dabei auch nicht nur um innerparteiliche Demokratie. Es geht um politische Kernforderungen unserer Partei. Die bisherigen Plakatvorschl\u00e4ge der Werbeagentur erf\u00fcllen die inhaltlichen Anforderungen unzureichend. Wir brauchen klare Aussagen mit konkreten messbaren Forderungen zu sozialen Themen wie beispielsweise 12 Euro Mindestlohn, 1050 Euro sanktionsfreie Mindestsicherung statt Hartz IV, Wohnungsneubau und Gesundheit\/mehr Personal im Krankenhaus. Die Themen Antirassismus und EU m\u00fcssen h\u00f6her gewichtet werden als bisher.<\/p>\n<p>Wir schreiben diesen Text, weil uns am Herzen liegt, dass DIE LINKE im September ein gutes Ergebnis einf\u00e4hrt und wir eine Menge neuer Mitglieder f\u00fcr unsere Partei gewinnen. Das wird uns nur gelingen, wenn wir die Mitglieder begeistern statt vor den Kopf zu sto\u00dfen.<\/p>\n","protected":false},"excerpt":{"rendered":"<p>Oder: Sloganwettbewerb f\u00fcrs Schaufenster<\/p>\n","protected":false},"author":2,"featured_media":34765,"comment_status":"closed","ping_status":"closed","sticky":false,"template":"","format":"standard","meta":[],"categories":[24,25,27],"tags":[895],"_links":{"self":[{"href":"https:\/\/archiv.sozialismus.info\/maschinenraum\/wp-json\/wp\/v2\/posts\/34735"}],"collection":[{"href":"https:\/\/archiv.sozialismus.info\/maschinenraum\/wp-json\/wp\/v2\/posts"}],"about":[{"href":"https:\/\/archiv.sozialismus.info\/maschinenraum\/wp-json\/wp\/v2\/types\/post"}],"author":[{"embeddable":true,"href":"https:\/\/archiv.sozialismus.info\/maschinenraum\/wp-json\/wp\/v2\/users\/2"}],"replies":[{"embeddable":true,"href":"https:\/\/archiv.sozialismus.info\/maschinenraum\/wp-json\/wp\/v2\/comments?post=34735"}],"version-history":[{"count":3,"href":"https:\/\/archiv.sozialismus.info\/maschinenraum\/wp-json\/wp\/v2\/posts\/34735\/revisions"}],"predecessor-version":[{"id":34766,"href":"https:\/\/archiv.sozialismus.info\/maschinenraum\/wp-json\/wp\/v2\/posts\/34735\/revisions\/34766"}],"wp:featuredmedia":[{"embeddable":true,"href":"https:\/\/archiv.sozialismus.info\/maschinenraum\/wp-json\/wp\/v2\/media\/34765"}],"wp:attachment":[{"href":"https:\/\/archiv.sozialismus.info\/maschinenraum\/wp-json\/wp\/v2\/media?parent=34735"}],"wp:term":[{"taxonomy":"category","embeddable":true,"href":"https:\/\/archiv.sozialismus.info\/maschinenraum\/wp-json\/wp\/v2\/categories?post=34735"},{"taxonomy":"post_tag","embeddable":true,"href":"https:\/\/archiv.sozialismus.info\/maschinenraum\/wp-json\/wp\/v2\/tags?post=34735"}],"curies":[{"name":"wp","href":"https:\/\/api.w.org\/{rel}","templated":true}]}}