{"id":34668,"date":"2017-05-26T13:55:23","date_gmt":"2017-05-26T11:55:23","guid":{"rendered":"https:\/\/www.sozialismus.info\/?p=34668"},"modified":"2017-05-26T18:04:46","modified_gmt":"2017-05-26T16:04:46","slug":"petition-verteidigung-unserer-krankenhaeuser-vivantes-und-charit-berlin","status":"publish","type":"post","link":"https:\/\/archiv.sozialismus.info\/maschinenraum\/2017\/05\/petition-verteidigung-unserer-krankenhaeuser-vivantes-und-charit-berlin\/","title":{"rendered":"Berliner Petition: Verteidigung unserer Krankenh\u00e4user"},"content":{"rendered":"<p><a href=\"https:\/\/www.archiv.sozialismus.info\/maschinenraum\/wp-content\/uploads\/2017\/05\/IMG_3065.jpg\"><img loading=\"lazy\" class=\"alignleft size-medium wp-image-34669\" src=\"https:\/\/www.archiv.sozialismus.info\/maschinenraum\/wp-content\/uploads\/2017\/05\/IMG_3065-280x173.jpg\" alt=\"\" width=\"280\" height=\"173\" srcset=\"https:\/\/archiv.sozialismus.info\/maschinenraum\/wp-content\/uploads\/2017\/05\/IMG_3065-280x173.jpg 280w, https:\/\/archiv.sozialismus.info\/maschinenraum\/wp-content\/uploads\/2017\/05\/IMG_3065-162x100.jpg 162w, https:\/\/archiv.sozialismus.info\/maschinenraum\/wp-content\/uploads\/2017\/05\/IMG_3065-768x474.jpg 768w, https:\/\/archiv.sozialismus.info\/maschinenraum\/wp-content\/uploads\/2017\/05\/IMG_3065-560x345.jpg 560w, https:\/\/archiv.sozialismus.info\/maschinenraum\/wp-content\/uploads\/2017\/05\/IMG_3065-600x370.jpg 600w, https:\/\/archiv.sozialismus.info\/maschinenraum\/wp-content\/uploads\/2017\/05\/IMG_3065-534x330.jpg 534w, https:\/\/archiv.sozialismus.info\/maschinenraum\/wp-content\/uploads\/2017\/05\/IMG_3065.jpg 1099w\" sizes=\"(max-width: 280px) 100vw, 280px\" \/><\/a><em>Seit Jahren k\u00e4mpfen Kolleginnen und Kollegen in Berlin gegen Ausgr\u00fcndung und Lohndumping sowie f\u00fcr mehr Personal im Krankenhaus. Seit 2011 k\u00e4mpfen KollegInnen der Charit\u00e9 Facility Management f\u00fcr einen Tarifvertrag und wehren sich gegen die Ausgr\u00fcndung und Teilprivatisierung der Tochtergesellschaft. Die KollegInnen der ebenfalls ausgegr\u00fcndeten Servicegesellschaft bei Vivantes protestierten mit mehrfachen Streiks gegen die Zust\u00e4nde. Das Pflegepersonal an der Charit\u00e9 erk\u00e4mpfte 2015 und 2016 den ersten Tarifvertrag f\u00fcr Personalbemessung. Doch der Arbeitgeber unterl\u00e4uft den Vertrag und die Verbesserungen sind kaum sp\u00fcrbar. Deshalb hat ver.di Charit\u00e9 den Tarifvertrag Gesundheitsschutz gek\u00fcndigt und hat den Arbeitgeber aufgefordert, einen verbesserten Tarifvertrag zu verhandeln. Die KollegInnen an den Vivantes Krankenh\u00e4usern sind ebenfalls f\u00fcr mehr Personal im Krankenhaus aktiv. Im Mai streikten die Kolleginnen und Kollegen der CFM zehn Tage lang f\u00fcr einen Tarifvertrag. Parallel zu ihren Auseinandersetzungen starteten betroffene KollegInnen nun eine Online-Petition f\u00fcr ihre Krankenh\u00e4user, die wir hier dokumentieren. Bitte unterst\u00fctzt und verbreitet sie. (<a href=\"https:\/\/www.openpetition.de\/pdf\/unterschriftenformular\/verteidigung-unserer-krankenhaeuser-vivantes-und-charite-berlin\">PDF Version<\/a>)<\/em><\/p>\n<h2>Verteidigung unserer Krankenh\u00e4user Vivantes und Charit\u00e9 Berlin<\/h2>\n<div>\n<p>Offener Brief zur Verteidigung unserer Krankenh\u00e4user (<a href=\"https:\/\/www.openpetition.de\/petition\/online\/verteidigung-unserer-krankenhaeuser-vivantes-und-charite-berlin?utm_source=extern&amp;utm_medium=widget&amp;utm_campaign=verteidigung-unserer-krankenhaeuser-vivantes-und-charite-berlin\">Link Online Petition<\/a>)<\/p>\n<p>An den Regierenden B\u00fcrgermeister von Berlin, Herrn Michael M\u00fcller, An die Gesundheitssenatorin, Frau Dilek Kolat, An den Finanzsenator, Herrn Matthias Kollatz-Ahnen, An die Fraktionen im Abgeordnetenhaus von SPD, Gr\u00fcnen und Die Linke<\/p>\n<p>Sehr geehrte Damen und Herren,<\/p>\n<p>die Krankenhausversorgung im Land Berlin st\u00fctzt sich im Wesentlichen auf die beiden \u00f6ffentlichen Krankenh\u00e4user Charit\u00e9 und Vivantes. Die Kaputtsparpolitik hat zu Investitionsstau und Personalmangel in den Krankenh\u00e4usern gef\u00fchrt. Prek\u00e4re Arbeit greift um sich. Das Recht aller auf eine qualitative Gesundheitsversorgung entsprechend des Standes der wissenschaftlichen und technologischen M\u00f6glichkeiten kann nicht mehr garantiert werden. Das liegt in der Verantwortung des Staates. Dieses Recht zu garantieren, ist Aufgabe der \u00f6ffentlichen Einrichtungen, aller Krankenh\u00e4user, das weder den Geboten der Schuldenbremse geopfert werden darf, noch der missbr\u00e4uchlichen Nutzung der Krankenh\u00e4user als einer sprudelnden Renditequelle. Mit der systematischen Politik der Unterfinanzierung, der Personalkostensenkung und Stellenstreichung, der Ausgr\u00fcndungen und Abwertung ganzer Berufsgruppen, wie bei den TherapeutInnen (VTD Vivantes Therapeutische Dienste GmbH, CPPZ Charit\u00e9 Physiotherapie- und Pr\u00e4ventionszentrum GmbH), wird dieses Recht der Bev\u00f6lkerung bedroht.<\/p>\n<p>Deshalb treten wir Besch\u00e4ftigte von Vivantes und Charit\u00e9 sowie andere Unterzeichnende ein:<\/p>\n<ul>\n<li>F\u00fcr Mehr Personal in den Krankenh\u00e4usern!<\/li>\n<li>F\u00fcr die Wiedereingliederung der Arbeitspl\u00e4tze und \u00dcbernahme des Personals der ausgegliederten Betriebe in die Muttergesellschaften und in die dort geltenden Tarifvertr\u00e4ge!<\/li>\n<li>F\u00fcr die Aufwertung der sozialen Berufe!<\/li>\n<\/ul>\n<p>Die Tarifverhandlungen f\u00fcr die Vivantes-Tochter, VSG (Vivantes Service Gesellschaft) und die Charit\u00e9-Tochter CFM (Charit\u00e9 Facilitiy Management) stagnieren; f\u00fcr die R\u00fcckf\u00fchrung der KollegInnen bei den Therapeutischen Diensten sind Verhandlungen noch gar nicht aufgenommen; genauso wenig wie Verhandlungen bei Vivantes f\u00fcr einen Tarifvertrag Entlas- tung, f\u00fcr mehr Personal; an der Charit\u00e9 endet der Tarifvertrag Gesundheitsschutz zum 30.06.2017, wann und ob Verhandlungen f\u00fcr eine von den Besch\u00e4ftigten geforderte Weiterentwicklung aufgenommen werden, ist unklar. Statt mit Hausverbot bzw. mit Streikverbot (wie bei der VSG) die KollegInnen und ihre Gewerkschaft zu unterdr\u00fccken, fordern wir:<\/p>\n<ul>\n<li>nehmen Sie endlich Verhandlungen mit ver.di auf. Grundlage sind die berechtigten und unumstrittenen Forderungen der Belegschaften.<\/li>\n<li>Ordnen Sie per Gesellschafteranweisung die R\u00fcckf\u00fchrung aller Tochterunternehmen an!<\/li>\n<li>Finanzieren Sie ausreichend!<\/li>\n<\/ul>\n<p>Das w\u00e4re ein starkes Signal f\u00fcr die Verwirklichung von sozialer Gerechtigkeit in unserem Land!<\/p>\n<p>Mit freundlichen Gr\u00fc\u00dfen<\/p>\n<p>ErstunterzeichnerInnen: Charlotte Rutz-Sperling Vertrauensfrau Therapeutin Vivantes, Daniel Fechner VSG Vivantex Vivantes, Mario Kunze VSG Vivantes, Silvia Habekost ver.di Tarifkommission \u201eEntlastung\u201c u. Landesfachbereichsvorstand Krankenschwester Vivantes, Daniel Turek ver.di Betriebsgruppe CFM Tarif- und Verhandlungskommission CFM Versorgungsassistent Charit\u00e9, Anja Fiddike ver.di Betriebsgruppe Stationsassistenz Charit\u00e9, Andreas H\u00f6rath Kraftfahrer KFH,Mitglied TK VSG Vivantes, Matthias Vierke ver.di Tarifkommission VSG Vivantes, Stephan Stra\u00dfer ver.di Betriebsgruppe CPPZ, Sascha Sch\u00fclke ver.di Betriebsgruppe CPPZ, Ingo M\u00fcller VSG Vivantes, Michel Tschuschke Krankenpfleger Betriebsrat TK Entlastung Vivantes, Johanna Henatsch \u00c4rztin ver.di Tarifkommission \u201eEntlastung\u201c Vivantes<\/p>\n<p>Eine Initiative von KollegInnen und ver.di-Mitgliedern von Vivantes und Charit\u00e9<\/p>\n<\/div>\n<p>Begr\u00fcndung:<\/p>\n<div>\n<ol>\n<li>Es ist eindeutig, dass das bestehende Abrechnungssystem (DRG) unsere Kliniken zu unmenschlichen Fabriken verkommen l\u00e4sst. Es MUSS eine entsprechende \u00c4nderung im Krankenhausfinanzierungsgesetz her!<\/li>\n<li>So egal, wie es der Politik \u00fcber Jahre war, wenn sich die Klinikunternehmen ihre Investitionskosten aus dem Personaltopf holen mussten, so egal sollte es ihnen nun auch sein, wenn die Kliniken jetzt die INVESTITIONSGELDER in das Personal INVESTIEREN!<\/li>\n<li>Als Aufsichtsratsmitglieder k\u00f6nnen die Senatoren bewusst auf die Firmenpolitik, der von ihnen einbestellten Gesch\u00e4ftsf\u00fchrung Einfluss nehmen und sie auffordern mit uns zu verhandeln<\/li>\n<li>Es gibt eindeutige Aussagen im Koalitionsvertrag von Rot-Rot-Gr\u00fcn. Diese k\u00f6nnen sie nicht mehr unter den Tisch kehren und vergessen machen, daf\u00fcr werden wir sorgen. Die Zeiten, wo uns Politiker das Blaue vom Himmel versprechen konnten, sind vorbei. Wir stehen ihnen jetzt auf den F\u00fc\u00dfen.<\/li>\n<\/ol>\n<\/div>\n<div style=\"width: 300px; height: 300px;\"><script data-timing=\"async\" type=\"text\/javascript\" src=\"https:\/\/www.openpetition.de\/widget\/petition\/verteidigung-unserer-krankenhaeuser-vivantes-und-charite-berlin\"><\/script><\/div>\n","protected":false},"excerpt":{"rendered":"<p>Unterst\u00fctzt die Petition von KollegInnen der Berliner Krankenh\u00e4user Vivantes und Charit\u00e9 Berlin<\/p>\n","protected":false},"author":2,"featured_media":34669,"comment_status":"closed","ping_status":"closed","sticky":false,"template":"","format":"standard","meta":[],"categories":[75,13,14],"tags":[],"_links":{"self":[{"href":"https:\/\/archiv.sozialismus.info\/maschinenraum\/wp-json\/wp\/v2\/posts\/34668"}],"collection":[{"href":"https:\/\/archiv.sozialismus.info\/maschinenraum\/wp-json\/wp\/v2\/posts"}],"about":[{"href":"https:\/\/archiv.sozialismus.info\/maschinenraum\/wp-json\/wp\/v2\/types\/post"}],"author":[{"embeddable":true,"href":"https:\/\/archiv.sozialismus.info\/maschinenraum\/wp-json\/wp\/v2\/users\/2"}],"replies":[{"embeddable":true,"href":"https:\/\/archiv.sozialismus.info\/maschinenraum\/wp-json\/wp\/v2\/comments?post=34668"}],"version-history":[{"count":9,"href":"https:\/\/archiv.sozialismus.info\/maschinenraum\/wp-json\/wp\/v2\/posts\/34668\/revisions"}],"predecessor-version":[{"id":34679,"href":"https:\/\/archiv.sozialismus.info\/maschinenraum\/wp-json\/wp\/v2\/posts\/34668\/revisions\/34679"}],"wp:featuredmedia":[{"embeddable":true,"href":"https:\/\/archiv.sozialismus.info\/maschinenraum\/wp-json\/wp\/v2\/media\/34669"}],"wp:attachment":[{"href":"https:\/\/archiv.sozialismus.info\/maschinenraum\/wp-json\/wp\/v2\/media?parent=34668"}],"wp:term":[{"taxonomy":"category","embeddable":true,"href":"https:\/\/archiv.sozialismus.info\/maschinenraum\/wp-json\/wp\/v2\/categories?post=34668"},{"taxonomy":"post_tag","embeddable":true,"href":"https:\/\/archiv.sozialismus.info\/maschinenraum\/wp-json\/wp\/v2\/tags?post=34668"}],"curies":[{"name":"wp","href":"https:\/\/api.w.org\/{rel}","templated":true}]}}