{"id":34644,"date":"2017-05-18T17:19:54","date_gmt":"2017-05-18T15:19:54","guid":{"rendered":"https:\/\/www.sozialismus.info\/?p=34644"},"modified":"2017-05-22T13:19:35","modified_gmt":"2017-05-22T11:19:35","slug":"charit-tochter-im-streik-um-hoehere-loehne","status":"publish","type":"post","link":"https:\/\/archiv.sozialismus.info\/maschinenraum\/2017\/05\/charit-tochter-im-streik-um-hoehere-loehne\/","title":{"rendered":"Charit\u00e9-Tochter im Streik um h\u00f6here L\u00f6hne"},"content":{"rendered":"<p style=\"text-align: left;\" align=\"CENTER\"><strong><a href=\"https:\/\/www.archiv.sozialismus.info\/maschinenraum\/wp-content\/uploads\/2017\/05\/IMG_3083-e1495120666816.jpg\"><img loading=\"lazy\" class=\"alignleft size-medium wp-image-34645\" src=\"https:\/\/www.archiv.sozialismus.info\/maschinenraum\/wp-content\/uploads\/2017\/05\/IMG_3083-e1495120666816-280x173.jpg\" alt=\"\" width=\"280\" height=\"173\" srcset=\"https:\/\/archiv.sozialismus.info\/maschinenraum\/wp-content\/uploads\/2017\/05\/IMG_3083-e1495120666816-280x173.jpg 280w, https:\/\/archiv.sozialismus.info\/maschinenraum\/wp-content\/uploads\/2017\/05\/IMG_3083-e1495120666816-162x100.jpg 162w, https:\/\/archiv.sozialismus.info\/maschinenraum\/wp-content\/uploads\/2017\/05\/IMG_3083-e1495120666816-768x474.jpg 768w, https:\/\/archiv.sozialismus.info\/maschinenraum\/wp-content\/uploads\/2017\/05\/IMG_3083-e1495120666816-560x347.jpg 560w, https:\/\/archiv.sozialismus.info\/maschinenraum\/wp-content\/uploads\/2017\/05\/IMG_3083-e1495120666816-600x370.jpg 600w, https:\/\/archiv.sozialismus.info\/maschinenraum\/wp-content\/uploads\/2017\/05\/IMG_3083-e1495120666816-534x330.jpg 534w, https:\/\/archiv.sozialismus.info\/maschinenraum\/wp-content\/uploads\/2017\/05\/IMG_3083-e1495120666816.jpg 1406w\" sizes=\"(max-width: 280px) 100vw, 280px\" \/><\/a>Seit dem 17. Mai sind alle Besch\u00e4ftigten des Charit\u00e9 Facilitiy Managements (CFM) zum Warnstreik aufgerufen<\/strong><\/p>\n<p>2017 ist das elfte Jahr, in dem die CFM in der jetzigen Form besteht \u2013 ohne einen Tarifvertrag. Die jetzige Form ist eine \u00f6ffentlich-private Partnerschaft: Der Berliner Senat h\u00e4lt \u00fcber das landeseigene Universit\u00e4tsklinikum Charit\u00e9 51 Prozent an der Firma, ein Konsortium privater Konzerne (Vamed, Dussmann, Hellmann) h\u00e4lt einen Anteil von 49 Prozent.<\/p>\n<p><em>von Ren\u00e9 Kiesel, Berlin<\/em><\/p>\n<p>Trotz dieser Kooperation von mehrheitlich \u00f6ffentlicher Hand und gewinnorientiertem Konsortium, wurden durch die Auslagerung aller nichtmedizinischen Dienstleistungen in eine Tochterfirma seit ihrer Gr\u00fcndung 387 Millionen Euro f\u00fcr die Charit\u00e9 eingespart. Das Klinikum r\u00fchmt sich damit, einer der wenigen Einrichtungen dieser Gr\u00f6\u00dfe in Europa zu sein, die Gewinn abwirft. Doch was des einen Freud\u2018 ist des andern Leid! Was die Charit\u00e9 als Profit verbucht, wird am Lohn und den Arbeitsbedingungen der rund 2.800 CFM-Besch\u00e4ftigten gespart.<\/p>\n<p>In vielen Bereichen wird ein Stundenlohn gezahlt, der nur wenig \u00fcber dem Mindestlohn von 8,84 Euro liegt \u2013 trotz Schichtdiensten und Wochenendarbeit. Das Angebot der Gesch\u00e4ftsf\u00fchrung, den Stundenlohn auf zehn Euro brutto zu erh\u00f6hen, wird von den KollegInnen zurecht als Schlag ins Gesicht empfunden. Bei den steigenden Mieten reichen weder 9,50 Euro, noch zehn Euro zum Leben und viele bleiben trotz Vollzeitarbeit auf Unterst\u00fctzung durch Wohngeld oder Aufstockung vom Jobcenter angewiesen.<\/p>\n<p>Doch nicht nur die miese Bezahlung macht den KollegInnen zu schaffen \u2013 viele werden ohne bestimmten Anlass befristet eingestellt. Soweit der gesetzliche Rahmen es zul\u00e4sst, wird die Vertragsverl\u00e4ngerung ebenfalls befristet. Zwar unterst\u00fctzen sich die meisten gegenseitig in den Teams gegen die Schikanen von oben, aber viele verlassen die Firma aufgrund dieser Umst\u00e4nde. Damit muss nun endlich Schluss sein und zurecht ist eine der Hauptforderungen des Streiks, dass sachgrundlose Befristungen beendet werden.<\/p>\n<p><a href=\"https:\/\/www.archiv.sozialismus.info\/maschinenraum\/wp-content\/uploads\/2017\/05\/IMG_3074.jpg\"><img loading=\"lazy\" class=\"alignleft size-medium wp-image-34646\" src=\"https:\/\/www.archiv.sozialismus.info\/maschinenraum\/wp-content\/uploads\/2017\/05\/IMG_3074-231x173.jpg\" alt=\"\" width=\"231\" height=\"173\" srcset=\"https:\/\/archiv.sozialismus.info\/maschinenraum\/wp-content\/uploads\/2017\/05\/IMG_3074-231x173.jpg 231w, https:\/\/archiv.sozialismus.info\/maschinenraum\/wp-content\/uploads\/2017\/05\/IMG_3074-768x576.jpg 768w, https:\/\/archiv.sozialismus.info\/maschinenraum\/wp-content\/uploads\/2017\/05\/IMG_3074-463x347.jpg 463w, https:\/\/archiv.sozialismus.info\/maschinenraum\/wp-content\/uploads\/2017\/05\/IMG_3074-600x450.jpg 600w, https:\/\/archiv.sozialismus.info\/maschinenraum\/wp-content\/uploads\/2017\/05\/IMG_3074.jpg 1407w\" sizes=\"(max-width: 231px) 100vw, 231px\" \/><\/a>Das hat f\u00fcr die gewerkschaftliche Organisierung in der CFM einen ganz konkreten Beweggrund. Es gibt viel Zuspruch und so manchem ist klar, dass ein Tarifvertrag eine Verbesserung f\u00fcr alle w\u00e4re. Doch befristete Anstellungen sch\u00fcren die Angst davor, dass die Vorgesetzten einen nach einer Streikbeteiligung auf dem Kieker haben und beim n\u00e4chsten Mal keine Verl\u00e4ngerung des Arbeitsvertrages ansteht. Das spaltet die Belegschaft. Einigen, die bereits 2011 beim dreimonatigen Streik dabei waren, der mit Lohnsteigerungen, aber ohne Tarifvertrag endete, sind die Auseinandersetzungen nicht nur mit den ChefInnen, sondern mit den eigenen KollegInnen noch im Ged\u00e4chtnis. Damals trotzte eine Minderheit der Belegschaft drei Monate lang bis in den Dezember Wind, Wetter und Ma\u00dfregelungen.<\/p>\n<p>Bei dem neuen Anlauf streikten die KollegInnen bereits mehrfach und koordinierten ihre Aktionen mit den Besch\u00e4ftigten der ebenfalls streikenden Tochter des Krankenhauskonzerns Vivantes, VSG. Am 1. Mai erinnerten sie den Regierenden B\u00fcrgermeister eindr\u00fccklich an ihre Forderungen, als sie die B\u00fchne hinter ihm in Beschlag nahmen. Jetzt greifen sie erstmalig zu einem l\u00e4ngeren Streik \u00fcber viele Tage, mit Streikposten an wechselnden Standorten. Das Ziel ist die Anwendung des Haustarifvertrages der Charit\u00e9 auf die CFM. Dahinter steht der richtige Gedanke, dass in einem Betrieb keine unterschiedlichen L\u00f6hne gezahlt werden d\u00fcrfen. Trotz juristischer Trennung in zwei Unternehmen ist der medizinische Krankenhausbetrieb niemals ohne Patiententransport, Sterilgutaufbereitung, Reinigung und noch viel mehr zu bewerkstelligen. Politisch steht hinter der tariflichen Forderung daher das Anliegen, dass die CFM in die Charit\u00e9 eingegliedert wird, statt eine ausgegliederte Niedriglohntochter zu sein.<\/p>\n<p><iframe loading=\"lazy\" title=\"Daniel Turek (CFM) bei Kundgebung Pflegenotstand stoppen\" width=\"735\" height=\"413\" src=\"https:\/\/www.youtube.com\/embed\/vYwcE5mHOgQ?feature=oembed\" frameborder=\"0\" allow=\"accelerometer; autoplay; clipboard-write; encrypted-media; gyroscope; picture-in-picture; web-share\" allowfullscreen><\/iframe><\/p>\n<p>Der rot-rot-gr\u00fcne Senat hat in seinem Koalitionsvertrag festgehalten, bis 2019 die CFM in vollst\u00e4ndiges Landeseigentum zu \u00fcberf\u00fchren (als Tochterunternehmen soll sie dennoch weitergef\u00fchrt werden). Doch es darf nicht l\u00e4nger gewartet werden! Elf Jahre sind mehr als genug und die Miete oder die Kinder k\u00f6nnen auch nicht warten, wenn es um die Bezahlung der Wohnung oder von Schulb\u00fcchern geht. Vor allem darf es keine \u00dcbergangsregelungen geben, die letztendlich zu einer Festlegung auf unterschiedliche Bezahlung und schlechtere Bedingungen f\u00fcr Besch\u00e4ftigte der Charit\u00e9-Tochter gegen\u00fcber der Muttergesellschaft f\u00fchren. Die Verantwortung daf\u00fcr liegt bei den Parteien des Berliner Senats \u2013 SPD, DIE LINKE und Gr\u00fcne. Das Versprechen, die Bezahlung an den Tarifvertrag des \u00f6ffentlichen Dienstes anzupassen klingt beim ersten H\u00f6ren nach einer Verbesserung. Doch bleibt damit die Frage ungekl\u00e4rt, in welche Lohngruppen des Tv\u00f6D die Besch\u00e4ftigten eingeordnet werden. Beim Haustarif der Charit\u00e9 gibt es die untersten Gehaltsgruppen des \u00f6ffentlichen Dienstes nicht und diese liegen kaum oder gar nicht \u00fcber den jetzigen CFM-L\u00f6hnen.<\/p>\n<p>Um die Politik nicht aus der Verantwortung zu entlassen, gab es am Donnerstag eine Kundgebung vor dem Berliner Abgeordnetenhaus, wo das Budget, das auch \u00fcber die Verstaatlichung der CFM entscheidet, beraten wird. Am Samstag folgt dann eine Demo zum SPD-Parteitag in guter Tradition, denn vor Veranstaltungen und Geb\u00e4uden der Sozialdemokratie wurde schon 2011 kr\u00e4ftig protestiert.<\/p>\n<figure id=\"attachment_34647\" aria-describedby=\"caption-attachment-34647\" style=\"width: 231px\" class=\"wp-caption alignright\"><a href=\"https:\/\/www.archiv.sozialismus.info\/maschinenraum\/wp-content\/uploads\/2017\/05\/IMG_3060.jpg\"><img loading=\"lazy\" class=\"size-medium wp-image-34647\" src=\"https:\/\/www.archiv.sozialismus.info\/maschinenraum\/wp-content\/uploads\/2017\/05\/IMG_3060-231x173.jpg\" alt=\"\" width=\"231\" height=\"173\" srcset=\"https:\/\/archiv.sozialismus.info\/maschinenraum\/wp-content\/uploads\/2017\/05\/IMG_3060-231x173.jpg 231w, https:\/\/archiv.sozialismus.info\/maschinenraum\/wp-content\/uploads\/2017\/05\/IMG_3060-768x576.jpg 768w, https:\/\/archiv.sozialismus.info\/maschinenraum\/wp-content\/uploads\/2017\/05\/IMG_3060-463x347.jpg 463w, https:\/\/archiv.sozialismus.info\/maschinenraum\/wp-content\/uploads\/2017\/05\/IMG_3060-600x450.jpg 600w, https:\/\/archiv.sozialismus.info\/maschinenraum\/wp-content\/uploads\/2017\/05\/IMG_3060.jpg 1407w\" sizes=\"(max-width: 231px) 100vw, 231px\" \/><\/a><figcaption id=\"caption-attachment-34647\" class=\"wp-caption-text\">Streikversammlung Mittwoch 17. Mai<\/figcaption><\/figure>\n<p>Damals wie heute wird versucht, den Streik aktiv zu gestalten, indem es morgens einen gemeinsamen Treffpunkt an einem der drei Standorte gibt, um dann auszuschw\u00e4rmen und in den Bereichen die Nichtstreikenden aktiv anzusprechen. Danach gibt es eine zentrale Streikversammlung, in der sowohl KollegInnen \u00fcber ihre Bereiche berichten, als auch andere Betriebe Solidarit\u00e4tsadressen verlesen. Und Unterst\u00fctzung ist dringend notwendig, denn eine Politik, die akzeptiert, dass inmitten von Berlin Lohndumping betrieben wird, spielt f\u00fcr schnelle Gewinne mit der Gesundheit aller hier Lebenden!<\/p>\n","protected":false},"excerpt":{"rendered":"<p>Besch\u00e4ftigte der CFM im Warnstreik<\/p>\n","protected":false},"author":2,"featured_media":34645,"comment_status":"closed","ping_status":"closed","sticky":false,"template":"","format":"standard","meta":[],"categories":[13],"tags":[262],"_links":{"self":[{"href":"https:\/\/archiv.sozialismus.info\/maschinenraum\/wp-json\/wp\/v2\/posts\/34644"}],"collection":[{"href":"https:\/\/archiv.sozialismus.info\/maschinenraum\/wp-json\/wp\/v2\/posts"}],"about":[{"href":"https:\/\/archiv.sozialismus.info\/maschinenraum\/wp-json\/wp\/v2\/types\/post"}],"author":[{"embeddable":true,"href":"https:\/\/archiv.sozialismus.info\/maschinenraum\/wp-json\/wp\/v2\/users\/2"}],"replies":[{"embeddable":true,"href":"https:\/\/archiv.sozialismus.info\/maschinenraum\/wp-json\/wp\/v2\/comments?post=34644"}],"version-history":[{"count":3,"href":"https:\/\/archiv.sozialismus.info\/maschinenraum\/wp-json\/wp\/v2\/posts\/34644\/revisions"}],"predecessor-version":[{"id":34653,"href":"https:\/\/archiv.sozialismus.info\/maschinenraum\/wp-json\/wp\/v2\/posts\/34644\/revisions\/34653"}],"wp:featuredmedia":[{"embeddable":true,"href":"https:\/\/archiv.sozialismus.info\/maschinenraum\/wp-json\/wp\/v2\/media\/34645"}],"wp:attachment":[{"href":"https:\/\/archiv.sozialismus.info\/maschinenraum\/wp-json\/wp\/v2\/media?parent=34644"}],"wp:term":[{"taxonomy":"category","embeddable":true,"href":"https:\/\/archiv.sozialismus.info\/maschinenraum\/wp-json\/wp\/v2\/categories?post=34644"},{"taxonomy":"post_tag","embeddable":true,"href":"https:\/\/archiv.sozialismus.info\/maschinenraum\/wp-json\/wp\/v2\/tags?post=34644"}],"curies":[{"name":"wp","href":"https:\/\/api.w.org\/{rel}","templated":true}]}}