{"id":34633,"date":"2017-05-17T13:02:32","date_gmt":"2017-05-17T11:02:32","guid":{"rendered":"https:\/\/www.sozialismus.info\/?p=34633"},"modified":"2017-05-22T13:20:13","modified_gmt":"2017-05-22T11:20:13","slug":"dresden-buendnis-fuer-pflege-gegruendet","status":"publish","type":"post","link":"https:\/\/archiv.sozialismus.info\/maschinenraum\/2017\/05\/dresden-buendnis-fuer-pflege-gegruendet\/","title":{"rendered":"Dresden: &#8222;B\u00fcndnis f\u00fcr Pflege&#8220; gegr\u00fcndet"},"content":{"rendered":"<p><strong><a href=\"https:\/\/www.archiv.sozialismus.info\/maschinenraum\/wp-content\/uploads\/2017\/05\/FB_IMG_1494610197154-e1495018904344.jpg\"><img loading=\"lazy\" class=\"alignleft size-medium wp-image-34634\" src=\"https:\/\/www.archiv.sozialismus.info\/maschinenraum\/wp-content\/uploads\/2017\/05\/FB_IMG_1494610197154-e1495018904344-280x173.jpg\" alt=\"\" width=\"280\" height=\"173\" srcset=\"https:\/\/archiv.sozialismus.info\/maschinenraum\/wp-content\/uploads\/2017\/05\/FB_IMG_1494610197154-e1495018904344-280x173.jpg 280w, https:\/\/archiv.sozialismus.info\/maschinenraum\/wp-content\/uploads\/2017\/05\/FB_IMG_1494610197154-e1495018904344-162x100.jpg 162w, https:\/\/archiv.sozialismus.info\/maschinenraum\/wp-content\/uploads\/2017\/05\/FB_IMG_1494610197154-e1495018904344.jpg 525w\" sizes=\"(max-width: 280px) 100vw, 280px\" \/><\/a>Gro\u00dfe Unterst\u00fctzung f\u00fcr Einstellung von mehr Pflegepersonal in der Bev\u00f6lkerung\u00a0<\/strong><\/p>\n<p>Die Situation im Gesundheitswesen ist bundesweit katastrophal: W\u00e4hrend man versucht aus PatientInnen Profite herauszupressen, gelten Pfleger und Schwestern als Kostenfaktoren. Die Arbeitsbedingungen sind vielerorts erschreckend. Im Durchschnitt h\u00e4lt es eine Pflegekraft noch sieben Jahre auf Station aus.<\/p>\n<p>Auch in Sachsen hat die \u00d6konomisierung des Gesundheitswesens dramatische Auswirkungen: Seit 1991 wurde jedes dritte Krankenhaus in Sachsen privatisiert. Trotz steigender Fallzahlen wurde die Bettenzahl von 90 pro 10.000 Einwohnerinnen und Einwohnern 1991 auf etwa 60 verringert. Der weit \u00fcberwiegende Teil der Krankenh\u00e4user wurde privatisiert. Lediglich in Dresden gelang es eine Rechtsform\u00e4nderung des St\u00e4dtischen Klinikums durch den Kampf der Besch\u00e4ftigten abzuwenden. Das Krankenhaus blieb \u2013 trotz eines gemeinsamen Vorsto\u00dfes von CDU, FDP und B\u00fcndnis 90\/Die Gr\u00fcnen im Stadtrat \u2013 ein st\u00e4dtischer Eigenbetrieb und damit der letzte seiner Art in ganz Sachsen. Doch auch dort sind Arbeitshetze und \u00dcberlastung die Regel. Der Ruf vieler Besch\u00e4ftigter ist der nach mehr Pflegekr\u00e4ften.<\/p>\n<p>Aus diesem Grund lud Ende April die ver.di-Betriebsgruppe des St\u00e4dtischen Klinikums Dresden Besch\u00e4ftigte von Krankenh\u00e4usern und Pflegeeinrichtungen in und um Dresden, sowie Unterst\u00fctzerInnen zu einem Treffen. Auf dem wurde dann die Gr\u00fcndung des \u201eB\u00fcndnisses f\u00fcr Pflege\u201c beschlossen. Dieses B\u00fcndnis will die Gewerkschaft ver.di bei der Kampagne f\u00fcr eine Personalbemessung in den Krankenh\u00e4usern unterst\u00fctzen. Vorbild ist ein \u00e4hnliches B\u00fcndnis in Berlin, welches die dortige ver.di-Betriebsgruppe der Charite beim Kampf f\u00fcr einen Tarifvertrag zur Personalbemessung unterst\u00fctzt hatte.<\/p>\n<p>Ziel sind inhaltliche Veranstaltungen, Aktionen, die die \u00d6ffentlichkeit \u00fcber die Kampagne informieren und deren Unterst\u00fctzung mobilisieren sollen und der Versuch Besch\u00e4ftigte aus verschiedenen Krankenh\u00e4usern und Pflegeeinrichtungen zusammenzubringen.<\/p>\n<p>Gleich am \u201eInternationalen Tag der Pflege\u201c fand die erste Aktion statt: In einer der wichtigsten Einkaufsstra\u00dfen der s\u00e4chsischen Landeshauptstadt wurden Unterschriften f\u00fcr den Aufruf von ver.di f\u00fcr mehr Besch\u00e4ftigte in der Pflege gesammelt und Flugbl\u00e4tter verteilt. Begleitet wurde die Aktion von Megafondurchsagen, die das Anliegen den DresdnerInnen n\u00e4herbrachte. Mit dabei war auch Katja Kipping, Bundesvorsitzende der Partei DIE LINKE.<\/p>\n<p>Die Aktion war ein gro\u00dfer Erfolg, in nur einer Stunde wurden 180 Unterschriften gesammelt. Das Bewusstsein f\u00fcr dieses Thema ist \u2013 gerade auch nach dem Kampf der Charit\u00e9 in Berlin \u2013 sehr gro\u00df.<\/p>\n<p>Wer Lust hat das B\u00fcndnis zu unterst\u00fctzen, der kann am 24.05., um 17.00 Uhr in den Roten Renner, auf der Rudolf-Renner-Str. 49 kommen. \u00dcber Hilfe freuen wir uns immer!<\/p>\n","protected":false},"excerpt":{"rendered":"<p>F\u00fcr mehr Pflegepersonal auf der Stra\u00dfe<\/p>\n","protected":false},"author":2,"featured_media":34634,"comment_status":"closed","ping_status":"closed","sticky":false,"template":"","format":"standard","meta":[],"categories":[14],"tags":[262,631,891],"_links":{"self":[{"href":"https:\/\/archiv.sozialismus.info\/maschinenraum\/wp-json\/wp\/v2\/posts\/34633"}],"collection":[{"href":"https:\/\/archiv.sozialismus.info\/maschinenraum\/wp-json\/wp\/v2\/posts"}],"about":[{"href":"https:\/\/archiv.sozialismus.info\/maschinenraum\/wp-json\/wp\/v2\/types\/post"}],"author":[{"embeddable":true,"href":"https:\/\/archiv.sozialismus.info\/maschinenraum\/wp-json\/wp\/v2\/users\/2"}],"replies":[{"embeddable":true,"href":"https:\/\/archiv.sozialismus.info\/maschinenraum\/wp-json\/wp\/v2\/comments?post=34633"}],"version-history":[{"count":5,"href":"https:\/\/archiv.sozialismus.info\/maschinenraum\/wp-json\/wp\/v2\/posts\/34633\/revisions"}],"predecessor-version":[{"id":34654,"href":"https:\/\/archiv.sozialismus.info\/maschinenraum\/wp-json\/wp\/v2\/posts\/34633\/revisions\/34654"}],"wp:featuredmedia":[{"embeddable":true,"href":"https:\/\/archiv.sozialismus.info\/maschinenraum\/wp-json\/wp\/v2\/media\/34634"}],"wp:attachment":[{"href":"https:\/\/archiv.sozialismus.info\/maschinenraum\/wp-json\/wp\/v2\/media?parent=34633"}],"wp:term":[{"taxonomy":"category","embeddable":true,"href":"https:\/\/archiv.sozialismus.info\/maschinenraum\/wp-json\/wp\/v2\/categories?post=34633"},{"taxonomy":"post_tag","embeddable":true,"href":"https:\/\/archiv.sozialismus.info\/maschinenraum\/wp-json\/wp\/v2\/tags?post=34633"}],"curies":[{"name":"wp","href":"https:\/\/api.w.org\/{rel}","templated":true}]}}