{"id":34564,"date":"2017-04-27T19:21:33","date_gmt":"2017-04-27T17:21:33","guid":{"rendered":"https:\/\/www.sozialismus.info\/?p=34564"},"modified":"2017-04-27T19:21:33","modified_gmt":"2017-04-27T17:21:33","slug":"eine-woche-streik-an-niederlaendischen-grundschulen","status":"publish","type":"post","link":"https:\/\/archiv.sozialismus.info\/maschinenraum\/2017\/04\/eine-woche-streik-an-niederlaendischen-grundschulen\/","title":{"rendered":"Eine Woche Streik an niederl\u00e4ndischen Grundschulen?"},"content":{"rendered":"<p><strong><a href=\"https:\/\/www.archiv.sozialismus.info\/maschinenraum\/wp-content\/uploads\/2017\/04\/poinactie.jpg\"><img loading=\"lazy\" class=\"alignleft size-medium wp-image-34565\" src=\"https:\/\/www.archiv.sozialismus.info\/maschinenraum\/wp-content\/uploads\/2017\/04\/poinactie-230x173.jpg\" alt=\"\" width=\"230\" height=\"173\" srcset=\"https:\/\/archiv.sozialismus.info\/maschinenraum\/wp-content\/uploads\/2017\/04\/poinactie-230x173.jpg 230w, https:\/\/archiv.sozialismus.info\/maschinenraum\/wp-content\/uploads\/2017\/04\/poinactie-768x577.jpg 768w, https:\/\/archiv.sozialismus.info\/maschinenraum\/wp-content\/uploads\/2017\/04\/poinactie-462x347.jpg 462w, https:\/\/archiv.sozialismus.info\/maschinenraum\/wp-content\/uploads\/2017\/04\/poinactie-600x450.jpg 600w, https:\/\/archiv.sozialismus.info\/maschinenraum\/wp-content\/uploads\/2017\/04\/poinactie.jpg 1023w\" sizes=\"(max-width: 230px) 100vw, 230px\" \/><\/a>Neue Regierung missachtet Forderungen der LehrerInnen<\/strong><\/p>\n<p><em>von Barbara Veger, \u201eSocialistisch Alternatief\u201c (Schwesterorganisation der SAV und Sektion des CWI in den Niederlanden), Rotterdam<\/em><\/p>\n<p>Unter den LehrerInnen herrscht eine enorme Bereitschaft aktiv zu werden. Dies gilt vor allem f\u00fcr die Primarstufe und den F\u00f6rderschulbereich. In einer Umfrage von dieser Woche erkl\u00e4rten 97 Prozent der P\u00e4dagogInnen, dass sie bereit sind zu streiken. Die Aktionsgruppe \u201ePO in actie\u201c (dt.: \u201ePrimarschulen in Aktion\u201c), die als \u201efacebook\u201c-Gruppe von drei LehrerInnen ins Leben gerufen worden ist, hat mittlerweile 36.000 Mitglieder und drohte im September damit, den Grundschulbereich f\u00fcr eine Woche lahm legen zu wollen, sollten ihre Forderungen nicht in den Koalitionsvertrag der neuen Regierung mit aufgenommen werden. Daf\u00fcr gibt es gute Gr\u00fcnde: Der Bildungssektor hat mit enormen Problemen zu k\u00e4mpfen.<\/p>\n<p>Die Arbeitsbelastung im Bildungsbereich ist ungeheuerlich. Wir haben es hier mit der Berufsgruppe zu tun, die die h\u00f6chste Burn-out-Rate zu verzeichnen hat. Die Klassen sind zu gro\u00df, h\u00e4ufig gr\u00f6\u00dfer als drei\u00dfig Kinder. Die Bezahlung ist schon seit f\u00fcnf Jahren nicht erh\u00f6ht worden und liegt in der Grundschule noch 20 Prozent unter dem, was an weiterf\u00fchrenden Schulen bezahlt wird. Es droht ein Lehrermangel und die Qualit\u00e4t steht unter starkem Druck. Bisweilen m\u00fcssen ganze Klassen nach Hause geschickt werden, weil keine Vertretungskr\u00e4fte zur Verf\u00fcgung stehen.<\/p>\n<p>Jahrelang ist viel zu wenig in die Bildung investiert worden, und jetzt ist f\u00fcr die LehrerInnen das Ma\u00df voll. Das gilt nicht nur f\u00fcr die Primarstufe und die F\u00f6rderschulen sondern ebenso f\u00fcr die weiterf\u00fchrenden und die Hochschulen. Auch in den Fachoberschulen ist die Aktionsbereitschaft hoch.<\/p>\n<p>Bis vor kurzem haben die Vorst\u00e4nde der Bildungsgewerkschaften nur wenig von sich h\u00f6ren lassen. Sie stehen unter dem Druck von unten, durch das Entstehen der Aktionsgruppe \u201ePO in actie\u201c. Wegen ihr spricht nun auch die Gewerkschaftsf\u00fchrung von der M\u00f6glichkeit, dass es zu Streiks kommen kann. \u201ePO in actie\u201c will im September eine Woche lang streiken. Es w\u00e4re der gr\u00f6\u00dfte Lehrerstreik, den es in den Niederlanden je gegeben hat. Die Bildungsgewerkschaften sollten sich ohne Vorbehalt hinter diese Vorgehensweise stellen. Es darf nicht allein bei der Unterzeichnung des Manifests von \u201ePO in actie\u201c oder einem nur eint\u00e4gigen Streik bleiben.<\/p>\n<p>Die Forderungen von \u201ePO in actie\u201c sind vollkommen gerechtfertigt:<\/p>\n<ul>\n<li>Gleiche Bezahlung wie in der Sekundarstufe. \u201ePO in actie\u201c fordert, dass das gesamte bisherige Lohnsystematik ersetzt wird durch die Lohnsystematik des Sekundarbereichs und dass die Lehrkr\u00e4fte an den Grundschulen \u00fcbergeleitet werden in die derzeitige Lohnskala und Stufenzuordnung.<\/li>\n<li>Ausreichende Bezahlung zur Verringerung der Arbeitsbelastung und Verkleinerung der Klassen.<\/li>\n<\/ul>\n<p>Die LehrerInnen liefern ein gutes Beispiel, an dem sich alle ArbeitnehmerInnen orientieren k\u00f6nnen. Von einer neuen Regierung k\u00f6nnen wir \u2013 wie immer sie auch zusammengesetzt sein wird \u2013 keine Geschenke erwarten. Verbesserungen m\u00fcssen schlicht und ergreifend erk\u00e4mpft werden. Auch innerhalb der Gewerkschaftsbewegung m\u00fcssen wir den Kampf daf\u00fcr beginnen, indem wir eine echte linke Opposition aufbauen und die Gewerkschaften wieder zu Kampforganisationen machen, die entschlossene Aktionen organisieren. Diese sind n\u00f6tig, um unsere gerechtfertigten Forderungen durchsetzen zu k\u00f6nnen.<\/p>\n","protected":false},"excerpt":{"rendered":"<p>Neue Regierung missachtet Forderungen der LehrerInnen<\/p>\n","protected":false},"author":2,"featured_media":34565,"comment_status":"closed","ping_status":"closed","sticky":false,"template":"","format":"standard","meta":[],"categories":[17,46],"tags":[360],"_links":{"self":[{"href":"https:\/\/archiv.sozialismus.info\/maschinenraum\/wp-json\/wp\/v2\/posts\/34564"}],"collection":[{"href":"https:\/\/archiv.sozialismus.info\/maschinenraum\/wp-json\/wp\/v2\/posts"}],"about":[{"href":"https:\/\/archiv.sozialismus.info\/maschinenraum\/wp-json\/wp\/v2\/types\/post"}],"author":[{"embeddable":true,"href":"https:\/\/archiv.sozialismus.info\/maschinenraum\/wp-json\/wp\/v2\/users\/2"}],"replies":[{"embeddable":true,"href":"https:\/\/archiv.sozialismus.info\/maschinenraum\/wp-json\/wp\/v2\/comments?post=34564"}],"version-history":[{"count":1,"href":"https:\/\/archiv.sozialismus.info\/maschinenraum\/wp-json\/wp\/v2\/posts\/34564\/revisions"}],"predecessor-version":[{"id":34566,"href":"https:\/\/archiv.sozialismus.info\/maschinenraum\/wp-json\/wp\/v2\/posts\/34564\/revisions\/34566"}],"wp:featuredmedia":[{"embeddable":true,"href":"https:\/\/archiv.sozialismus.info\/maschinenraum\/wp-json\/wp\/v2\/media\/34565"}],"wp:attachment":[{"href":"https:\/\/archiv.sozialismus.info\/maschinenraum\/wp-json\/wp\/v2\/media?parent=34564"}],"wp:term":[{"taxonomy":"category","embeddable":true,"href":"https:\/\/archiv.sozialismus.info\/maschinenraum\/wp-json\/wp\/v2\/categories?post=34564"},{"taxonomy":"post_tag","embeddable":true,"href":"https:\/\/archiv.sozialismus.info\/maschinenraum\/wp-json\/wp\/v2\/tags?post=34564"}],"curies":[{"name":"wp","href":"https:\/\/api.w.org\/{rel}","templated":true}]}}