{"id":33368,"date":"2016-08-11T11:23:41","date_gmt":"2016-08-11T09:23:41","guid":{"rendered":"https:\/\/www.sozialismus.info\/?p=33368"},"modified":"2016-08-11T11:24:19","modified_gmt":"2016-08-11T09:24:19","slug":"dortmunder-nazis-attackieren-antifaschisten","status":"publish","type":"post","link":"https:\/\/archiv.sozialismus.info\/maschinenraum\/2016\/08\/dortmunder-nazis-attackieren-antifaschisten\/","title":{"rendered":"Dortmunder Nazis attackieren Antifaschisten"},"content":{"rendered":"<p><strong><a href=\"https:\/\/www.archiv.sozialismus.info\/maschinenraum\/wp-content\/uploads\/2016\/08\/s6_Demo-K\u00f6ln-gegen-Rechts.jpg\"><img loading=\"lazy\" class=\"alignleft size-medium wp-image-33369\" src=\"https:\/\/www.archiv.sozialismus.info\/maschinenraum\/wp-content\/uploads\/2016\/08\/s6_Demo-K\u00f6ln-gegen-Rechts-260x173.jpg\" alt=\"s6_Demo K\u00f6ln gegen Rechts\" width=\"260\" height=\"173\" srcset=\"https:\/\/archiv.sozialismus.info\/maschinenraum\/wp-content\/uploads\/2016\/08\/s6_Demo-K\u00f6ln-gegen-Rechts-260x173.jpg 260w, https:\/\/archiv.sozialismus.info\/maschinenraum\/wp-content\/uploads\/2016\/08\/s6_Demo-K\u00f6ln-gegen-Rechts-768x512.jpg 768w, https:\/\/archiv.sozialismus.info\/maschinenraum\/wp-content\/uploads\/2016\/08\/s6_Demo-K\u00f6ln-gegen-Rechts-521x347.jpg 521w, https:\/\/archiv.sozialismus.info\/maschinenraum\/wp-content\/uploads\/2016\/08\/s6_Demo-K\u00f6ln-gegen-Rechts-600x400.jpg 600w\" sizes=\"(max-width: 260px) 100vw, 260px\" \/><\/a>Interview mit einem Dortmunder SAV-Mitglied<\/strong><\/p>\n<p>Am 31. Juli kam es auf der Demo \u201eGegen Nationalismus und Rassismus\u201c in K\u00f6ln bei der Abreise zu einem Angriff von DIE RECHTE auf AntifaschistInnen. Thies aus Dortmund berichtet \u00fcber die Ereignisse und den Kampf gegen die Naziszene in Dortmund.<\/p>\n<p><strong>Kannst du uns von dem Angriff berichten?<\/strong><\/p>\n<p>Einige GenossInnen von Linksjugend [solid] und der SAV waren auf der Demo gegen Rassismus und Nationalismus von \u201eK\u00f6ln gegen Rechts\u201c. Dort haben wir nicht nur gegen die Demo der AKP protestiert, die 20000 Erdogan-Fans herangekarrt hatte um ihre Repression in der T\u00fcrkei zu legitimieren, sondern auch gegen einen Aufmarschversuch verschiedener rechter Kr\u00e4fte, an dem pro NRW, Reste von HoGeSa, die NPD und eben auch DIE RECHTE beteiligt waren. Die 150-200 Nazis durften wegen ihrem aggressivem Auftreten nicht marschieren und standen auf dem Bahnhofsvorplatz etwa 1000 AntifaschistInnen gegen\u00fcber \u2013 der Tag war f\u00fcr sie also eine Niederlage. Als wir nach Hause wollten und mit acht Leuten schon im RE1 sa\u00dfen, entschied die Polizei die Nazikundgebung zu beenden.<\/p>\n<p>F\u00fcr die Heimreise der Nazis wurde der RE1 ausgesucht und extra aufgehalten. Wir haben nur gemerkt dass der Zug nicht losfuhr und sahen pl\u00f6tzlich Dortmunder Nazis vorbeigehen. Wir wollten nat\u00fcrlich nicht mit denen in der Bahn sitzen und sind ausgestiegen, dabei haben wir gemerkt dass auf dem ganzen Bahnsteig ca. 50 Nazis standen. Die GenossInnen haben bei der Flucht nur ein Paar blaue Flecke durch Schl\u00e4ge und Tritte abbekommen. Ich bin auf eine Treppe zugerannt und wurde von mehreren Nazis attackiert.Dabei bekam ich eine Faust auf die Nase und wurde gegen den stehenden Zug geschlagen. Sie haben mich aber nicht vom Bahnsteig herunter verfolgt und ein Krankenwagen wurde von der DB-Sicherheit gerufen, weil ich aus einer Platzwunde an der Stirn blutete. Gl\u00fccklicherweise waren auch Antifa-Sanis in der N\u00e4he und k\u00fcmmerten sich um mich. Die Polizei kam ein Paar Minuten sp\u00e4ter auf den Bahnsteig und ich habe die Nazis angezeigt. Durch die \u00dcberwachungskameras im Bahnhof sollte sich leicht feststellen lassen, wer genau was gemacht hat.<\/p>\n<p>Auch an den darauffolgenden beiden Tagen waren die Nazis aktiv, es gab einen Angriff auf AntifaschistInnen in der Dortmunder Nazihochburg Dorstfeld und eine Provokation durch Nazihools in der Nordstadt.<\/p>\n<p><strong>Wie kommt es dazu, dass Nazis auf offener Stra\u00dfe Menschen attackieren?<\/strong><\/p>\n<p>Einerseits gehen sie, wenn sie in \u00dcberzahl sind, davon aus dass wir uns nicht wirksam verteidigen k\u00f6nnen. Andererseits gibt es aber auch politische Gr\u00fcnde. Sie f\u00fchlen sich durch ihren erfolgreichen Aufmarsch am 4.6 in Dortmund, der von der Polizei durchgesetzt wurde, ermutigt. Schon seit Jahren hat die Dortmunder Polizei sich den Nazis gegen\u00fcber entgegenkommend verhalten und so beigetragen, dass Dortmund zur Nazi-Hochburg werden konnte. DIE RECHTE bezeichnet sich zwar offiziell als Partei, in Wirklichkeit setzen sie aber auf Gewalt und Terror gegen politische GegnerInnen und MigrantInnen.<\/p>\n<p>Bei dem Angriff in K\u00f6ln kommt dazu, dass die Polizei offenbar vergessen hat die Nazis bei der Abreise zu begleiten, obwohl die gleiche Truppe am selben Tag schon auf der Hinfahrt im Zug randaliert hatte.<\/p>\n<p><strong>Wie sieht das weitere Vorgehen aus?<\/strong><\/p>\n<p>Wie schon gesagt wurde Anzeige erstattet, wir werden uns aber nicht allein auf Polizei und Justiz verlassen. Wir werden gemeinsam mit B\u00fcndnispartnerInnen \u00d6ffentlichkeitsarbeit machen und die aus der Anzeige wahrscheinlich folgenden Prozesse begleiten.<\/p>\n<p>Wir haben intensiver \u00fcber M\u00f6glichkeiten von antifaschistischem Selbstschutz diskutiert und z.B. ein Sicherheitskonzept f\u00fcr unsere Treffen und Veranstaltungen \u00fcberlegt. Allerdings ist die direkte Verteidigung gegen Naziangriffe nur ein Teil, genauso wichtig ist es, eine breite Mobilisierung gegen Nazis und Rassismus in der Gesellschaft zu erreichen und ihnen durch linke Politik den Boden zu entziehen.<\/p>\n<p><strong>In Dortmund stehen noch weitere Naziaufm\u00e4rsche an. Wie wollt ihr dem entgegenwirken?<\/strong><\/p>\n<p>Wir werden gemeinsam mit unseren B\u00fcndnispartnerInnen bei BlockaDO Aktionen gegen den Nazi-Hool-Aufmarsch am 8.10. planen. Es gibt keinen Grund, der es in Dortmund grunds\u00e4tzlich unm\u00f6glich machen w\u00fcrde, Naziaufm\u00e4rsche zu stoppen \u2013 in anderen St\u00e4dten hat das auch geklappt.<\/p>\n<p><em>Das Interview f\u00fchrte Jens Jaschik<\/em><\/p>\n","protected":false},"excerpt":{"rendered":"<p>Interview mit einem Dortmunder SAV-Mitglied<\/p>\n","protected":false},"author":2,"featured_media":33369,"comment_status":"closed","ping_status":"closed","sticky":false,"template":"","format":"standard","meta":[],"categories":[5],"tags":[772],"_links":{"self":[{"href":"https:\/\/archiv.sozialismus.info\/maschinenraum\/wp-json\/wp\/v2\/posts\/33368"}],"collection":[{"href":"https:\/\/archiv.sozialismus.info\/maschinenraum\/wp-json\/wp\/v2\/posts"}],"about":[{"href":"https:\/\/archiv.sozialismus.info\/maschinenraum\/wp-json\/wp\/v2\/types\/post"}],"author":[{"embeddable":true,"href":"https:\/\/archiv.sozialismus.info\/maschinenraum\/wp-json\/wp\/v2\/users\/2"}],"replies":[{"embeddable":true,"href":"https:\/\/archiv.sozialismus.info\/maschinenraum\/wp-json\/wp\/v2\/comments?post=33368"}],"version-history":[{"count":2,"href":"https:\/\/archiv.sozialismus.info\/maschinenraum\/wp-json\/wp\/v2\/posts\/33368\/revisions"}],"predecessor-version":[{"id":33371,"href":"https:\/\/archiv.sozialismus.info\/maschinenraum\/wp-json\/wp\/v2\/posts\/33368\/revisions\/33371"}],"wp:featuredmedia":[{"embeddable":true,"href":"https:\/\/archiv.sozialismus.info\/maschinenraum\/wp-json\/wp\/v2\/media\/33369"}],"wp:attachment":[{"href":"https:\/\/archiv.sozialismus.info\/maschinenraum\/wp-json\/wp\/v2\/media?parent=33368"}],"wp:term":[{"taxonomy":"category","embeddable":true,"href":"https:\/\/archiv.sozialismus.info\/maschinenraum\/wp-json\/wp\/v2\/categories?post=33368"},{"taxonomy":"post_tag","embeddable":true,"href":"https:\/\/archiv.sozialismus.info\/maschinenraum\/wp-json\/wp\/v2\/tags?post=33368"}],"curies":[{"name":"wp","href":"https:\/\/api.w.org\/{rel}","templated":true}]}}