{"id":33007,"date":"2016-06-12T13:20:54","date_gmt":"2016-06-12T11:20:54","guid":{"rendered":"https:\/\/www.sozialismus.info\/?p=33007"},"modified":"2016-05-24T13:49:48","modified_gmt":"2016-05-24T11:49:48","slug":"die-menschen-kuemmern-sich-nicht-der-staat","status":"publish","type":"post","link":"https:\/\/archiv.sozialismus.info\/maschinenraum\/2016\/06\/die-menschen-kuemmern-sich-nicht-der-staat\/","title":{"rendered":"\u201eDie Menschen k\u00fcmmern sich, nicht der Staat\u201c"},"content":{"rendered":"<p><em><a href=\"https:\/\/www.archiv.sozialismus.info\/maschinenraum\/wp-content\/uploads\/2016\/05\/s6_Baqir2.jpg\"><img loading=\"lazy\" class=\"alignleft size-medium wp-image-33008\" src=\"https:\/\/www.archiv.sozialismus.info\/maschinenraum\/wp-content\/uploads\/2016\/05\/s6_Baqir2-260x173.jpg\" alt=\"s6_Baqir2\" width=\"260\" height=\"173\" srcset=\"https:\/\/archiv.sozialismus.info\/maschinenraum\/wp-content\/uploads\/2016\/05\/s6_Baqir2-260x173.jpg 260w, https:\/\/archiv.sozialismus.info\/maschinenraum\/wp-content\/uploads\/2016\/05\/s6_Baqir2-768x512.jpg 768w, https:\/\/archiv.sozialismus.info\/maschinenraum\/wp-content\/uploads\/2016\/05\/s6_Baqir2-521x347.jpg 521w, https:\/\/archiv.sozialismus.info\/maschinenraum\/wp-content\/uploads\/2016\/05\/s6_Baqir2-600x400.jpg 600w, https:\/\/archiv.sozialismus.info\/maschinenraum\/wp-content\/uploads\/2016\/05\/s6_Baqir2.jpg 1188w\" sizes=\"(max-width: 260px) 100vw, 260px\" \/><\/a>Interview mit Baqir, Fl\u00fcchtling aus Afghanistan.<\/em><\/p>\n<p><strong>Hi Baqir, du bist jetzt etwa seit einem halben Jahr in Deutschland. Wie war diese Zeit f\u00fcr dich?<\/strong><\/p>\n<p>Ehrlich gesagt nicht schlecht. Ich habe einige nette Menschen kennengelernt und viele haben sich auch f\u00fcr unsere Situation interessiert. Im Dezember zum Beispiel habe ich gesehen, wie hunderte Sch\u00fclerInnen f\u00fcr unsere Rechte auf die Stra\u00dfe gegangen sind, das hat mich beeindruckt. So bin ich ja auch in Kontakt mit der SAV gekommen.<\/p>\n<p><strong>Was waren Probleme in dieser Zeit?<\/strong><\/p>\n<p>Das Problem ist aber vor allem, von circa 100 Euro im Monat hier zu leben oder in einem Camp mit so vielen anderen untergebracht zu sein. Bis ich eine Fahrkarte hatte, hat es auch gedauert. Aber ich hatte auch Auseinandersetzungen mit Leuten aus meinem Camp, die mich angreifen wollten, weil ich nicht gl\u00e4ubig bin. Ich bin zur Security gerannt, die angeblich die Polizei gerufen hat. Die kam aber nicht.<\/p>\n<p><strong>Wie genau ist deine Wohnsituation gerade?<\/strong><\/p>\n<p>Ich bin in einem gro\u00dfen Fl\u00fcchtlingslager in Hamburg untergebracht. Das Lager, was nicht viel mehr als eine Ansammlung von Containern und Zelten ist, ist ziemlich klein und schmutzig. Weit mehr als tausend Fl\u00fcchtlinge leben dort auf engem Raum, in einem kleinen Zimmer wohnen vier Menschen zusammen. So etwas wie Privatsph\u00e4re gibt es nicht. Wenn ich lesen oder lernen will ist das kaum m\u00f6glich, weil immer andere in dem Zimmer laut Musik h\u00f6ren oder so. Es gibt keinen R\u00fcckzugsort. Aber das Hauptproblem ist die Lage des Camps. Weit drau\u00dfen, auf einem Parkplatz in einem Industriegebiet mit schlechter Verkehrsanbindung. Wir sind weit weg von den Leuten, die hier leben. Wie sollen wir so in Kontakt mit der Bev\u00f6lkerung kommen?<\/p>\n<p><strong>Hast du das Gef\u00fchl, der Staat k\u00fcmmert sich um euch?<\/strong><\/p>\n<p>Nicht wirklich. Ich habe erst n\u00e4chsten Monat mein erstes Beh\u00f6rdengespr\u00e4ch, wo ich von meiner Flucht erz\u00e4hlen soll. Der Staat versucht eher, viele Fl\u00fcchtlinge wieder loszuwerden. Ich habe auch nicht das Gef\u00fchl, dass sich unsere Wohnsituation verbessert. Im Gegenteil, uns werden zum Beispiel kaum noch Dolmetscher zur Verf\u00fcgung gestellt. Viele Menschen k\u00fcmmern sich, nicht der Staat.<\/p>\n","protected":false},"excerpt":{"rendered":"<p>Interview mit Baqir, Fl\u00fcchtling aus Afghanistan<\/p>\n","protected":false},"author":2,"featured_media":33008,"comment_status":"closed","ping_status":"closed","sticky":false,"template":"","format":"standard","meta":[],"categories":[6],"tags":[764],"_links":{"self":[{"href":"https:\/\/archiv.sozialismus.info\/maschinenraum\/wp-json\/wp\/v2\/posts\/33007"}],"collection":[{"href":"https:\/\/archiv.sozialismus.info\/maschinenraum\/wp-json\/wp\/v2\/posts"}],"about":[{"href":"https:\/\/archiv.sozialismus.info\/maschinenraum\/wp-json\/wp\/v2\/types\/post"}],"author":[{"embeddable":true,"href":"https:\/\/archiv.sozialismus.info\/maschinenraum\/wp-json\/wp\/v2\/users\/2"}],"replies":[{"embeddable":true,"href":"https:\/\/archiv.sozialismus.info\/maschinenraum\/wp-json\/wp\/v2\/comments?post=33007"}],"version-history":[{"count":1,"href":"https:\/\/archiv.sozialismus.info\/maschinenraum\/wp-json\/wp\/v2\/posts\/33007\/revisions"}],"predecessor-version":[{"id":33009,"href":"https:\/\/archiv.sozialismus.info\/maschinenraum\/wp-json\/wp\/v2\/posts\/33007\/revisions\/33009"}],"wp:featuredmedia":[{"embeddable":true,"href":"https:\/\/archiv.sozialismus.info\/maschinenraum\/wp-json\/wp\/v2\/media\/33008"}],"wp:attachment":[{"href":"https:\/\/archiv.sozialismus.info\/maschinenraum\/wp-json\/wp\/v2\/media?parent=33007"}],"wp:term":[{"taxonomy":"category","embeddable":true,"href":"https:\/\/archiv.sozialismus.info\/maschinenraum\/wp-json\/wp\/v2\/categories?post=33007"},{"taxonomy":"post_tag","embeddable":true,"href":"https:\/\/archiv.sozialismus.info\/maschinenraum\/wp-json\/wp\/v2\/tags?post=33007"}],"curies":[{"name":"wp","href":"https:\/\/api.w.org\/{rel}","templated":true}]}}