{"id":32647,"date":"2016-04-08T14:00:52","date_gmt":"2016-04-08T12:00:52","guid":{"rendered":"https:\/\/www.sozialismus.info\/?p=32647"},"modified":"2016-04-08T12:23:41","modified_gmt":"2016-04-08T10:23:41","slug":"solidaritaet-stoppt-rassismus","status":"publish","type":"post","link":"https:\/\/archiv.sozialismus.info\/maschinenraum\/2016\/04\/solidaritaet-stoppt-rassismus\/","title":{"rendered":"Solidarit\u00e4t stoppt Rassismus"},"content":{"rendered":"<p><strong><a href=\"https:\/\/www.archiv.sozialismus.info\/maschinenraum\/wp-content\/uploads\/2016\/04\/WP_20160408_12_18_49_Pro-e1460110960239.jpg\" rel=\"attachment wp-att-32648\"><img loading=\"lazy\" class=\"alignleft size-medium wp-image-32648\" src=\"https:\/\/www.archiv.sozialismus.info\/maschinenraum\/wp-content\/uploads\/2016\/04\/WP_20160408_12_18_49_Pro-e1460110960239-280x173.jpg\" alt=\"WP_20160408_12_18_49_Pro\" width=\"280\" height=\"173\" srcset=\"https:\/\/archiv.sozialismus.info\/maschinenraum\/wp-content\/uploads\/2016\/04\/WP_20160408_12_18_49_Pro-e1460110960239-280x173.jpg 280w, https:\/\/archiv.sozialismus.info\/maschinenraum\/wp-content\/uploads\/2016\/04\/WP_20160408_12_18_49_Pro-e1460110960239-162x100.jpg 162w, https:\/\/archiv.sozialismus.info\/maschinenraum\/wp-content\/uploads\/2016\/04\/WP_20160408_12_18_49_Pro-e1460110960239-768x475.jpg 768w, https:\/\/archiv.sozialismus.info\/maschinenraum\/wp-content\/uploads\/2016\/04\/WP_20160408_12_18_49_Pro-e1460110960239-560x347.jpg 560w, https:\/\/archiv.sozialismus.info\/maschinenraum\/wp-content\/uploads\/2016\/04\/WP_20160408_12_18_49_Pro-e1460110960239-600x371.jpg 600w, https:\/\/archiv.sozialismus.info\/maschinenraum\/wp-content\/uploads\/2016\/04\/WP_20160408_12_18_49_Pro-e1460110960239-534x330.jpg 534w, https:\/\/archiv.sozialismus.info\/maschinenraum\/wp-content\/uploads\/2016\/04\/WP_20160408_12_18_49_Pro-e1460110960239.jpg 1379w\" sizes=\"(max-width: 280px) 100vw, 280px\" \/><\/a>Gegen Seehofer, AfD und Co.<\/strong><\/p>\n<p align=\"LEFT\"><strong>Wohnungen bauen und Kita-Netz ausweiten<\/strong><\/p>\n<p align=\"LEFT\"><strong>Mindestlohn erh\u00f6hen und sichere Arbeitspl\u00e4tze schaffen<\/strong><\/p>\n<p align=\"LEFT\"><strong>Steuern rauf f\u00fcr Banken, Konzerne und Superreiche<\/strong><\/p>\n<p align=\"LEFT\">Auch wenn sich jetzt die etablierten Parteien schockiert zeigen: Die AfD hat bei der Wahl nur von einem Boden geerntet, den diese vorbereitet haben.<\/p>\n<p align=\"LEFT\"><em>von Georg K\u00fcmmel, K\u00f6ln<\/em><\/p>\n<p align=\"JUSTIFY\">SPD, Gr\u00fcne und CDU\/CSU haben mit Hartz IV, Steuersenkungen f\u00fcr die Reichen, Privatisierung von Wohnungsunternehmen etc. jede Menge soziale Probleme geschaffen. Die AfD macht kurzerhand die Fl\u00fcchtlinge daf\u00fcr verantwortlich. Damit hat sie Stimmen gewonnen, auch unter einem Teil der Normalverdiener und der Erwerbslosen. Aber: Wer die Fl\u00fcchtlinge im Stich l\u00e4sst, l\u00e4sst auch sich selbst im Stich. Unsolidarisches Handeln, sich spalten lassen, n\u00fctzt immer nur den Herrschenden &#8211; das beweist die ganze Geschichte.<\/p>\n<p align=\"JUSTIFY\">Gemeinsam muss man k\u00e4mpfen, weil man nur gemeinsam etwas erreichen kann. Den Fl\u00fcchtlingen helfen und sie in den Kampf einbeziehen &#8211; das ist der Weg. Die Gewerkschaften m\u00fcssen sich f\u00fcr Fl\u00fcchtlinge \u00f6ffnen, sie in soziale K\u00e4mpfe einbeziehen und sie als Mitglieder gewinnen. Zum Beispiel konkret bei den Demonstrationen am 1. Mai. Sie sollten \u00f6ffentlich daf\u00fcr werben, dass man an diesem Tag Seite an Seite mit den Gefl\u00fcchteten auf die Stra\u00dfe geht, unter anderem f\u00fcr die Verteidigung und Erh\u00f6hung des Mindestlohns. Daf\u00fcr sollten Flugbl\u00e4tter auch vor Fl\u00fcchtlingsunterk\u00fcnften verteilt werden und es w\u00e4re gut, wenn Fl\u00fcchtlinge eingeladen w\u00fcrden, auf den Kundgebungen zu sprechen.<\/p>\n<h4 align=\"LEFT\">Gemeinsame Interessen<\/h4>\n<p align=\"JUSTIFY\">Wer Rassismus und AfD stoppen will, darf sich nicht mit den K\u00fcrzungs- und &#8218;Jetzt-aber-wieder-Grenzen-dicht&#8216;-Parteien in eine Reihe aufstellen, sondern muss gegen diese prokapitalistischen Parteien k\u00e4mpfen, gegen deren K\u00fcrzungspolitik und gegen deren Auftraggeber, das Kapital.<\/p>\n<p align=\"JUSTIFY\">Das Grundprinzip der Arbeiterbewegung, die Solidarit\u00e4t, muss wieder zur Leitlinie allen Handelns werden. Solidarit\u00e4t hei\u00dft nicht, Sonntagsreden halten, Solidarit\u00e4t hei\u00dft, f\u00fcr gemeinsame Interessen gemeinsam zu k\u00e4mpfen. Immer und \u00fcberall. Nur so kann man gewinnen, egal ob den Kampf f\u00fcr h\u00f6here L\u00f6hne, bezahlbare Wohnungen oder gegen Fluchtursachen. Und nur so, gemeinsam und in Opposition zu den Herrschenden, kann man Rassismus und die Rechten besiegen.<\/p>\n","protected":false},"excerpt":{"rendered":"<p>Gegen Seehofer, AfD und Co.<\/p>\n","protected":false},"author":2,"featured_media":32648,"comment_status":"closed","ping_status":"closed","sticky":false,"template":"","format":"standard","meta":[],"categories":[5],"tags":[762],"_links":{"self":[{"href":"https:\/\/archiv.sozialismus.info\/maschinenraum\/wp-json\/wp\/v2\/posts\/32647"}],"collection":[{"href":"https:\/\/archiv.sozialismus.info\/maschinenraum\/wp-json\/wp\/v2\/posts"}],"about":[{"href":"https:\/\/archiv.sozialismus.info\/maschinenraum\/wp-json\/wp\/v2\/types\/post"}],"author":[{"embeddable":true,"href":"https:\/\/archiv.sozialismus.info\/maschinenraum\/wp-json\/wp\/v2\/users\/2"}],"replies":[{"embeddable":true,"href":"https:\/\/archiv.sozialismus.info\/maschinenraum\/wp-json\/wp\/v2\/comments?post=32647"}],"version-history":[{"count":1,"href":"https:\/\/archiv.sozialismus.info\/maschinenraum\/wp-json\/wp\/v2\/posts\/32647\/revisions"}],"predecessor-version":[{"id":32649,"href":"https:\/\/archiv.sozialismus.info\/maschinenraum\/wp-json\/wp\/v2\/posts\/32647\/revisions\/32649"}],"wp:featuredmedia":[{"embeddable":true,"href":"https:\/\/archiv.sozialismus.info\/maschinenraum\/wp-json\/wp\/v2\/media\/32648"}],"wp:attachment":[{"href":"https:\/\/archiv.sozialismus.info\/maschinenraum\/wp-json\/wp\/v2\/media?parent=32647"}],"wp:term":[{"taxonomy":"category","embeddable":true,"href":"https:\/\/archiv.sozialismus.info\/maschinenraum\/wp-json\/wp\/v2\/categories?post=32647"},{"taxonomy":"post_tag","embeddable":true,"href":"https:\/\/archiv.sozialismus.info\/maschinenraum\/wp-json\/wp\/v2\/tags?post=32647"}],"curies":[{"name":"wp","href":"https:\/\/api.w.org\/{rel}","templated":true}]}}