{"id":32576,"date":"2016-03-31T15:00:58","date_gmt":"2016-03-31T13:00:58","guid":{"rendered":"https:\/\/www.sozialismus.info\/?p=32576"},"modified":"2016-03-30T21:57:26","modified_gmt":"2016-03-30T19:57:26","slug":"containern-ist-kein-verbrechen","status":"publish","type":"post","link":"https:\/\/archiv.sozialismus.info\/maschinenraum\/2016\/03\/containern-ist-kein-verbrechen\/","title":{"rendered":"Containern ist kein Verbrechen!"},"content":{"rendered":"<p>&nbsp;<\/p>\n<figure id=\"attachment_32578\" aria-describedby=\"caption-attachment-32578\" style=\"width: 280px\" class=\"wp-caption alignleft\"><a href=\"https:\/\/www.archiv.sozialismus.info\/maschinenraum\/wp-content\/uploads\/2016\/03\/Dumpstered_vegetables-e1459367707420.jpeg\" rel=\"attachment wp-att-32578\"><img loading=\"lazy\" class=\"size-medium wp-image-32578\" src=\"https:\/\/www.archiv.sozialismus.info\/maschinenraum\/wp-content\/uploads\/2016\/03\/Dumpstered_vegetables-e1459367707420-280x173.jpeg\" alt=\"Julian~commonswiki CC BY-SA 3.0\" width=\"280\" height=\"173\" srcset=\"https:\/\/archiv.sozialismus.info\/maschinenraum\/wp-content\/uploads\/2016\/03\/Dumpstered_vegetables-e1459367707420-280x173.jpeg 280w, https:\/\/archiv.sozialismus.info\/maschinenraum\/wp-content\/uploads\/2016\/03\/Dumpstered_vegetables-e1459367707420-162x100.jpeg 162w, https:\/\/archiv.sozialismus.info\/maschinenraum\/wp-content\/uploads\/2016\/03\/Dumpstered_vegetables-e1459367707420-534x330.jpeg 534w, https:\/\/archiv.sozialismus.info\/maschinenraum\/wp-content\/uploads\/2016\/03\/Dumpstered_vegetables-e1459367707420.jpeg 545w\" sizes=\"(max-width: 280px) 100vw, 280px\" \/><\/a><figcaption id=\"caption-attachment-32578\" class=\"wp-caption-text\">Julian~commonswiki CC BY-SA 3.0<\/figcaption><\/figure>\n<p><strong>Solidarit\u00e4tskampagne mit zwei Angeklagten in Aachen<\/strong><\/p>\n<p>In Aachen werden demn\u00e4chst zwei Menschen vor Gericht gestellt. Ihnen wird &#8222;schwerer Diebstahl&#8220; vorgeworfen &#8211; weil sie Lebensmittel vor dem M\u00fcll gerettet haben sollen.<\/p>\n<p><em>Von Christian Walter, Aachen<\/em><\/p>\n<p>Dieser Prozess ist ein Angriff auf alle Menschen, die selber Containern oder nicht einverstanden sind damit, dass gutes Essen massenhaft vernichtet wird. Es gibt immer wieder Versuche, solche Menschen zu kriminalisieren. In Aachen wurde im Juni 2013 ein Prozess gegen zwei Containerer eingestellt \u2013 nach massiven Protesten.<\/p>\n<h4>Volle Kassen statt volle B\u00e4uche?<\/h4>\n<p>Im Kapitalismus sind Lebensmittel \u2013 wie alles andere \u2013 Waren. Sie werden nicht hergestellt, um Menschen satt zu machen, sondern nur um sie (profitabel) zu verkaufen. So werden bis zu f\u00fcnfzig Prozent der Lebensmittel vernichtet \u2013 die allermeisten noch bevor sie jemals in einem Laden waren. Es gibt absurde Normen f\u00fcr die Farbe von Fr\u00fcchten, den Kr\u00fcmmungsgrad bei Gurken oder Bananen und f\u00fcr Dicke von Kartoffeln. Bei der Ernte wird massiv aussortiert, in Fabriken ebenso. Und nicht zuletzt f\u00fchrt die Konkurrenz der Superm\u00e4rkte dazu, dass jeden Abend tonnenweise gute Lebensmittel weggeworfen werden. \u00dcbrigens nicht nur im \u201ereichen Westen\u201c &#8211; auch in weniger industrialisierten Erdteilen gibt es volle Superm\u00e4rkte. Aber kaufen kann auch dort nur, wer das n\u00f6tige Geld hat. Die anderen m\u00fcssen nicht selten Hunger leiden.<\/p>\n<h4>Volle B\u00e4uche statt volle Kassen!<\/h4>\n<p>Hier setzt das Containern an: Es bedeutet, dass man zu den M\u00fclltonnen der Superm\u00e4rkte (oder Fabriken, Gro\u00dfm\u00e4rkte etc.) geht und gute Lebensmittel \u201erettet\u201c. Die Motivationen k\u00f6nnen dabei ganz verschiedene sein: Manche machen es aus Armut, andere wollen sich nicht damit abfinden dass gutes Essen vernichtet wird. Ob man damit grundlegend etwas ver\u00e4ndert darf bezweifelt werden. Aber es zeigt die Unf\u00e4higkeit des Kapitalismus auf, bei massiver \u00dcberproduktion den Menschen auch nur die Grundbed\u00fcrfnisse zu erf\u00fcllen.<\/p>\n<h4>Solidarit\u00e4t gegen Kriminalisierung<\/h4>\n<p>Containernde widersetzen sich der Logik des Kapitalismus, dass man nur etwas bekommt wenn man daf\u00fcr Geld bezahlt. Nach geltendem Gesetz ist das Containern Diebstahl. Und immer wieder gibt es Kriminalisierungsversuche.<\/p>\n<p>Jetzt hat es zwei Menschen aus Aachen getroffen. Noch steht kein Termin fest. Die Anklage lautet \u201eschwerer Diebstahl\u201c, weil der \u201eWarenwert\u201c \u00fcber f\u00fcnfzig Euro gewesen sei. Es gibt viele Widerspr\u00fcche, die darauf hindeuten, dass die Staatsanwaltschaft eine abschreckende Wirkung erzielen m\u00f6chte.<\/p>\n<p>Es regt sich Widerstand: Vergangene Woche Dienstag haben wir uns mit etwa zehn Menschen getroffen und den Grundstein f\u00fcr eine Solidarit\u00e4ts- und Protestgruppe gelegt. Wir einigten uns darauf, kommende Woche eine \u00f6ffentliche Info-Veranstaltung zu machen und dort die Gruppe auch offiziell zu gr\u00fcnden. Bisher \u2013 sechs Tage nach der Ver\u00f6ffentlichung &#8211; wurde ein Facebook-Eintrag mit diesen Infos 360 mal geteilt und hat \u00fcber 36.000 Menschen erreicht. F\u00fcr die Facebook-Veranstaltung zum Info-Abend interessieren sich mehr als 250 Menschen. Wie 2013 ist das Ziel klar: In die \u00d6ffentlichkeit gehen. So viel Druck aufbauen, bis der Prozess eingestellt wird. Offenbar gibt es nicht wenige Menschen, die dieses Ziel teilen. Wir hoffen, viele von ihnen f\u00fcr aktiven Protest und Widerstand zu gewinnen. Und \u2013 unabh\u00e4ngig vom Ausgang dieser konkreten Auseinandersetzung \u2013 muss es auch darum gehen, das kapitalistische Wirtschaftssystem zu \u00fcberwinden. Denn Profitstreben, Konkurrenz und massenhafte Vernichtung von Lebensmitteln und anderen Ressourcen sind nur Symptome, nicht die Ursache der Probleme.<\/p>\n<p><strong>Die Info-Veranstaltung findet statt am 5.4. um 17:00 Uhr im Linken Zentrum Aachen, Augustastra\u00dfe 69.<\/strong><\/p>\n<p><strong>Alle Infos gibt es bei Facebook: <a href=\"https:\/\/www.facebook.com\/AachenContainert\/photos\/a.384513268297225.91116.384227021659183\/996306990451180\/\">https:\/\/www.facebook.com\/AachenContainert\/photos\/a.384513268297225.91116.384227021659183\/996306990451180\/<\/a><\/strong><\/p>\n<h5><em>Christian Walter ist aktiv bie linksjugend [&#8217;solid] Aachen und betriebt die Facebook-Seite \u201eAachen Containert\u201c.<\/em><\/h5>\n","protected":false},"excerpt":{"rendered":"<p>Solidarit\u00e4tskampagne mit zwei Angeklagten in Aachen<\/p>\n","protected":false},"author":2,"featured_media":32578,"comment_status":"closed","ping_status":"closed","sticky":false,"template":"","format":"standard","meta":[],"categories":[116],"tags":[],"_links":{"self":[{"href":"https:\/\/archiv.sozialismus.info\/maschinenraum\/wp-json\/wp\/v2\/posts\/32576"}],"collection":[{"href":"https:\/\/archiv.sozialismus.info\/maschinenraum\/wp-json\/wp\/v2\/posts"}],"about":[{"href":"https:\/\/archiv.sozialismus.info\/maschinenraum\/wp-json\/wp\/v2\/types\/post"}],"author":[{"embeddable":true,"href":"https:\/\/archiv.sozialismus.info\/maschinenraum\/wp-json\/wp\/v2\/users\/2"}],"replies":[{"embeddable":true,"href":"https:\/\/archiv.sozialismus.info\/maschinenraum\/wp-json\/wp\/v2\/comments?post=32576"}],"version-history":[{"count":3,"href":"https:\/\/archiv.sozialismus.info\/maschinenraum\/wp-json\/wp\/v2\/posts\/32576\/revisions"}],"predecessor-version":[{"id":32581,"href":"https:\/\/archiv.sozialismus.info\/maschinenraum\/wp-json\/wp\/v2\/posts\/32576\/revisions\/32581"}],"wp:featuredmedia":[{"embeddable":true,"href":"https:\/\/archiv.sozialismus.info\/maschinenraum\/wp-json\/wp\/v2\/media\/32578"}],"wp:attachment":[{"href":"https:\/\/archiv.sozialismus.info\/maschinenraum\/wp-json\/wp\/v2\/media?parent=32576"}],"wp:term":[{"taxonomy":"category","embeddable":true,"href":"https:\/\/archiv.sozialismus.info\/maschinenraum\/wp-json\/wp\/v2\/categories?post=32576"},{"taxonomy":"post_tag","embeddable":true,"href":"https:\/\/archiv.sozialismus.info\/maschinenraum\/wp-json\/wp\/v2\/tags?post=32576"}],"curies":[{"name":"wp","href":"https:\/\/api.w.org\/{rel}","templated":true}]}}