{"id":32464,"date":"2016-03-13T15:35:15","date_gmt":"2016-03-13T14:35:15","guid":{"rendered":"https:\/\/www.sozialismus.info\/?p=32464"},"modified":"2016-03-13T15:37:48","modified_gmt":"2016-03-13T14:37:48","slug":"koeln-4000-auf-der-strasse-gegen-sexismus-und-rassismus","status":"publish","type":"post","link":"https:\/\/archiv.sozialismus.info\/maschinenraum\/2016\/03\/koeln-4000-auf-der-strasse-gegen-sexismus-und-rassismus\/","title":{"rendered":"K\u00f6ln: 4000 auf der Stra\u00dfe gegen Sexismus und Rassismus"},"content":{"rendered":"<p id=\"_CONV_ID_0\"><a href=\"https:\/\/www.archiv.sozialismus.info\/maschinenraum\/wp-content\/uploads\/2016\/03\/20160312_134343.jpg\" rel=\"attachment wp-att-32465\"><img loading=\"lazy\" class=\"alignleft size-medium wp-image-32465\" src=\"https:\/\/www.archiv.sozialismus.info\/maschinenraum\/wp-content\/uploads\/2016\/03\/20160312_134343-231x173.jpg\" alt=\"20160312_134343\" width=\"231\" height=\"173\" srcset=\"https:\/\/archiv.sozialismus.info\/maschinenraum\/wp-content\/uploads\/2016\/03\/20160312_134343-231x173.jpg 231w, https:\/\/archiv.sozialismus.info\/maschinenraum\/wp-content\/uploads\/2016\/03\/20160312_134343-768x576.jpg 768w, https:\/\/archiv.sozialismus.info\/maschinenraum\/wp-content\/uploads\/2016\/03\/20160312_134343-463x347.jpg 463w, https:\/\/archiv.sozialismus.info\/maschinenraum\/wp-content\/uploads\/2016\/03\/20160312_134343-600x450.jpg 600w\" sizes=\"(max-width: 231px) 100vw, 231px\" \/><\/a>Mit eine<span id=\"_CONV_ID_2\">r<\/span> <span id=\"_CONV_ID_4\">sehr lebendigen,<\/span> lauten und bunten Demonstration haben am Samstag <span id=\"_CONV_ID_6\">AktivistInnen <\/span>\u00a0ein klares Zeichen gegen sex<span id=\"_CONV_ID_8\">ualisierte Gewalt und Rassismus<\/span> <span id=\"_CONV_ID_10\">gesetzt. 4000 Menschen zogen durch die K\u00f6lner Innenstadt, auch die K\u00f6lner und Aachener SAV war mit zehn AktivistInnen dabei.<\/span><\/p>\n<p id=\"_CONV_ID_11; _CONV_ID_12\">Unter dem Motto \u201eReclaim Feminism \u2013 unser Feminismus ist antirassistisch\u201c hatte ein linkes B\u00fcndnis verschiedener linker Organisationen, feministischer und antifaschistischer \u00a0Gruppen bundesweit nach K\u00f6ln mobilisiert.<\/p>\n<p id=\"_CONV_ID_14; _CONV_ID_16; _CONV_ID_18\"><span id=\"_CONV_ID_13\">Auf<\/span> Transparente<span id=\"_CONV_ID_15\">n,<\/span> Plak<span id=\"_CONV_ID_17\">aten und Sprechch\u00f6ren<\/span> <span id=\"_CONV_ID_19\">verurteilten die TeilnehmerInnen immer wieder die rassistische Vereinnahmung der \u00dcbergriffe in der Silvesternacht in K\u00f6ln durch die Rechten und die etablierten Parteien. In zahlreichen Redebeitr\u00e4gen wurden Sexismus und Rassismus als Spaltungsinstrumente im Kapitalismus weltweit benannt und ein gemeinsamer Kampf dagegen gefordert.<\/span><\/p>\n<p id=\"_CONV_ID_21\"><span id=\"_CONV_ID_20\">Thematisiert wurde auch die Situation von gefl\u00fcchteten Frauen, welche die Asylrechtsversch\u00e4rfung am h\u00e4rtesten treffen und die in Fl\u00fcchtlingsunterk\u00fcnften oftmals sexueller Bel\u00e4stigung und Gewalt ausgesetzt sind. In K\u00f6ln k\u00e4mpft derzeit eine Initiative schwuler und lesbischer Fl\u00fcchtlinge f\u00fcr eine sichere Fl\u00fcchtlingsunterbringung, auch hier waren Vertreter anwesend.\u00a0<\/span>Verschiedene Fl\u00fcchtlingsorganisationen, z.B. von afghanischen und syrischen MigrantInnen, <span id=\"_CONV_ID_22\">solidarisierten sich mit den Opfern der Silvesternacht.<\/span><\/p>\n<p id=\"_CONV_ID_23; _CONV_ID_25\">Am Vortag des ( h\u00f6chstwahrscheinlichen) Einzugs der rassistischen <span id=\"_CONV_ID_24\">(und extrem sexistischen) Afd<\/span> in drei Landtage stand der Kampf gegen Nazis und Rassisten <span id=\"_CONV_ID_26; _CONV_ID_27\">ebenfalls im Mittelpunkt der Demonstration. Das B\u00fcndnis \u201eK\u00f6ln gegen Rechts\u201c, das dieses und letztes Jahr den Widerstand gegen rechte Aufm\u00e4rsche z.B. von HOGESA und Pegida ma\u00dfgeblich mit organisiert hat, war mit einem eigenen Block vertreten. Die beiden Aktivengruppen des B\u00fcndnisses, \u201eK\u00f6lle Alarm\u201c und \u201eAktiv gegen rechts\u201c, die seit Jahresbeginn unerm\u00fcdlich auf der Stra\u00dfe sind, mobilisierten f\u00fcr eine Blockadeaktion gegen die Afd-Wahlparty am Sonntag in K\u00f6ln.<\/span><\/p>\n<div id='gallery-1' class='gallery galleryid-32464 gallery-columns-3 gallery-size-thumbnail'><figure class='gallery-item'>\n\t\t\t<div class='gallery-icon landscape'>\n\t\t\t\t<a href='https:\/\/archiv.sozialismus.info\/maschinenraum\/2016\/03\/koeln-4000-auf-der-strasse-gegen-sexismus-und-rassismus\/dsc_0052\/'><img width=\"162\" height=\"100\" src=\"https:\/\/archiv.sozialismus.info\/maschinenraum\/wp-content\/uploads\/2016\/03\/DSC_0052-162x100.jpg\" class=\"attachment-thumbnail size-thumbnail\" alt=\"\" loading=\"lazy\" srcset=\"https:\/\/archiv.sozialismus.info\/maschinenraum\/wp-content\/uploads\/2016\/03\/DSC_0052-162x100.jpg 162w, https:\/\/archiv.sozialismus.info\/maschinenraum\/wp-content\/uploads\/2016\/03\/DSC_0052-262x160.jpg 262w, https:\/\/archiv.sozialismus.info\/maschinenraum\/wp-content\/uploads\/2016\/03\/DSC_0052-534x330.jpg 534w\" sizes=\"(max-width: 162px) 100vw, 162px\" \/><\/a>\n\t\t\t<\/div><\/figure><figure class='gallery-item'>\n\t\t\t<div class='gallery-icon landscape'>\n\t\t\t\t<a href='https:\/\/archiv.sozialismus.info\/maschinenraum\/2016\/03\/koeln-4000-auf-der-strasse-gegen-sexismus-und-rassismus\/dsc_0054\/'><img width=\"162\" height=\"100\" src=\"https:\/\/archiv.sozialismus.info\/maschinenraum\/wp-content\/uploads\/2016\/03\/DSC_0054-162x100.jpg\" class=\"attachment-thumbnail size-thumbnail\" alt=\"\" loading=\"lazy\" srcset=\"https:\/\/archiv.sozialismus.info\/maschinenraum\/wp-content\/uploads\/2016\/03\/DSC_0054-162x100.jpg 162w, https:\/\/archiv.sozialismus.info\/maschinenraum\/wp-content\/uploads\/2016\/03\/DSC_0054-262x160.jpg 262w, https:\/\/archiv.sozialismus.info\/maschinenraum\/wp-content\/uploads\/2016\/03\/DSC_0054-534x330.jpg 534w\" sizes=\"(max-width: 162px) 100vw, 162px\" \/><\/a>\n\t\t\t<\/div><\/figure><figure class='gallery-item'>\n\t\t\t<div class='gallery-icon landscape'>\n\t\t\t\t<a href='https:\/\/archiv.sozialismus.info\/maschinenraum\/2016\/03\/koeln-4000-auf-der-strasse-gegen-sexismus-und-rassismus\/dsc_0067\/'><img width=\"162\" height=\"100\" src=\"https:\/\/archiv.sozialismus.info\/maschinenraum\/wp-content\/uploads\/2016\/03\/DSC_0067-162x100.jpg\" class=\"attachment-thumbnail size-thumbnail\" alt=\"\" loading=\"lazy\" srcset=\"https:\/\/archiv.sozialismus.info\/maschinenraum\/wp-content\/uploads\/2016\/03\/DSC_0067-162x100.jpg 162w, https:\/\/archiv.sozialismus.info\/maschinenraum\/wp-content\/uploads\/2016\/03\/DSC_0067-262x160.jpg 262w, https:\/\/archiv.sozialismus.info\/maschinenraum\/wp-content\/uploads\/2016\/03\/DSC_0067-534x330.jpg 534w\" sizes=\"(max-width: 162px) 100vw, 162px\" \/><\/a>\n\t\t\t<\/div><\/figure><figure class='gallery-item'>\n\t\t\t<div class='gallery-icon landscape'>\n\t\t\t\t<a href='https:\/\/archiv.sozialismus.info\/maschinenraum\/2016\/03\/koeln-4000-auf-der-strasse-gegen-sexismus-und-rassismus\/20160312_134210\/'><img width=\"162\" height=\"100\" src=\"https:\/\/archiv.sozialismus.info\/maschinenraum\/wp-content\/uploads\/2016\/03\/20160312_134210-162x100.jpg\" class=\"attachment-thumbnail size-thumbnail\" alt=\"\" loading=\"lazy\" srcset=\"https:\/\/archiv.sozialismus.info\/maschinenraum\/wp-content\/uploads\/2016\/03\/20160312_134210-162x100.jpg 162w, https:\/\/archiv.sozialismus.info\/maschinenraum\/wp-content\/uploads\/2016\/03\/20160312_134210-262x160.jpg 262w, https:\/\/archiv.sozialismus.info\/maschinenraum\/wp-content\/uploads\/2016\/03\/20160312_134210-534x330.jpg 534w\" sizes=\"(max-width: 162px) 100vw, 162px\" \/><\/a>\n\t\t\t<\/div><\/figure><figure class='gallery-item'>\n\t\t\t<div class='gallery-icon landscape'>\n\t\t\t\t<a href='https:\/\/archiv.sozialismus.info\/maschinenraum\/2016\/03\/koeln-4000-auf-der-strasse-gegen-sexismus-und-rassismus\/20160312_134501\/'><img width=\"162\" height=\"100\" src=\"https:\/\/archiv.sozialismus.info\/maschinenraum\/wp-content\/uploads\/2016\/03\/20160312_134501-162x100.jpg\" class=\"attachment-thumbnail size-thumbnail\" alt=\"\" loading=\"lazy\" srcset=\"https:\/\/archiv.sozialismus.info\/maschinenraum\/wp-content\/uploads\/2016\/03\/20160312_134501-162x100.jpg 162w, https:\/\/archiv.sozialismus.info\/maschinenraum\/wp-content\/uploads\/2016\/03\/20160312_134501-262x160.jpg 262w, https:\/\/archiv.sozialismus.info\/maschinenraum\/wp-content\/uploads\/2016\/03\/20160312_134501-534x330.jpg 534w\" sizes=\"(max-width: 162px) 100vw, 162px\" \/><\/a>\n\t\t\t<\/div><\/figure><figure class='gallery-item'>\n\t\t\t<div class='gallery-icon landscape'>\n\t\t\t\t<a href='https:\/\/archiv.sozialismus.info\/maschinenraum\/2016\/03\/koeln-4000-auf-der-strasse-gegen-sexismus-und-rassismus\/20160312_134655\/'><img width=\"162\" height=\"100\" src=\"https:\/\/archiv.sozialismus.info\/maschinenraum\/wp-content\/uploads\/2016\/03\/20160312_134655-162x100.jpg\" class=\"attachment-thumbnail size-thumbnail\" alt=\"\" loading=\"lazy\" srcset=\"https:\/\/archiv.sozialismus.info\/maschinenraum\/wp-content\/uploads\/2016\/03\/20160312_134655-162x100.jpg 162w, https:\/\/archiv.sozialismus.info\/maschinenraum\/wp-content\/uploads\/2016\/03\/20160312_134655-262x160.jpg 262w, https:\/\/archiv.sozialismus.info\/maschinenraum\/wp-content\/uploads\/2016\/03\/20160312_134655-534x330.jpg 534w\" sizes=\"(max-width: 162px) 100vw, 162px\" \/><\/a>\n\t\t\t<\/div><\/figure><figure class='gallery-item'>\n\t\t\t<div class='gallery-icon landscape'>\n\t\t\t\t<a href='https:\/\/archiv.sozialismus.info\/maschinenraum\/2016\/03\/koeln-4000-auf-der-strasse-gegen-sexismus-und-rassismus\/20160312_133834\/'><img width=\"162\" height=\"100\" src=\"https:\/\/archiv.sozialismus.info\/maschinenraum\/wp-content\/uploads\/2016\/03\/20160312_133834-162x100.jpg\" class=\"attachment-thumbnail size-thumbnail\" alt=\"\" loading=\"lazy\" srcset=\"https:\/\/archiv.sozialismus.info\/maschinenraum\/wp-content\/uploads\/2016\/03\/20160312_133834-162x100.jpg 162w, https:\/\/archiv.sozialismus.info\/maschinenraum\/wp-content\/uploads\/2016\/03\/20160312_133834-262x160.jpg 262w, https:\/\/archiv.sozialismus.info\/maschinenraum\/wp-content\/uploads\/2016\/03\/20160312_133834-534x330.jpg 534w\" sizes=\"(max-width: 162px) 100vw, 162px\" \/><\/a>\n\t\t\t<\/div><\/figure><figure class='gallery-item'>\n\t\t\t<div class='gallery-icon landscape'>\n\t\t\t\t<a href='https:\/\/archiv.sozialismus.info\/maschinenraum\/2016\/03\/koeln-4000-auf-der-strasse-gegen-sexismus-und-rassismus\/20160312_133626\/'><img width=\"162\" height=\"100\" src=\"https:\/\/archiv.sozialismus.info\/maschinenraum\/wp-content\/uploads\/2016\/03\/20160312_133626-162x100.jpg\" class=\"attachment-thumbnail size-thumbnail\" alt=\"\" loading=\"lazy\" srcset=\"https:\/\/archiv.sozialismus.info\/maschinenraum\/wp-content\/uploads\/2016\/03\/20160312_133626-162x100.jpg 162w, https:\/\/archiv.sozialismus.info\/maschinenraum\/wp-content\/uploads\/2016\/03\/20160312_133626-262x160.jpg 262w, https:\/\/archiv.sozialismus.info\/maschinenraum\/wp-content\/uploads\/2016\/03\/20160312_133626-534x330.jpg 534w\" sizes=\"(max-width: 162px) 100vw, 162px\" \/><\/a>\n\t\t\t<\/div><\/figure><figure class='gallery-item'>\n\t\t\t<div class='gallery-icon landscape'>\n\t\t\t\t<a href='https:\/\/archiv.sozialismus.info\/maschinenraum\/2016\/03\/koeln-4000-auf-der-strasse-gegen-sexismus-und-rassismus\/dsc_0042\/'><img width=\"162\" height=\"100\" src=\"https:\/\/archiv.sozialismus.info\/maschinenraum\/wp-content\/uploads\/2016\/03\/DSC_0042-162x100.jpg\" class=\"attachment-thumbnail size-thumbnail\" alt=\"\" loading=\"lazy\" srcset=\"https:\/\/archiv.sozialismus.info\/maschinenraum\/wp-content\/uploads\/2016\/03\/DSC_0042-162x100.jpg 162w, https:\/\/archiv.sozialismus.info\/maschinenraum\/wp-content\/uploads\/2016\/03\/DSC_0042-262x160.jpg 262w, https:\/\/archiv.sozialismus.info\/maschinenraum\/wp-content\/uploads\/2016\/03\/DSC_0042-534x330.jpg 534w\" sizes=\"(max-width: 162px) 100vw, 162px\" \/><\/a>\n\t\t\t<\/div><\/figure><figure class='gallery-item'>\n\t\t\t<div class='gallery-icon landscape'>\n\t\t\t\t<a href='https:\/\/archiv.sozialismus.info\/maschinenraum\/2016\/03\/koeln-4000-auf-der-strasse-gegen-sexismus-und-rassismus\/dsc_0038\/'><img width=\"162\" height=\"100\" src=\"https:\/\/archiv.sozialismus.info\/maschinenraum\/wp-content\/uploads\/2016\/03\/DSC_0038-162x100.jpg\" class=\"attachment-thumbnail size-thumbnail\" alt=\"\" loading=\"lazy\" srcset=\"https:\/\/archiv.sozialismus.info\/maschinenraum\/wp-content\/uploads\/2016\/03\/DSC_0038-162x100.jpg 162w, https:\/\/archiv.sozialismus.info\/maschinenraum\/wp-content\/uploads\/2016\/03\/DSC_0038-262x160.jpg 262w, https:\/\/archiv.sozialismus.info\/maschinenraum\/wp-content\/uploads\/2016\/03\/DSC_0038-534x330.jpg 534w\" sizes=\"(max-width: 162px) 100vw, 162px\" \/><\/a>\n\t\t\t<\/div><\/figure><figure class='gallery-item'>\n\t\t\t<div class='gallery-icon landscape'>\n\t\t\t\t<a href='https:\/\/archiv.sozialismus.info\/maschinenraum\/2016\/03\/koeln-4000-auf-der-strasse-gegen-sexismus-und-rassismus\/dsc_0028\/'><img width=\"162\" height=\"100\" src=\"https:\/\/archiv.sozialismus.info\/maschinenraum\/wp-content\/uploads\/2016\/03\/DSC_0028-162x100.jpg\" class=\"attachment-thumbnail size-thumbnail\" alt=\"\" loading=\"lazy\" srcset=\"https:\/\/archiv.sozialismus.info\/maschinenraum\/wp-content\/uploads\/2016\/03\/DSC_0028-162x100.jpg 162w, https:\/\/archiv.sozialismus.info\/maschinenraum\/wp-content\/uploads\/2016\/03\/DSC_0028-262x160.jpg 262w, https:\/\/archiv.sozialismus.info\/maschinenraum\/wp-content\/uploads\/2016\/03\/DSC_0028-534x330.jpg 534w\" sizes=\"(max-width: 162px) 100vw, 162px\" \/><\/a>\n\t\t\t<\/div><\/figure><figure class='gallery-item'>\n\t\t\t<div class='gallery-icon landscape'>\n\t\t\t\t<a href='https:\/\/archiv.sozialismus.info\/maschinenraum\/2016\/03\/koeln-4000-auf-der-strasse-gegen-sexismus-und-rassismus\/dsc_0027\/'><img width=\"162\" height=\"100\" src=\"https:\/\/archiv.sozialismus.info\/maschinenraum\/wp-content\/uploads\/2016\/03\/DSC_0027-162x100.jpg\" class=\"attachment-thumbnail size-thumbnail\" alt=\"\" loading=\"lazy\" srcset=\"https:\/\/archiv.sozialismus.info\/maschinenraum\/wp-content\/uploads\/2016\/03\/DSC_0027-162x100.jpg 162w, https:\/\/archiv.sozialismus.info\/maschinenraum\/wp-content\/uploads\/2016\/03\/DSC_0027-262x160.jpg 262w, https:\/\/archiv.sozialismus.info\/maschinenraum\/wp-content\/uploads\/2016\/03\/DSC_0027-534x330.jpg 534w\" sizes=\"(max-width: 162px) 100vw, 162px\" \/><\/a>\n\t\t\t<\/div><\/figure><figure class='gallery-item'>\n\t\t\t<div class='gallery-icon landscape'>\n\t\t\t\t<a href='https:\/\/archiv.sozialismus.info\/maschinenraum\/2016\/03\/koeln-4000-auf-der-strasse-gegen-sexismus-und-rassismus\/dsc_0025\/'><img width=\"162\" height=\"100\" src=\"https:\/\/archiv.sozialismus.info\/maschinenraum\/wp-content\/uploads\/2016\/03\/DSC_0025-162x100.jpg\" class=\"attachment-thumbnail size-thumbnail\" alt=\"\" loading=\"lazy\" srcset=\"https:\/\/archiv.sozialismus.info\/maschinenraum\/wp-content\/uploads\/2016\/03\/DSC_0025-162x100.jpg 162w, https:\/\/archiv.sozialismus.info\/maschinenraum\/wp-content\/uploads\/2016\/03\/DSC_0025-262x160.jpg 262w, https:\/\/archiv.sozialismus.info\/maschinenraum\/wp-content\/uploads\/2016\/03\/DSC_0025-534x330.jpg 534w\" sizes=\"(max-width: 162px) 100vw, 162px\" \/><\/a>\n\t\t\t<\/div><\/figure><figure class='gallery-item'>\n\t\t\t<div class='gallery-icon landscape'>\n\t\t\t\t<a href='https:\/\/archiv.sozialismus.info\/maschinenraum\/2016\/03\/koeln-4000-auf-der-strasse-gegen-sexismus-und-rassismus\/dsc_0016\/'><img width=\"162\" height=\"100\" src=\"https:\/\/archiv.sozialismus.info\/maschinenraum\/wp-content\/uploads\/2016\/03\/DSC_0016-162x100.jpg\" class=\"attachment-thumbnail size-thumbnail\" alt=\"\" loading=\"lazy\" srcset=\"https:\/\/archiv.sozialismus.info\/maschinenraum\/wp-content\/uploads\/2016\/03\/DSC_0016-162x100.jpg 162w, https:\/\/archiv.sozialismus.info\/maschinenraum\/wp-content\/uploads\/2016\/03\/DSC_0016-262x160.jpg 262w, https:\/\/archiv.sozialismus.info\/maschinenraum\/wp-content\/uploads\/2016\/03\/DSC_0016-534x330.jpg 534w\" sizes=\"(max-width: 162px) 100vw, 162px\" \/><\/a>\n\t\t\t<\/div><\/figure>\n\t\t<\/div>\n\n","protected":false},"excerpt":{"rendered":"<p>Frauenkampftag 2016<\/p>\n","protected":false},"author":2,"featured_media":32465,"comment_status":"closed","ping_status":"closed","sticky":false,"template":"","format":"standard","meta":[],"categories":[32],"tags":[262],"_links":{"self":[{"href":"https:\/\/archiv.sozialismus.info\/maschinenraum\/wp-json\/wp\/v2\/posts\/32464"}],"collection":[{"href":"https:\/\/archiv.sozialismus.info\/maschinenraum\/wp-json\/wp\/v2\/posts"}],"about":[{"href":"https:\/\/archiv.sozialismus.info\/maschinenraum\/wp-json\/wp\/v2\/types\/post"}],"author":[{"embeddable":true,"href":"https:\/\/archiv.sozialismus.info\/maschinenraum\/wp-json\/wp\/v2\/users\/2"}],"replies":[{"embeddable":true,"href":"https:\/\/archiv.sozialismus.info\/maschinenraum\/wp-json\/wp\/v2\/comments?post=32464"}],"version-history":[{"count":4,"href":"https:\/\/archiv.sozialismus.info\/maschinenraum\/wp-json\/wp\/v2\/posts\/32464\/revisions"}],"predecessor-version":[{"id":32483,"href":"https:\/\/archiv.sozialismus.info\/maschinenraum\/wp-json\/wp\/v2\/posts\/32464\/revisions\/32483"}],"wp:featuredmedia":[{"embeddable":true,"href":"https:\/\/archiv.sozialismus.info\/maschinenraum\/wp-json\/wp\/v2\/media\/32465"}],"wp:attachment":[{"href":"https:\/\/archiv.sozialismus.info\/maschinenraum\/wp-json\/wp\/v2\/media?parent=32464"}],"wp:term":[{"taxonomy":"category","embeddable":true,"href":"https:\/\/archiv.sozialismus.info\/maschinenraum\/wp-json\/wp\/v2\/categories?post=32464"},{"taxonomy":"post_tag","embeddable":true,"href":"https:\/\/archiv.sozialismus.info\/maschinenraum\/wp-json\/wp\/v2\/tags?post=32464"}],"curies":[{"name":"wp","href":"https:\/\/api.w.org\/{rel}","templated":true}]}}