{"id":32316,"date":"2016-02-23T16:25:29","date_gmt":"2016-02-23T15:25:29","guid":{"rendered":"https:\/\/www.sozialismus.info\/?p=32316"},"modified":"2016-02-23T16:25:29","modified_gmt":"2016-02-23T15:25:29","slug":"bericht-von-der-antirassistischen-aktionskonferenz","status":"publish","type":"post","link":"https:\/\/archiv.sozialismus.info\/maschinenraum\/2016\/02\/bericht-von-der-antirassistischen-aktionskonferenz\/","title":{"rendered":"Bericht von der Antirassistischen Aktionskonferenz"},"content":{"rendered":"<figure id=\"attachment_32317\" aria-describedby=\"caption-attachment-32317\" style=\"width: 280px\" class=\"wp-caption alignleft\"><a href=\"https:\/\/www.archiv.sozialismus.info\/maschinenraum\/wp-content\/uploads\/2016\/02\/12307482_1634256126833922_1141644920303670337_o-e1456240642725.jpg\" rel=\"attachment wp-att-32317\"><img loading=\"lazy\" class=\"size-medium wp-image-32317\" src=\"https:\/\/www.archiv.sozialismus.info\/maschinenraum\/wp-content\/uploads\/2016\/02\/12307482_1634256126833922_1141644920303670337_o-e1456240642725-280x173.jpg\" alt=\"Tom Hoffmann auf dem Sch\u00fclerstreik November 2015\" width=\"280\" height=\"173\" srcset=\"https:\/\/archiv.sozialismus.info\/maschinenraum\/wp-content\/uploads\/2016\/02\/12307482_1634256126833922_1141644920303670337_o-e1456240642725-280x173.jpg 280w, https:\/\/archiv.sozialismus.info\/maschinenraum\/wp-content\/uploads\/2016\/02\/12307482_1634256126833922_1141644920303670337_o-e1456240642725-162x100.jpg 162w, https:\/\/archiv.sozialismus.info\/maschinenraum\/wp-content\/uploads\/2016\/02\/12307482_1634256126833922_1141644920303670337_o-e1456240642725-768x474.jpg 768w, https:\/\/archiv.sozialismus.info\/maschinenraum\/wp-content\/uploads\/2016\/02\/12307482_1634256126833922_1141644920303670337_o-e1456240642725-560x347.jpg 560w, https:\/\/archiv.sozialismus.info\/maschinenraum\/wp-content\/uploads\/2016\/02\/12307482_1634256126833922_1141644920303670337_o-e1456240642725-600x370.jpg 600w, https:\/\/archiv.sozialismus.info\/maschinenraum\/wp-content\/uploads\/2016\/02\/12307482_1634256126833922_1141644920303670337_o-e1456240642725-534x330.jpg 534w, https:\/\/archiv.sozialismus.info\/maschinenraum\/wp-content\/uploads\/2016\/02\/12307482_1634256126833922_1141644920303670337_o-e1456240642725.jpg 1068w\" sizes=\"(max-width: 280px) 100vw, 280px\" \/><\/a><figcaption id=\"caption-attachment-32317\" class=\"wp-caption-text\">Tom Hoffmann auf dem Sch\u00fclerstreik November 2015<\/figcaption><\/figure>\n<p><strong>Jugend gegen Rassismus bewegt nur wenige Sch\u00fclerInnen<\/strong><\/p>\n<p>Am letzten Wochenende tagten in der Berliner Potse circa 70 Menschen mit dem Ziel, eine antirassistische Jugendbewegung ins Leben zu rufen. Die erste bundesweite Aktion soll ein gemeinsamer Schul- und Unistreik im April sein.<\/p>\n<p><em>von Tom Hoffmann und Tim Brandes, Berlin<\/em><\/p>\n<p>Die gro\u00dfe Mehrheit der TeilnehmerInnen bestand aus bereits organisierten Personen. Gr\u00f6\u00dftenteils waren es aktive Studierende, sowie einige k\u00e4mpferische Refugees. Auff\u00e4llig war die geringe Anzahl der unorganisierten Sch\u00fclerInnen. Von ihnen kamen die meisten von lokalen Streikb\u00fcndnissen beziehungsweise Sch\u00fclervertretungen. Anwesende Gruppen waren die Jugendorganisationen Revolution, Waffen der Kritik und RKJ, sowie RIO. Ebenfalls anwesend waren Einzelpersonen von SDAJ, ARAB, der Interventionistischen Linken und Aktive aus Linksjugend [&#8217;solid] und SAV.<\/p>\n<p>Die Konferenz begann mit einer allgemeinen Diskussion \u00fcber die politische Situation in Deutschland und die Lage der Linken. Dem angestiegenen rechten Terror und dem Aufstieg der rechtspopulistischen AfD, sowie den immer tiefgreifenderen Asylrechtsversch\u00e4rfungen sollte von links etwas entgegengesetzt werden. Desweiteren wurde versucht, Lehren aus der k\u00e4mpferischen Refugeebewegung vom Oranienplatz zu ziehen. Es wurde betont, dass die Verbindung von K\u00e4mpfen organisiert werden muss. Die soziale Frage nach den gemeinsamen Interessen von Deutschen und Nicht-Deutschen muss gestellt werden, um einen gemeinsamen Kampf zu bef\u00f6rdern.<\/p>\n<h4>Falsche Herangehensweise<\/h4>\n<p>Inhaltlich sind das vollkommen richtige Beobachtungen. Es steht au\u00dfer Frage, dass eine bundesweite antirassistische Bewegung von Sch\u00fclerInnen und Studierenden einen Beitrag dazu leisten k\u00f6nnte, eine Massenbewegung aufzubauen, die Rassisten real zur\u00fcckdr\u00e4ngt. Jedoch stellt sich die Frage, ob die Konferenz tats\u00e4chlich solch eine notwendige Bewegung hervorbringen beziehungsweise vorantreiben kann. Die Organisatoren begehen Fehler, wenn sie meinen, es reiche aus, ein paar linksradikale Gruppen zusammen zu werfen und den Sch\u00fclerInnen vor Ort dann ein Konzept vorzulegen, ohne diese in den Prozess mit einzubeziehen. Bewegungen kann man nicht erzwingen oder von oben hervorrufen. Die Konferenz h\u00e4tte ein Hebel f\u00fcr eine gr\u00f6\u00dfere Bewegung sein k\u00f6nnen, wenn die Organisatoren vorher an die Schulen gegangen w\u00e4ren, sich f\u00fcr Unorganisierte ge\u00f6ffnet und einzelne Berichte aus dem Orten zusammengetragen h\u00e4tte, um so zun\u00e4chst ein Stimmungsbild einzuholen. Au\u00dferdem h\u00e4tte sich die Notwendigkeit f\u00fcr gemeinsame K\u00e4mpfe viel mehr in den Forderungen niederschlagen m\u00fcssen.<\/p>\n<p>Leider wurde es am Sonntag dann auch noch etwas un\u00fcbersichtlich. Zwei Stunden Versp\u00e4tung sorgten f\u00fcr den Ausfall einer Workshop-Schiene. Beim abschlie\u00dfenden Plenum wurde dann beschlossen, eine Bewegung aus Jugendlichen, Gefl\u00fcchteten und Organisationen der Lohnabh\u00e4ngigen aufzubauen. Der Forderungskatalog musste aufgrund von Zeitmangel im Block abgestimmt werden, was Kritik unter einigen Anwesenden hervorrief. Ebenfalls bem\u00e4ngelten einige, es w\u00fcrde sich um ein halbes Parteiprogramm handeln und so breitere Schichten verfehlen. Dennoch einigte man sich mit dem 27. April auf einen Termin f\u00fcr einen bundesweiten Schulstreik. Alle restlichen Fragen und Diskussionen sollen \u00fcber Koordinierungsr\u00e4te gekl\u00e4rt werden. Die Stimmung war gegen Ende eher durchmischt, was sicherlich auch am Zeitmangel und den teils nicht beendeten Diskussionen gelegen hat.<\/p>\n<p>Dort wo sich Sch\u00fclerInnen organisieren und bewegen, dort wo wirksame Streiks in Vorbereitung sind, werden wir uns daran beteiligen und sie unterst\u00fctzen. Jugend gegen Rassismus haben wir uns nach diesem Wochenende nicht angeschlossen.<\/p>\n","protected":false},"excerpt":{"rendered":"<p>Jugend gegen Rassismus bewegt nur wenige Sch\u00fclerInnen<\/p>\n","protected":false},"author":2,"featured_media":32317,"comment_status":"closed","ping_status":"closed","sticky":false,"template":"","format":"standard","meta":[],"categories":[50,5],"tags":[262],"_links":{"self":[{"href":"https:\/\/archiv.sozialismus.info\/maschinenraum\/wp-json\/wp\/v2\/posts\/32316"}],"collection":[{"href":"https:\/\/archiv.sozialismus.info\/maschinenraum\/wp-json\/wp\/v2\/posts"}],"about":[{"href":"https:\/\/archiv.sozialismus.info\/maschinenraum\/wp-json\/wp\/v2\/types\/post"}],"author":[{"embeddable":true,"href":"https:\/\/archiv.sozialismus.info\/maschinenraum\/wp-json\/wp\/v2\/users\/2"}],"replies":[{"embeddable":true,"href":"https:\/\/archiv.sozialismus.info\/maschinenraum\/wp-json\/wp\/v2\/comments?post=32316"}],"version-history":[{"count":1,"href":"https:\/\/archiv.sozialismus.info\/maschinenraum\/wp-json\/wp\/v2\/posts\/32316\/revisions"}],"predecessor-version":[{"id":32318,"href":"https:\/\/archiv.sozialismus.info\/maschinenraum\/wp-json\/wp\/v2\/posts\/32316\/revisions\/32318"}],"wp:featuredmedia":[{"embeddable":true,"href":"https:\/\/archiv.sozialismus.info\/maschinenraum\/wp-json\/wp\/v2\/media\/32317"}],"wp:attachment":[{"href":"https:\/\/archiv.sozialismus.info\/maschinenraum\/wp-json\/wp\/v2\/media?parent=32316"}],"wp:term":[{"taxonomy":"category","embeddable":true,"href":"https:\/\/archiv.sozialismus.info\/maschinenraum\/wp-json\/wp\/v2\/categories?post=32316"},{"taxonomy":"post_tag","embeddable":true,"href":"https:\/\/archiv.sozialismus.info\/maschinenraum\/wp-json\/wp\/v2\/tags?post=32316"}],"curies":[{"name":"wp","href":"https:\/\/api.w.org\/{rel}","templated":true}]}}