{"id":32012,"date":"2016-01-08T15:58:21","date_gmt":"2016-01-08T14:58:21","guid":{"rendered":"https:\/\/www.sozialismus.info\/?p=32012"},"modified":"2016-01-08T16:59:33","modified_gmt":"2016-01-08T15:59:33","slug":"koeln-gegen-sexuelle-gewalt-gegen-rassismus","status":"publish","type":"post","link":"https:\/\/archiv.sozialismus.info\/maschinenraum\/2016\/01\/koeln-gegen-sexuelle-gewalt-gegen-rassismus\/","title":{"rendered":"K\u00f6ln: Gegen sexuelle Gewalt Gegen Rassismus"},"content":{"rendered":"<p><strong><a href=\"https:\/\/www.archiv.sozialismus.info\/maschinenraum\/wp-content\/uploads\/2016\/01\/Artikelbild.png\"><img loading=\"lazy\" class=\"alignleft size-medium wp-image-32013\" src=\"https:\/\/www.archiv.sozialismus.info\/maschinenraum\/wp-content\/uploads\/2016\/01\/Artikelbild-280x173.png\" alt=\"Artikelbild\" width=\"280\" height=\"173\" srcset=\"https:\/\/archiv.sozialismus.info\/maschinenraum\/wp-content\/uploads\/2016\/01\/Artikelbild-280x173.png 280w, https:\/\/archiv.sozialismus.info\/maschinenraum\/wp-content\/uploads\/2016\/01\/Artikelbild-162x100.png 162w, https:\/\/archiv.sozialismus.info\/maschinenraum\/wp-content\/uploads\/2016\/01\/Artikelbild-560x345.png 560w, https:\/\/archiv.sozialismus.info\/maschinenraum\/wp-content\/uploads\/2016\/01\/Artikelbild-600x370.png 600w, https:\/\/archiv.sozialismus.info\/maschinenraum\/wp-content\/uploads\/2016\/01\/Artikelbild-534x330.png 534w, https:\/\/archiv.sozialismus.info\/maschinenraum\/wp-content\/uploads\/2016\/01\/Artikelbild.png 1240w\" sizes=\"(max-width: 280px) 100vw, 280px\" \/><\/a>Flugblatt der SAV K\u00f6ln<\/strong><\/p>\n<p>K\u00f6lner Flugblatt: [wpfilebase tag=file id=2050 tpl=simple \/]<\/p>\n<p>bundesweite Version: [wpfilebase tag=file id=2049 tpl=simple \/]<\/p>\n<p><strong>Was die Frauen durchleben mussten, die am Silvesterabend Opfer der sexistischen Gewalt wurden, war ihren Schilderungen zufolge ein Alptraum. Doch in der \u00f6ffentlichen Debatte, die seit einigen Tagen durch das Land fegt, steht pl\u00f6tzlich etwas ganz anderes im Vordergrund. Statt \u00fcber sexuelle Gewalt\u00a0 und wie sie verhindert werden kann, zu sprechen, ergie\u00dft sich eine Flut rassistischer Hetze durch soziale und offizielle Medien. Dass Nazis und Rassisten die schrecklichen Vorf\u00e4lle instrumentalisieren w\u00fcrden, war zu erwarten. Inzwischen blasen auch die Vertreter der etablierten Parteien zum \u201eKulturkampf\u201c.<\/strong><\/p>\n<p>Sexismus und sexuelle Gewalt wird angeblich von au\u00dfen in unsere Gesellschaft hereingetragen, durch Mitglieder fremder Kulturen, gegen die wir \u201eunsere westlichen Werte\u201c verteidigen m\u00fcssten.<\/p>\n<p>Allen Lippenbekenntnissen zum Trotz, dass man nicht alle Fl\u00fcchtlinge, nicht alle Menschen aus arabischen L\u00e4ndern verurteilen d\u00fcrfe, ist das Ergebnis eine unheilige und gef\u00e4hrliche Allianz aus gewaltbereiten Rassisten und b\u00fcrgerlichen Brandstiftern.<\/p>\n<p>Die Debatte wurde auch deshalb schnell rassistisch dominiert, weil man glaubt, endlich einen S\u00fcndenbock f\u00fcr alle Probleme gefunden zu haben: M\u00e4nner aus \u201efremden Kulturkreisen\u201c, die angeblich \u201eunsere westlichen Werte\u201c bedrohen.<\/p>\n<div style=\"margin: 0; margin-right: 10px; border: 2px solid #000000; padding: 0em 1em 1em 1em; background-color: #c0c0c0;\">\n<h2>Veranstaltung<\/h2>\n<p>Sexuelle \u00dcbergriffe und der \u201eKampf der Kulturen\u201c: Worauf basieren Sexismus und Gewalt gegen Frauen? Welche Rolle spielen Herkunft, Religion, soziale Verh\u00e4ltnisse?<\/p>\n<p>Mi., 13.1.2016 19.30 Uhr<\/p>\n<p>Allerweltshaus, K\u00f6rnerstr. 77-79, K\u00f6ln-Ehrenfeld<\/p>\n<\/div>\n<h4>Die allt\u00e4gliche sexualisierte Gewalt<\/h4>\n<p>Niemand bestreitet, dass die Taten von M\u00e4nnern mit einem schrecklich r\u00fcckst\u00e4ndigen Frauenbild begangen wurden. Wer aber nur gegen sexuelle Gewalt gegen Frauen auftritt, wenn sie von Nicht-Deutschen begangen wird, ist ein Rassist, ohne Wenn und Aber. Wir verurteilen Sexismus und sexistische Gewalt, egal von wem und egal in welcher Form. Sexuelle Gewalt wird nicht von au\u00dfen nach Deutschland hineingetragen. Sexismus und Gewalt ist Teil jeder hierarchischen Gesellschaft, auch in Europa, auch hierzulande.<\/p>\n<p>Das Ausma\u00df der \u00dcbergriffe in der Silvester-Nacht ist schockierend. Das relativ neue und besonders bedrohliche daran ist, dass sie von gr\u00f6\u00dferen M\u00e4nnergruppen gemeinsam begangen wurden. Aber so zu tun, als ob es die andere allt\u00e4gliche sexuelle Gewalt nicht g\u00e4be, ist heuchlerisch, hilft den Frauen nicht, sondern lenkt von den eigentlichen Ursachen ab.<\/p>\n<p>Gewalt gegen Frauen ist in Deutschland vor allem h\u00e4usliche Gewalt, oftmals ausge\u00fcbt von den eigenen Partnern oder anderen nahestehenden Personen. 25% aller Frauen haben mindestens einmal in ihrem Leben Gewalt durch den eigenen Partner erlebt.<\/p>\n<p>Frauen werden am Arbeitsplatz durch ihre Chefs unter Ausnutzung eines wirtschaftlichen Abh\u00e4ngigkeitsverh\u00e4ltnisses sexuell bel\u00e4stigt. Und was es an sexuellen \u00dcbergriffen im Karneval oder beim Oktoberfest gibt, kann man wohl kaum \u201efremden Kulturkreisen\u201c anh\u00e4ngen. Das \u201ewestliche\u201c Frauenbild wird auch gepr\u00e4gt durch sexualisierte Werbung \u2013 vom Autoreifen bis zur Unterw\u00e4sche.\u00a0 Und welches Frauenbild entwickelt sich, wenn schon Kinder \u00fcberall auf Gro\u00dffl\u00e4chenplakaten lesen, dass \u201e100 Girls\u201c auf den Mann warten? Das Gesch\u00e4ftsmodell \u201eFlatrate-Sex\u201c ist \u00fcbrigens ebenso Teil unserer \u201ewestlichen Werte\u201c.\u00a0 Die Frau als Ware, jederzeit verf\u00fcgbar, wenn man Geld oder Macht hat.<\/p>\n<p>Die Art wie die \u00f6ffentliche Debatte gef\u00fchrt wird, hilft nicht den Frauen, sondern f\u00f6rdert nur den Rassismus.\u00a0 Es wird nicht \u00fcber die wahren Ursachen des allt\u00e4glichen Sexismus gesprochen und von der an vielen Orten und von vielen T\u00e4tern begangenen Gewalt gegen Frauen.<\/p>\n<p>Gleichzeitig ist kaum die Rede von den t\u00e4glichen Angriffen auf Fl\u00fcchtlingsunterk\u00fcnfte, darunter die Brandanschl\u00e4ge in den ersten Januar-Tagen in K\u00f6ln-M\u00fclheim und in Leverkusen und die Sch\u00fcsse auf ein Fl\u00fcchtlingsheim im hessischen Dreieich. Brauchen die Frauen (und anderen Bewohner) dort keinen Schutz?<\/p>\n<p>Es sind auch teilweise dieselben Politiker, die sich jetzt als Verteidiger der Frauen darstellen, die gerade Obergrenzen f\u00fcr Fl\u00fcchtlinge fordern, die damit auch Frauen und Kindern das Asylrecht verweigern wollen, die Opfer von Kriegen und oftmals damit einhergehender sexualisierter Gewalt sind.<\/p>\n<p>Es sind dieselben Politiker, die auf Bundesebene verantwortlich sind f\u00fcr Waffenlieferungen an Saudi-Arabien, wo Frauen unterdr\u00fcckt werden und Frauenm\u00f6rder wie der IS Unterst\u00fctzung erhalten.<\/p>\n<p>Es sind die selben Politiker, die auf kommunaler Ebene das Geld f\u00fcr Frauenh\u00e4user und Frauenselbsthilfe gek\u00fcrzt haben.<\/p>\n<h4>Unabh\u00e4ngige Untersuchungskommission<\/h4>\n<p>Wenn Nazis eine Kundgebung machen wollen, bereitet sich die Polizei massiv vor, stellt ein oder mehrere Hundertschaften bereit, geht gegen Antifaschist*innen vor, damit die Rassisten ihre Hetzreden halten k\u00f6nnen und dabei zu Gewalttaten anstacheln.\u00a0 An einem Tag wie Silvester, an dem Tausende alkoholisiert durch die Stra\u00dfen ziehen und das Risiko von Straftaten ansteigt, an dem sogar Terrorwarnungen insbesondere f\u00fcr die gro\u00dfen Bahnh\u00f6fe galten, gibt es angeblich zu wenig verf\u00fcgbare Polizeikr\u00e4fte, die Frauen werden in ihrer Not alleine gelassen.<\/p>\n<p>Wir fordern die Einsetzung einer unabh\u00e4ngigen Kommission von demokratisch gew\u00e4hlten Vertreter*innen der Opfer, von Frauen-Selbsthilfe-Organisationen, Frauenarbeitskreisen aus Gewerkschaften, mit vollem Zugang zu allen Beweismitteln zur Aufkl\u00e4rung der Vorf\u00e4lle in der Silvester-Nacht sowie zum Verhalten der Polizei.<\/p>\n<p>Wir k\u00e4mpfen gegen jede Form von Sexismus und Rassismus, f\u00fcr gleiche Rechte f\u00fcr alle Menschen.<\/p>\n<p>Sexualisierte Gewalt hat wenig mit Sex zu tun, aber viel mit Gewalt und Macht. Sie ist das Produkt einer Gesellschaft, in der die Spaltung zwischen M\u00e4nnern und Frauen, aber auch zwischen Deutschen und Nicht-Deutschen, zu den Grundpfeilern der Herrschaft einer reichen Minderheit geh\u00f6ren.<\/p>\n<p>Wir verbinden deshalb den Kampf gegen Sexismus und Rassismus mit dem Kampf f\u00fcr die \u00dcberwindung dieser patriarchalischen, kapitalistischen Gesellschaft.<\/p>\n","protected":false},"excerpt":{"rendered":"<p>Flugblatt der SAV K\u00f6ln<\/p>\n","protected":false},"author":2,"featured_media":32013,"comment_status":"closed","ping_status":"closed","sticky":false,"template":"","format":"standard","meta":[],"categories":[32,6],"tags":[297],"_links":{"self":[{"href":"https:\/\/archiv.sozialismus.info\/maschinenraum\/wp-json\/wp\/v2\/posts\/32012"}],"collection":[{"href":"https:\/\/archiv.sozialismus.info\/maschinenraum\/wp-json\/wp\/v2\/posts"}],"about":[{"href":"https:\/\/archiv.sozialismus.info\/maschinenraum\/wp-json\/wp\/v2\/types\/post"}],"author":[{"embeddable":true,"href":"https:\/\/archiv.sozialismus.info\/maschinenraum\/wp-json\/wp\/v2\/users\/2"}],"replies":[{"embeddable":true,"href":"https:\/\/archiv.sozialismus.info\/maschinenraum\/wp-json\/wp\/v2\/comments?post=32012"}],"version-history":[{"count":3,"href":"https:\/\/archiv.sozialismus.info\/maschinenraum\/wp-json\/wp\/v2\/posts\/32012\/revisions"}],"predecessor-version":[{"id":32016,"href":"https:\/\/archiv.sozialismus.info\/maschinenraum\/wp-json\/wp\/v2\/posts\/32012\/revisions\/32016"}],"wp:featuredmedia":[{"embeddable":true,"href":"https:\/\/archiv.sozialismus.info\/maschinenraum\/wp-json\/wp\/v2\/media\/32013"}],"wp:attachment":[{"href":"https:\/\/archiv.sozialismus.info\/maschinenraum\/wp-json\/wp\/v2\/media?parent=32012"}],"wp:term":[{"taxonomy":"category","embeddable":true,"href":"https:\/\/archiv.sozialismus.info\/maschinenraum\/wp-json\/wp\/v2\/categories?post=32012"},{"taxonomy":"post_tag","embeddable":true,"href":"https:\/\/archiv.sozialismus.info\/maschinenraum\/wp-json\/wp\/v2\/tags?post=32012"}],"curies":[{"name":"wp","href":"https:\/\/api.w.org\/{rel}","templated":true}]}}