{"id":31816,"date":"2015-12-02T11:04:53","date_gmt":"2015-12-02T10:04:53","guid":{"rendered":"https:\/\/www.sozialismus.info\/?p=31816"},"modified":"2015-12-02T11:04:53","modified_gmt":"2015-12-02T10:04:53","slug":"785-000-menschen-gehen-gegen-den-klimawandel-auf-die-strasse","status":"publish","type":"post","link":"https:\/\/archiv.sozialismus.info\/maschinenraum\/2015\/12\/785-000-menschen-gehen-gegen-den-klimawandel-auf-die-strasse\/","title":{"rendered":"785.000 Menschen gehen gegen den Klimawandel auf die Stra\u00dfe"},"content":{"rendered":"<figure id=\"attachment_31817\" aria-describedby=\"caption-attachment-31817\" style=\"width: 227px\" class=\"wp-caption alignleft\"><a href=\"https:\/\/www.archiv.sozialismus.info\/maschinenraum\/wp-content\/uploads\/2015\/12\/2015-12-01Grafik6991043750508345423.jpg\"><img loading=\"lazy\" class=\"size-medium wp-image-31817\" src=\"https:\/\/www.archiv.sozialismus.info\/maschinenraum\/wp-content\/uploads\/2015\/12\/2015-12-01Grafik6991043750508345423-227x173.jpg\" alt=\"Demonstration in Melbourne, Australien\" width=\"227\" height=\"173\" srcset=\"https:\/\/archiv.sozialismus.info\/maschinenraum\/wp-content\/uploads\/2015\/12\/2015-12-01Grafik6991043750508345423-227x173.jpg 227w, https:\/\/archiv.sozialismus.info\/maschinenraum\/wp-content\/uploads\/2015\/12\/2015-12-01Grafik6991043750508345423.jpg 425w\" sizes=\"(max-width: 227px) 100vw, 227px\" \/><\/a><figcaption id=\"caption-attachment-31817\" class=\"wp-caption-text\">Demonstration in Melbourne, Australien<\/figcaption><\/figure>\n<p><strong>Gr\u00f6\u00dfte weltweite Mobilisierung, die es je gegeben hat<\/strong><\/p>\n<p><em>von Elin Gauffin, \u201eR\u00e4ttvisepartiet Socialisterna\u201c (Schwesterorganisation der SAV und Sektion des CWI in Schweden)<\/em><\/p>\n<p>Am Sonntag, dem 29. November und Vortag des Klimagipfels in Paris, haben sich 785.000 Menschen in 2.300 St\u00e4dten und 175 L\u00e4ndern an Demonstrationen gegen den Klimawandel beteiligt, so die Z\u00e4hlung der Organisation 350.org. Das war die gr\u00f6\u00dfte Mobilisierung gegen den Klimawandel, die es je gegeben hat. Wenn die Demonstration in Paris nicht verboten worden w\u00e4re, dann w\u00e4re mit Sicherheit die Marke von einer Million Menschen geknackt worden.<\/p>\n<p>Der 29. November stand somit f\u00fcr das massenhafte Verlangen nach einer gr\u00fcnen Zukunft und war ein Lichtblick in einer Welt, die von Nachrichten \u00fcber Kriege und Terroranschl\u00e4ge beherrscht wird, und in der gef\u00e4hrliche Abgase wie auch die globale Temperatur st\u00e4ndig zunehmen.<\/p>\n<p>In Australien haben sich 140.000 Menschen an Demonstrationen beteiligt. Davon zogen allein 60.000 durch Melbourne. 33.000 sind in Neuseeland zusammengekommen, und in Indien waren es 140.000. In London gingen 50.000 auf die Stra\u00dfe, in Rom und Madrid waren es jeweils 20.000, in Kopenhagen noch einmal 10.000 und in Genf \u2013 um nur einige zu nennen \u2013 5.000. In Schweden marschierten sowohl in Stockholm als auch in G\u00f6teborg jeweils 4.000 Menschen durch die St\u00e4dte, in Malm\u00f6 waren es bei st\u00fcrmischen Witterungsverh\u00e4ltnissen 1.200. In Stockholm hat die \u201eR\u00e4ttvisepartiet Socialisterna\u201c (Schwesterorganisation der SAV und Sektion des CWI in Schweden) einen antikapitalistischen Block bei der dortigen Demonstration organisiert.<\/p>\n<p>In ganz Frankreich waren Demonstrationen verboten. An der Demonstration in Paris sollten urspr\u00fcnglich mindestens 400.000 Menschen teilnehmen. Trotz des Verbots haben in Paris 10.000 Menschen demonstriert und eine drei Kilometer lange Menschenkette gebildet. Auf einem \u00f6ffentlichen Platz wurden 20.000 Schuhpaare aufgestellt, um symbolischen Protest auszudr\u00fccken. Die Bereitschaftspolizei ist gegen friedliche Demonstrationen mit Tr\u00e4nengas und Pfefferspray vorgegangen. 200 Personen wurden verhaftet.<\/p>\n<p>Das ist der Beginn der Proteste gegen den Klimagipfel von Paris. Nicolas Haeringer, der Sprecher von 350.org in Frankreich, \u00e4u\u00dferste sich wie folgt: \u201eDie heutige Menschenkette markiert den Beginn f\u00fcr kreative und kraftvolle M\u00f6glichkeiten, mit der die Zivilgesellschaft in den kommenden Wochen, da die Klimagespr\u00e4che in Paris gef\u00fchrt werden, weiterhin mobilisieren wird. Wir werden uns gegen jeden Versuch der franz\u00f6sischen Beh\u00f6rden wehren, die den Vorfall heute Nachmittag ausnutzt, um unangemessen gegen demokratische Rechte vorzugehen. Wir werden die Demonstrationen verteidigen, die den Kern einer jeden Demokratie \u2013 vor allem bei der Frage des Klimawandels \u2013 ausmachen\u201c.<\/p>\n<p>In derselben Woche haben sowohl der britische Wetterdienst Met OfficeT als auch die World Meteorological Organization (WMO) die d\u00fcstere Nachricht ver\u00f6ffentlicht, dass die Welt zum ersten Mal seit Beginn der Industrialisierung einen Temperaturanstieg von einem Grad Celsius verzeichnet. In diesem Jahr wird der Temperaturanstieg noch von einem ungew\u00f6hnlich starken Wetterph\u00e4nomen namens El Nino verst\u00e4rkt, zu dem es alle drei bis f\u00fcnf Jahre kommt. Die Tatsache, dass die CO2-Konzentration der Luft zum ersten Mal das weltweite Mittel von 400 ppm \u00fcberschritten hat, ist allerdings auf kein Wetterph\u00e4nomen zur\u00fcckzuf\u00fchren.<\/p>\n<p>Anders ausgedr\u00fcckt sendet das Klima ein Warnsignal nach Paris \u2013 und die Bewegung gegen den Klimawandel schlie\u00dft sich diesem an.<\/p>\n","protected":false},"excerpt":{"rendered":"<p>Gr\u00f6\u00dfte weltweite Mobilisierung, die es je gegeben hat<\/p>\n","protected":false},"author":2,"featured_media":31817,"comment_status":"closed","ping_status":"closed","sticky":false,"template":"","format":"standard","meta":[],"categories":[117],"tags":[],"_links":{"self":[{"href":"https:\/\/archiv.sozialismus.info\/maschinenraum\/wp-json\/wp\/v2\/posts\/31816"}],"collection":[{"href":"https:\/\/archiv.sozialismus.info\/maschinenraum\/wp-json\/wp\/v2\/posts"}],"about":[{"href":"https:\/\/archiv.sozialismus.info\/maschinenraum\/wp-json\/wp\/v2\/types\/post"}],"author":[{"embeddable":true,"href":"https:\/\/archiv.sozialismus.info\/maschinenraum\/wp-json\/wp\/v2\/users\/2"}],"replies":[{"embeddable":true,"href":"https:\/\/archiv.sozialismus.info\/maschinenraum\/wp-json\/wp\/v2\/comments?post=31816"}],"version-history":[{"count":1,"href":"https:\/\/archiv.sozialismus.info\/maschinenraum\/wp-json\/wp\/v2\/posts\/31816\/revisions"}],"predecessor-version":[{"id":31818,"href":"https:\/\/archiv.sozialismus.info\/maschinenraum\/wp-json\/wp\/v2\/posts\/31816\/revisions\/31818"}],"wp:featuredmedia":[{"embeddable":true,"href":"https:\/\/archiv.sozialismus.info\/maschinenraum\/wp-json\/wp\/v2\/media\/31817"}],"wp:attachment":[{"href":"https:\/\/archiv.sozialismus.info\/maschinenraum\/wp-json\/wp\/v2\/media?parent=31816"}],"wp:term":[{"taxonomy":"category","embeddable":true,"href":"https:\/\/archiv.sozialismus.info\/maschinenraum\/wp-json\/wp\/v2\/categories?post=31816"},{"taxonomy":"post_tag","embeddable":true,"href":"https:\/\/archiv.sozialismus.info\/maschinenraum\/wp-json\/wp\/v2\/tags?post=31816"}],"curies":[{"name":"wp","href":"https:\/\/api.w.org\/{rel}","templated":true}]}}