{"id":31737,"date":"2015-11-21T14:00:01","date_gmt":"2015-11-21T13:00:01","guid":{"rendered":"https:\/\/www.sozialismus.info\/?p=31737"},"modified":"2015-11-21T14:00:01","modified_gmt":"2015-11-21T13:00:01","slug":"berlin-schuelerstreik-gegen-rassismus","status":"publish","type":"post","link":"https:\/\/archiv.sozialismus.info\/maschinenraum\/2015\/11\/berlin-schuelerstreik-gegen-rassismus\/","title":{"rendered":"Berlin: Sch\u00fclerstreik gegen Rassismus"},"content":{"rendered":"<p><strong><a href=\"https:\/\/www.archiv.sozialismus.info\/maschinenraum\/wp-content\/uploads\/2015\/11\/Schulstreik-e1448110609608.jpg\"><img loading=\"lazy\" class=\"alignleft size-medium wp-image-31738\" src=\"https:\/\/www.archiv.sozialismus.info\/maschinenraum\/wp-content\/uploads\/2015\/11\/Schulstreik-e1448110609608-280x173.jpg\" alt=\"Schulstreik Berlin\" width=\"280\" height=\"173\" srcset=\"https:\/\/archiv.sozialismus.info\/maschinenraum\/wp-content\/uploads\/2015\/11\/Schulstreik-e1448110609608-280x173.jpg 280w, https:\/\/archiv.sozialismus.info\/maschinenraum\/wp-content\/uploads\/2015\/11\/Schulstreik-e1448110609608-162x100.jpg 162w, https:\/\/archiv.sozialismus.info\/maschinenraum\/wp-content\/uploads\/2015\/11\/Schulstreik-e1448110609608-560x347.jpg 560w, https:\/\/archiv.sozialismus.info\/maschinenraum\/wp-content\/uploads\/2015\/11\/Schulstreik-e1448110609608-600x371.jpg 600w, https:\/\/archiv.sozialismus.info\/maschinenraum\/wp-content\/uploads\/2015\/11\/Schulstreik-e1448110609608-534x330.jpg 534w, https:\/\/archiv.sozialismus.info\/maschinenraum\/wp-content\/uploads\/2015\/11\/Schulstreik-e1448110609608.jpg 1200w\" sizes=\"(max-width: 280px) 100vw, 280px\" \/><\/a>Bis zu 4000 Sch\u00fclerInnen streiken f\u00fcr Gefl\u00fcchtete<\/strong><\/p>\n<p>Am 19. November streikten in Berlin bis zu 4.000 Sch\u00fclerinnen und Sch\u00fcler gegen Rassismus und Abschiebungen. Anlass waren die zunehmenden \u00dcbergriffe auf Fl\u00fcchtlingsunterk\u00fcnfte und die Asylrechtsversch\u00e4rfung der Bundesregierung. Am gleichen Tag streikten auch Sch\u00fclerInnen in Bremen und Frankfurt am Main.<\/p>\n<p><em>von Michael Koschitzki, Berlin<\/em><\/p>\n<p>Um 11 Uhr sollte die Demonstration und Kundgebung am Potsdamer Platz beginnen. Kurz davor kamen Sch\u00fclerinnen und Sch\u00fcler in gro\u00dfen und kleinen Gruppen am Platz an. Eine auffallend gro\u00dfe Gruppe war aus Steglitz dabei. Die Sch\u00fclerInnen des Fichtenaugymnasiums hatten im Juni einen bezirklichen Schulstreik gegen Bildungsk\u00fcrzungen durchgef\u00fchrt. Auch jetzt gegen Rassismus ist fast die ganze Schule dabei.<\/p>\n<p><a href=\"https:\/\/www.archiv.sozialismus.info\/maschinenraum\/wp-content\/uploads\/2015\/11\/streik2.jpg\"><img loading=\"lazy\" class=\"alignright size-medium wp-image-31739\" src=\"https:\/\/www.archiv.sozialismus.info\/maschinenraum\/wp-content\/uploads\/2015\/11\/streik2-260x173.jpg\" alt=\"streik2\" width=\"260\" height=\"173\" srcset=\"https:\/\/archiv.sozialismus.info\/maschinenraum\/wp-content\/uploads\/2015\/11\/streik2-260x173.jpg 260w, https:\/\/archiv.sozialismus.info\/maschinenraum\/wp-content\/uploads\/2015\/11\/streik2-521x347.jpg 521w, https:\/\/archiv.sozialismus.info\/maschinenraum\/wp-content\/uploads\/2015\/11\/streik2-600x400.jpg 600w, https:\/\/archiv.sozialismus.info\/maschinenraum\/wp-content\/uploads\/2015\/11\/streik2.jpg 1200w\" sizes=\"(max-width: 260px) 100vw, 260px\" \/><\/a>Aus zwei anderen Bezirken kommen Zubringerdemonstrationen, die die Sch\u00fclerInnen bereits morgens an den Schulen abholten, um mit ihnen gemeinsam zur Kundgebung zu demonstrieren. Die gr\u00f6\u00dfte kam aus Pankow an und hatte bereits acht Schulen besucht. Linksjugend [&#8217;solid] Kreuzk\u00f6lln und Berlin-Ost versammelte ebenfalls Sch\u00fclerInnen an mehreren Schulen.<\/p>\n<h4>Gegen Rassismus und Krieg<\/h4>\n<p><a href=\"https:\/\/www.archiv.sozialismus.info\/maschinenraum\/wp-content\/uploads\/2015\/11\/12243092_896573537106285_7527579338721897162_n.jpg\"><img loading=\"lazy\" class=\"alignleft size-medium wp-image-31740\" src=\"https:\/\/www.archiv.sozialismus.info\/maschinenraum\/wp-content\/uploads\/2015\/11\/12243092_896573537106285_7527579338721897162_n-231x173.jpg\" alt=\"12243092_896573537106285_7527579338721897162_n\" width=\"231\" height=\"173\" srcset=\"https:\/\/archiv.sozialismus.info\/maschinenraum\/wp-content\/uploads\/2015\/11\/12243092_896573537106285_7527579338721897162_n-231x173.jpg 231w, https:\/\/archiv.sozialismus.info\/maschinenraum\/wp-content\/uploads\/2015\/11\/12243092_896573537106285_7527579338721897162_n-463x347.jpg 463w, https:\/\/archiv.sozialismus.info\/maschinenraum\/wp-content\/uploads\/2015\/11\/12243092_896573537106285_7527579338721897162_n-600x450.jpg 600w, https:\/\/archiv.sozialismus.info\/maschinenraum\/wp-content\/uploads\/2015\/11\/12243092_896573537106285_7527579338721897162_n.jpg 960w\" sizes=\"(max-width: 231px) 100vw, 231px\" \/><\/a>Der Schulstreik setzte sich ein f\u00fcr Bleiberecht, gegen Abschiebungen, gegen rechte Gewalt und staatlichen Rassismus. Vor dem Hintergrund der Attentate in Paris und dem Versuch daraus mehr Abschottung zu rechtfertigen, wurde mehrfach thematisiert, dass Krieg, Abschottung und Ma\u00dfnahmen gegen Fl\u00fcchtlinge keine Antwort auf Terror sind, sondern das Problem nur versch\u00e4rfen.<\/p>\n<p>Auf dem Lautsprecherwagen der Linksjugend [&#8217;solid], der von mehreren Basisgruppen zusammen organisiert wurde, zogen mehrere Rednerinnen und Redner die Verbindung von Bleiberecht zu sozialen K\u00e4mpfen beispielsweise f\u00fcr mehr g\u00fcnstigen Wohnraum und die Verbindung zum Kampf gegen Fluchtursachen. Flugbl\u00e4tter der Kampagne \u201eWohnen. Bleiben. Fluchtursachen bek\u00e4mpfen. Die Reichen sollen zahlen!\u201c wurden verteilt.<\/p>\n<p><iframe loading=\"lazy\" src=\"https:\/\/www.youtube.com\/embed\/jWqwqOAK4QE\" width=\"560\" height=\"315\" frameborder=\"0\" allowfullscreen=\"allowfullscreen\"><\/iframe><\/p>\n<h4>Weiterk\u00e4mpfen! Organisieren!<\/h4>\n<p>Im Anschluss an die Demonstration fuhren viele AktivistInnen noch in den Stadtteil Moabit, wo die NPD eine Kundgebung vor der Erstaufnahmeeinrichtung angek\u00fcndigt hatte. Die zehn Nazis wurden von vielen Gegendemonstranten lautstark empfangen. Am gleichen Tag gab es auch Sch\u00fclerstreiks in Bremen mit 500 TeilnehmerInnen und Frankfurt am Main mit 300 TeilnehmerInnen. Die Streiks sind ein ermunterndes Zeichen gegen Rassismus und rechten Terror. Antifaschistische und antirassistische Proteste m\u00fcssen gest\u00e4rkt werden. Daf\u00fcr ist Organisation n\u00f6tig. Linksjugend [&#8217;solid] Kreuzk\u00f6lln und Berlin-Ost haben Flugbl\u00e4tter verteilt, f\u00fcr Treffen auf denen sie sich vorstellen und man aktiv werden kann.<\/p>\n","protected":false},"excerpt":{"rendered":"<p>Bis zu 4000 Sch\u00fclerInnen streiken f\u00fcr Gefl\u00fcchtete<\/p>\n","protected":false},"author":2,"featured_media":31738,"comment_status":"closed","ping_status":"closed","sticky":false,"template":"","format":"standard","meta":[],"categories":[4,50,5],"tags":[262],"_links":{"self":[{"href":"https:\/\/archiv.sozialismus.info\/maschinenraum\/wp-json\/wp\/v2\/posts\/31737"}],"collection":[{"href":"https:\/\/archiv.sozialismus.info\/maschinenraum\/wp-json\/wp\/v2\/posts"}],"about":[{"href":"https:\/\/archiv.sozialismus.info\/maschinenraum\/wp-json\/wp\/v2\/types\/post"}],"author":[{"embeddable":true,"href":"https:\/\/archiv.sozialismus.info\/maschinenraum\/wp-json\/wp\/v2\/users\/2"}],"replies":[{"embeddable":true,"href":"https:\/\/archiv.sozialismus.info\/maschinenraum\/wp-json\/wp\/v2\/comments?post=31737"}],"version-history":[{"count":1,"href":"https:\/\/archiv.sozialismus.info\/maschinenraum\/wp-json\/wp\/v2\/posts\/31737\/revisions"}],"predecessor-version":[{"id":31741,"href":"https:\/\/archiv.sozialismus.info\/maschinenraum\/wp-json\/wp\/v2\/posts\/31737\/revisions\/31741"}],"wp:featuredmedia":[{"embeddable":true,"href":"https:\/\/archiv.sozialismus.info\/maschinenraum\/wp-json\/wp\/v2\/media\/31738"}],"wp:attachment":[{"href":"https:\/\/archiv.sozialismus.info\/maschinenraum\/wp-json\/wp\/v2\/media?parent=31737"}],"wp:term":[{"taxonomy":"category","embeddable":true,"href":"https:\/\/archiv.sozialismus.info\/maschinenraum\/wp-json\/wp\/v2\/categories?post=31737"},{"taxonomy":"post_tag","embeddable":true,"href":"https:\/\/archiv.sozialismus.info\/maschinenraum\/wp-json\/wp\/v2\/tags?post=31737"}],"curies":[{"name":"wp","href":"https:\/\/api.w.org\/{rel}","templated":true}]}}