{"id":31599,"date":"2015-11-05T10:10:56","date_gmt":"2015-11-05T09:10:56","guid":{"rendered":"https:\/\/www.sozialismus.info\/?p=31599"},"modified":"2015-11-04T15:42:53","modified_gmt":"2015-11-04T14:42:53","slug":"bundesweites-sav-seminar-voller-erfolg","status":"publish","type":"post","link":"https:\/\/archiv.sozialismus.info\/maschinenraum\/2015\/11\/bundesweites-sav-seminar-voller-erfolg\/","title":{"rendered":"Bundesweites SAV-Seminar voller Erfolg"},"content":{"rendered":"<p><strong><a href=\"https:\/\/www.archiv.sozialismus.info\/maschinenraum\/wp-content\/uploads\/2015\/11\/Seminar.jpg\"><img loading=\"lazy\" class=\"alignleft size-medium wp-image-31601\" src=\"https:\/\/www.archiv.sozialismus.info\/maschinenraum\/wp-content\/uploads\/2015\/11\/Seminar-280x173.jpg\" alt=\"Seminar\" width=\"280\" height=\"173\" srcset=\"https:\/\/archiv.sozialismus.info\/maschinenraum\/wp-content\/uploads\/2015\/11\/Seminar-280x173.jpg 280w, https:\/\/archiv.sozialismus.info\/maschinenraum\/wp-content\/uploads\/2015\/11\/Seminar-162x100.jpg 162w, https:\/\/archiv.sozialismus.info\/maschinenraum\/wp-content\/uploads\/2015\/11\/Seminar-560x347.jpg 560w, https:\/\/archiv.sozialismus.info\/maschinenraum\/wp-content\/uploads\/2015\/11\/Seminar-600x371.jpg 600w, https:\/\/archiv.sozialismus.info\/maschinenraum\/wp-content\/uploads\/2015\/11\/Seminar-534x330.jpg 534w, https:\/\/archiv.sozialismus.info\/maschinenraum\/wp-content\/uploads\/2015\/11\/Seminar.jpg 1257w\" sizes=\"(max-width: 280px) 100vw, 280px\" \/><\/a>Alle Erwartungen \u00fcbertroffen<\/strong><\/p>\n<p>\u201eMilitarismus, Krieg, Antifa\/Antira und Revolution\u201c war der Titel eines bundesweiten SAV-Seminars, das vom 30.10. bis 1.11. in Helmarshausen bei Kassel stattfand. In 36 Plenumsdebatten und Arbeitsgruppen diskutierten knapp 120 TeilnehmerInnen \u00fcber historische Ereignisse, theoretische Fragen und aktuelle Entwicklungen zu diesem Themenkomplex. Besonders auff\u00e4llig und erfreulich war die hohe Zahl jugendlicher TeilnehmerInnen, die das Seminar pr\u00e4gten. Am Ende waren alle begeistert und hatten aus den Debatten und dem Erfahrungsaustausch Inspiration und Motivation f\u00fcr den Kampf f\u00fcr eine sozialistische Welt gezogen.<\/p>\n<p>F\u00fcnf TeilnehmerInnen (aus Kassel, Mei\u00dfen bei Dresden und Berlin) traten w\u00e4hrend des Seminars in die SAV ein. Weitere Interessierte, die anwesend waren, wollen die Diskussion fortsetzen und arbeiten schon aktiv mit uns zusammen. Die TeilnehmerInnen kamen aus 17 verschiedenen Orten.<\/p>\n<p><a href=\"https:\/\/www.archiv.sozialismus.info\/maschinenraum\/wp-content\/uploads\/2015\/11\/12182596_888831384547167_8253634934883328027_o.jpg\"><img loading=\"lazy\" class=\"size-medium wp-image-31606 alignright\" src=\"https:\/\/www.archiv.sozialismus.info\/maschinenraum\/wp-content\/uploads\/2015\/11\/12182596_888831384547167_8253634934883328027_o-231x173.jpg\" alt=\"12182596_888831384547167_8253634934883328027_o\" width=\"231\" height=\"173\" srcset=\"https:\/\/archiv.sozialismus.info\/maschinenraum\/wp-content\/uploads\/2015\/11\/12182596_888831384547167_8253634934883328027_o-231x173.jpg 231w, https:\/\/archiv.sozialismus.info\/maschinenraum\/wp-content\/uploads\/2015\/11\/12182596_888831384547167_8253634934883328027_o-463x347.jpg 463w, https:\/\/archiv.sozialismus.info\/maschinenraum\/wp-content\/uploads\/2015\/11\/12182596_888831384547167_8253634934883328027_o-600x450.jpg 600w, https:\/\/archiv.sozialismus.info\/maschinenraum\/wp-content\/uploads\/2015\/11\/12182596_888831384547167_8253634934883328027_o.jpg 1632w\" sizes=\"(max-width: 231px) 100vw, 231px\" \/><\/a>SAV-Bundessprecher Sascha Stanicic er\u00f6ffnete das Seminar mit einem Vortrag, der den Bogen vom Kampf der marxistischen InternationalistInnen gegen den Ersten Weltkrieg zur aktuellen Debatte um Kriege und Gefl\u00fcchtete spannte. Er betonte, dass Kriege und Rassismus dem kapitalistischen System inne wohnen und nur \u00fcberwunden werden k\u00f6nnen, wenn auch der Kapitalismus \u00fcberwunden wird. Bezugnehmend auf die Tatsache, dass es die russische Oktoberrevolution 1917 war, die das Ende des Ersten Weltkriegs einleitete, betonte er die Rolle der Arbeiterklasse und von Massenbewegungen und Revolutionen beim Kampf gegen Kriege: \u201eNicht wir sind Utopistinnen und Utopisten, sondern diejenigen, die glauben, man k\u00f6nne Kriege durch die Vereinten Nationen und diplomatische Bem\u00fchungen im Rahmen der kapitalistischen Ordnung verhindern.\u201c<\/p>\n<p>Die Themen der Arbeitsgruppen waren vielf\u00e4ltig und reichten von \u201eWas ist Rassismus?\u201c \u00fcber \u201eGeschichte der Black Panther Party\u201c und \u201eGeschichte der Bolschewiki\u201c bis zur \u201eDDR-Revolution 1989\u201c. Doch es wurden auch aktuelle Fragen diskutiert. Hannah Sell vom Internationalen Sekretariat des Komitees f\u00fcr eine Arbeiterinternationale (engl. Abk\u00fcrzung CWI) sprach unter anderem zum marxistischen Programm zum Thema Migration. Dima Yansky referierte \u00fcber die aktuellen Entwicklungen in der Ukraine und Claus Ludwig \u00fcber die Ereignisse in der T\u00fcrkei. Auf einer Plenumsdebatte am Samstag Abend sprach unter anderem Lucy Redler zur aktuellen Lage in Deutschland und den vielf\u00e4ltigen Aktivit\u00e4ten der SAV im Kampf gegen Rassismus und rechten Terror.<\/p>\n<p>Das Seminar wurde auch zum praktischen Erfahrungsaustausch und der Planung weiterer Aktivit\u00e4ten genutzt. SAV-Mitglieder, die in Betrieben und Gewerkschaften t\u00e4tig sind, kamen zusammen und tauschten sich \u00fcber die Erfahrungen in den Streiks der Sozial- und Erziehungsdienste und bei der Charit\u00e9 aus und bekr\u00e4ftigten die Mitarbeit und Unterst\u00fctzung f\u00fcr das Netzwerk f\u00fcr eine k\u00e4mpferische und demokratische ver.di. Die vielen jungen TeilnehmerInnen, die zu einem gro\u00dfen Teil in der Linksjugend [&#8217;solid] aktiv sind, bildeten gleich mehrere Arbeitsgruppen und diskutierten unter anderem sozialistische Arbeit an Schulen, ihren Beitrag beim Aufbau des Bundesarbeitskreises Revolution\u00e4re Linke (BAK RL) innerhalb der Linksjugend [&#8217;solid] und die vom BAK RL angesto\u00dfene Kampagne \u201eWohnen. Bleiben. Fluchtursachen bek\u00e4mpfen. Die Reichen sollen zahlen!\u201c Ganz praktisch kamen TeilnehmerInnen aber auch in Workshops zum Lay-Out von Flugbl\u00e4ttern und der Nutzung von social media in der politischen Arbeit zusammen.<\/p>\n<p><a href=\"https:\/\/www.archiv.sozialismus.info\/maschinenraum\/wp-content\/uploads\/2015\/11\/IMG_8523.jpg\"><img loading=\"lazy\" class=\"alignleft size-medium wp-image-31603\" src=\"https:\/\/www.archiv.sozialismus.info\/maschinenraum\/wp-content\/uploads\/2015\/11\/IMG_8523-231x173.jpg\" alt=\"IMG_8523\" width=\"231\" height=\"173\" srcset=\"https:\/\/archiv.sozialismus.info\/maschinenraum\/wp-content\/uploads\/2015\/11\/IMG_8523-231x173.jpg 231w, https:\/\/archiv.sozialismus.info\/maschinenraum\/wp-content\/uploads\/2015\/11\/IMG_8523-463x347.jpg 463w, https:\/\/archiv.sozialismus.info\/maschinenraum\/wp-content\/uploads\/2015\/11\/IMG_8523-600x450.jpg 600w, https:\/\/archiv.sozialismus.info\/maschinenraum\/wp-content\/uploads\/2015\/11\/IMG_8523.jpg 1632w\" sizes=\"(max-width: 231px) 100vw, 231px\" \/><\/a>Der B\u00fcchertisch machte einen Rekordumsatz und auch der Spendenappell brachte mit 4700 Euro schon einen gro\u00dfen Teil des Ziels von 10.000 Euro ein (wer spenden will, kann das <a href=\"https:\/\/www.archiv.sozialismus.info\/spende\/\">hier<\/a> machen). In seinem Abschlussreferat betonte Michael Koschitzki, dass die SAV auf ein erfolgreiches Jahr mit wichtigen Fortschritten zur\u00fcck blicken kann und richtete den Blick auf die anstehenden Bewegungen und die n\u00e4chste gro\u00dfe geplante Veranstaltung: die <a href=\"https:\/\/www.archiv.sozialismus.info\/2015\/10\/sozialismustage-2016\/\">Sozialismustage 2016<\/a>, die vom 25. bis 27. M\u00e4rz in Berlin stattfinden werden. Da werden sich die meisten TeilnehmerInnen wieder sehen.<\/p>\n","protected":false},"excerpt":{"rendered":"<p>Alle Erwartungen \u00fcbertroffen<\/p>\n","protected":false},"author":2,"featured_media":31601,"comment_status":"closed","ping_status":"closed","sticky":false,"template":"","format":"standard","meta":[],"categories":[105],"tags":[262],"_links":{"self":[{"href":"https:\/\/archiv.sozialismus.info\/maschinenraum\/wp-json\/wp\/v2\/posts\/31599"}],"collection":[{"href":"https:\/\/archiv.sozialismus.info\/maschinenraum\/wp-json\/wp\/v2\/posts"}],"about":[{"href":"https:\/\/archiv.sozialismus.info\/maschinenraum\/wp-json\/wp\/v2\/types\/post"}],"author":[{"embeddable":true,"href":"https:\/\/archiv.sozialismus.info\/maschinenraum\/wp-json\/wp\/v2\/users\/2"}],"replies":[{"embeddable":true,"href":"https:\/\/archiv.sozialismus.info\/maschinenraum\/wp-json\/wp\/v2\/comments?post=31599"}],"version-history":[{"count":1,"href":"https:\/\/archiv.sozialismus.info\/maschinenraum\/wp-json\/wp\/v2\/posts\/31599\/revisions"}],"predecessor-version":[{"id":31607,"href":"https:\/\/archiv.sozialismus.info\/maschinenraum\/wp-json\/wp\/v2\/posts\/31599\/revisions\/31607"}],"wp:featuredmedia":[{"embeddable":true,"href":"https:\/\/archiv.sozialismus.info\/maschinenraum\/wp-json\/wp\/v2\/media\/31601"}],"wp:attachment":[{"href":"https:\/\/archiv.sozialismus.info\/maschinenraum\/wp-json\/wp\/v2\/media?parent=31599"}],"wp:term":[{"taxonomy":"category","embeddable":true,"href":"https:\/\/archiv.sozialismus.info\/maschinenraum\/wp-json\/wp\/v2\/categories?post=31599"},{"taxonomy":"post_tag","embeddable":true,"href":"https:\/\/archiv.sozialismus.info\/maschinenraum\/wp-json\/wp\/v2\/tags?post=31599"}],"curies":[{"name":"wp","href":"https:\/\/api.w.org\/{rel}","templated":true}]}}