{"id":31342,"date":"2015-10-15T10:00:08","date_gmt":"2015-10-15T08:00:08","guid":{"rendered":"https:\/\/www.sozialismus.info\/?p=31342"},"modified":"2015-10-05T11:41:25","modified_gmt":"2015-10-05T09:41:25","slug":"wir-wollen-ihnen-jeden-platz-nehmen","status":"publish","type":"post","link":"https:\/\/archiv.sozialismus.info\/maschinenraum\/2015\/10\/wir-wollen-ihnen-jeden-platz-nehmen\/","title":{"rendered":"\u201eWir wollen ihnen jeden Platz nehmen\u201c"},"content":{"rendered":"<p><em><a href=\"https:\/\/www.archiv.sozialismus.info\/maschinenraum\/wp-content\/uploads\/2015\/10\/11261113_1634193950131647_5525943556172641099_n-e1444038061773.jpg\"><img loading=\"lazy\" class=\"alignleft size-medium wp-image-31388\" src=\"https:\/\/www.archiv.sozialismus.info\/maschinenraum\/wp-content\/uploads\/2015\/10\/11261113_1634193950131647_5525943556172641099_n-e1444038061773-280x173.jpg\" alt=\"NoHoGeSa K\u00f6ln\" width=\"280\" height=\"173\" srcset=\"https:\/\/archiv.sozialismus.info\/maschinenraum\/wp-content\/uploads\/2015\/10\/11261113_1634193950131647_5525943556172641099_n-e1444038061773-280x173.jpg 280w, https:\/\/archiv.sozialismus.info\/maschinenraum\/wp-content\/uploads\/2015\/10\/11261113_1634193950131647_5525943556172641099_n-e1444038061773-162x100.jpg 162w, https:\/\/archiv.sozialismus.info\/maschinenraum\/wp-content\/uploads\/2015\/10\/11261113_1634193950131647_5525943556172641099_n-e1444038061773-560x347.jpg 560w, https:\/\/archiv.sozialismus.info\/maschinenraum\/wp-content\/uploads\/2015\/10\/11261113_1634193950131647_5525943556172641099_n-e1444038061773-600x372.jpg 600w, https:\/\/archiv.sozialismus.info\/maschinenraum\/wp-content\/uploads\/2015\/10\/11261113_1634193950131647_5525943556172641099_n-e1444038061773-534x330.jpg 534w, https:\/\/archiv.sozialismus.info\/maschinenraum\/wp-content\/uploads\/2015\/10\/11261113_1634193950131647_5525943556172641099_n-e1444038061773.jpg 852w\" sizes=\"(max-width: 280px) 100vw, 280px\" \/><\/a>Interview mit Kati \u00fcber die Proteste gegen den HoGeSa-Jahrestag. Das Interview wurde am 23. September und damit vor dem Verbot gef\u00fchrt.<br \/>\n<\/em><\/p>\n<p><strong>Wie gef\u00e4hrlich ist HoGeSa?<\/strong><\/p>\n<p>Wie gef\u00e4hrlich HoGeSa ist, konnte man im Oktober letzten Jahres in K\u00f6ln sehen. Viele haben wahrscheinlich noch die Bilder im Kopf, von marodierenden Horden, die Passanten und Journalisten anp\u00f6belten und von dem umgekippten Polizeiauto. (Erst letzte Woche wurde eine Gruppe von Gegendemostranten in Essen angegriffen. Die Rechten warfen St\u00fchle und Gegenst\u00e4nde und demolierten ein Lokal in das sich die Gruppe gefl\u00fcchtet hatte.)<\/p>\n<p>Wenn HoGeSa mobilisiert, kommen viele verschiedenen Str\u00f6mungen. Einschl\u00e4gige Neonazis, z.B. von Die Rechte, aber auch gewaltbereite, nicht organisierte, rechte Hooligans. Das ist eine neue Entwicklung, dass ein so gro\u00dfes Spektrum sich zusammen schlie\u00dft und rechte Hooligans so eine politische B\u00fchne betreten.<\/p>\n<p>Eins demonstrierten sie in K\u00f6ln jedenfalls alle: Sie alle vertreten nicht ein politische Meinung die diskutierbar w\u00e4re, ihre Methode ist, Angst auf der Stra\u00dfe zu verbreiten, St\u00e4rke zu demonstrieren und so Andersdenkende und Menschen, die ihnen nicht in den Kram passen einzusch\u00fcchtern und zu vertreiben.<\/p>\n<h4>Welche Gegenproteste sind geplant?<\/h4>\n<p>Es wird in K\u00f6ln drei gro\u00dfe Gegenaktionen geben. Drei B\u00fcndnisse haben sich aufgeteilt, um die ganze Innenstadt zu besetzen.<\/p>\n<p>Es wird es von \u201eArsch huh\u201c und \u201eBirlikte\u201c ein gro\u00dfes Stra\u00dfenfest am Eigelstein und mehrere B\u00fchnen mit Musik geben. Das B\u00fcndnis \u201eK\u00f6ln stellt sich Quer\u201c wird im Kunivertsviertel eine Kundgebung veranstalten und anschlie\u00dfend zum Eigelstein gehen.<\/p>\n<p>Wir, vom B\u00fcndnis \u201eK\u00f6ln gegen Rechts\u201c treffen uns am Bahnhofsvorplatz. Unser erkl\u00e4rtes Ziel ist, die Veranstaltung von HoGeSa zu verhindern, zum Beispiel durch Blockaden.<br \/>\nNoch ist die Strategie der Polizei nicht klar. Aber selbst wenn der Aufmarsch der Rechten an den Stadtrand verlegt wird, haben alle B\u00fcndnisse zugesagt, sich auch dorthin zu bewegen. Wir wollen Ihnen jeden Platz nehmen.<\/p>\n<h4>Was macht das B\u00fcndnis K\u00f6ln gegen Rechts?<\/h4>\n<p>Wir haben uns nach dem Schock des HoGeSa Aufmarsches im letzten Jahr gegr\u00fcndet. Das kannte man zuvor hier einfach nicht. NaziAufm\u00e4rsche bestanden bis dahin in K\u00f6ln aus wenigen organisierten Rechten. Ihnen gegen\u00fcber standen viele Gegendemonstranten. (Auch zuvor hat es schon B\u00fcndnisse gegeben z.B. gegen ProK\u00f6ln)<\/p>\n<p>Als B\u00fcndnis haben wir anfang des Jahres bereits die Massenproteste gegen K\u00f6gida organisiert. Insgesamt drei Mal haben sie es in K\u00f6ln versucht und sind immer auf Massenproteste und Blockaden gesto\u00dfen. Schlie\u00dflich wurden alle weiteren M\u00e4rsche abgesagt. K\u00f6gida gibt es dank uns nicht mehr.<\/p>\n<p>\u201eK\u00f6ln gegen Rechts\u201c ist ein breites B\u00fcndnis, bestehend aus vielen Gruppen &#8211; von Anifa-Gruppen \u00fcber kein Mensch ist illegal, solid, IL, SAV, Sch\u00fcler und Studenten gegen Rechts etc. etc. . Wir sind uns alle einig, dass wir nicht nur ein Zeichen gegen Rassismus setzen wollen, sondern jeden Versuch von Nazis, einen Fu\u00df auf den Boden zu bekommen, mit den uns zur Verf\u00fcgung stehenden Mitteln verhindern werden. Denn was uns droht, wenn wir das nicht tun, haben wir alle im Oktober letzten Jahres in K\u00f6ln sehen k\u00f6nnen<\/p>\n<p><em>Kati ist Mitglied der SAV K\u00f6ln und aktiv im B\u00fcndnis K\u00f6ln gegen Rechts<\/em><\/p>\n","protected":false},"excerpt":{"rendered":"<p>Interview mit Kati \u00fcber die Proteste gegen den HoGeSa-Jahrestag<\/p>\n","protected":false},"author":2,"featured_media":31388,"comment_status":"closed","ping_status":"closed","sticky":false,"template":"","format":"standard","meta":[],"categories":[5],"tags":[737],"_links":{"self":[{"href":"https:\/\/archiv.sozialismus.info\/maschinenraum\/wp-json\/wp\/v2\/posts\/31342"}],"collection":[{"href":"https:\/\/archiv.sozialismus.info\/maschinenraum\/wp-json\/wp\/v2\/posts"}],"about":[{"href":"https:\/\/archiv.sozialismus.info\/maschinenraum\/wp-json\/wp\/v2\/types\/post"}],"author":[{"embeddable":true,"href":"https:\/\/archiv.sozialismus.info\/maschinenraum\/wp-json\/wp\/v2\/users\/2"}],"replies":[{"embeddable":true,"href":"https:\/\/archiv.sozialismus.info\/maschinenraum\/wp-json\/wp\/v2\/comments?post=31342"}],"version-history":[{"count":4,"href":"https:\/\/archiv.sozialismus.info\/maschinenraum\/wp-json\/wp\/v2\/posts\/31342\/revisions"}],"predecessor-version":[{"id":31389,"href":"https:\/\/archiv.sozialismus.info\/maschinenraum\/wp-json\/wp\/v2\/posts\/31342\/revisions\/31389"}],"wp:featuredmedia":[{"embeddable":true,"href":"https:\/\/archiv.sozialismus.info\/maschinenraum\/wp-json\/wp\/v2\/media\/31388"}],"wp:attachment":[{"href":"https:\/\/archiv.sozialismus.info\/maschinenraum\/wp-json\/wp\/v2\/media?parent=31342"}],"wp:term":[{"taxonomy":"category","embeddable":true,"href":"https:\/\/archiv.sozialismus.info\/maschinenraum\/wp-json\/wp\/v2\/categories?post=31342"},{"taxonomy":"post_tag","embeddable":true,"href":"https:\/\/archiv.sozialismus.info\/maschinenraum\/wp-json\/wp\/v2\/tags?post=31342"}],"curies":[{"name":"wp","href":"https:\/\/api.w.org\/{rel}","templated":true}]}}