{"id":31007,"date":"2015-07-27T12:20:08","date_gmt":"2015-07-27T10:20:08","guid":{"rendered":"https:\/\/www.sozialismus.info\/?p=31007"},"modified":"2015-07-27T12:20:08","modified_gmt":"2015-07-27T10:20:08","slug":"fluchtursachen-bekaempfen-nicht-fluechtlinge","status":"publish","type":"post","link":"https:\/\/archiv.sozialismus.info\/maschinenraum\/2015\/07\/fluchtursachen-bekaempfen-nicht-fluechtlinge\/","title":{"rendered":"Fluchtursachen bek\u00e4mpfen &#8211; nicht Fl\u00fcchtlinge!"},"content":{"rendered":"<p><strong>Flugblatt der SAV Dresden<\/strong><\/p>\n<p>In den letzten Tagen kam es zu organisierten Angriffen von Nazis auf Fl\u00fcchtlinge und ihre Unterk\u00fcnfte in Dresden, Freital und Mei\u00dfen. Heute, am 27. Juli 2015 findet eine Demonstration in Dresden statt. Beginn ist im 19.00 Uhr am Bahnhof Mitte.<\/p>\n<p>[wpfilebase tag=file id=2036 \/]<\/p>\n","protected":false},"excerpt":{"rendered":"<p>Flugblatt der SAV Dresden<\/p>\n","protected":false},"author":2,"featured_media":15331,"comment_status":"closed","ping_status":"closed","sticky":false,"template":"","format":"standard","meta":[],"categories":[4,5],"tags":[],"_links":{"self":[{"href":"https:\/\/archiv.sozialismus.info\/maschinenraum\/wp-json\/wp\/v2\/posts\/31007"}],"collection":[{"href":"https:\/\/archiv.sozialismus.info\/maschinenraum\/wp-json\/wp\/v2\/posts"}],"about":[{"href":"https:\/\/archiv.sozialismus.info\/maschinenraum\/wp-json\/wp\/v2\/types\/post"}],"author":[{"embeddable":true,"href":"https:\/\/archiv.sozialismus.info\/maschinenraum\/wp-json\/wp\/v2\/users\/2"}],"replies":[{"embeddable":true,"href":"https:\/\/archiv.sozialismus.info\/maschinenraum\/wp-json\/wp\/v2\/comments?post=31007"}],"version-history":[{"count":2,"href":"https:\/\/archiv.sozialismus.info\/maschinenraum\/wp-json\/wp\/v2\/posts\/31007\/revisions"}],"predecessor-version":[{"id":31009,"href":"https:\/\/archiv.sozialismus.info\/maschinenraum\/wp-json\/wp\/v2\/posts\/31007\/revisions\/31009"}],"wp:featuredmedia":[{"embeddable":true,"href":"https:\/\/archiv.sozialismus.info\/maschinenraum\/wp-json\/wp\/v2\/media\/15331"}],"wp:attachment":[{"href":"https:\/\/archiv.sozialismus.info\/maschinenraum\/wp-json\/wp\/v2\/media?parent=31007"}],"wp:term":[{"taxonomy":"category","embeddable":true,"href":"https:\/\/archiv.sozialismus.info\/maschinenraum\/wp-json\/wp\/v2\/categories?post=31007"},{"taxonomy":"post_tag","embeddable":true,"href":"https:\/\/archiv.sozialismus.info\/maschinenraum\/wp-json\/wp\/v2\/tags?post=31007"}],"curies":[{"name":"wp","href":"https:\/\/api.w.org\/{rel}","templated":true}]}}