{"id":30998,"date":"2015-07-21T09:51:45","date_gmt":"2015-07-21T07:51:45","guid":{"rendered":"https:\/\/www.sozialismus.info\/?p=30998"},"modified":"2015-07-21T09:51:45","modified_gmt":"2015-07-21T07:51:45","slug":"massaker-im-tuerkischen-suru","status":"publish","type":"post","link":"https:\/\/archiv.sozialismus.info\/maschinenraum\/2015\/07\/massaker-im-tuerkischen-suru\/","title":{"rendered":"Massaker im t\u00fcrkischen Suru\u00e7"},"content":{"rendered":"<p><strong><a href=\"https:\/\/www.archiv.sozialismus.info\/maschinenraum\/wp-content\/uploads\/2015\/07\/PSX_20150721_095020.jpg\"><img loading=\"lazy\" class=\"alignleft size-medium wp-image-31000\" src=\"https:\/\/www.archiv.sozialismus.info\/maschinenraum\/wp-content\/uploads\/2015\/07\/PSX_20150721_095020-216x173.jpg\" alt=\"Suruc\" width=\"216\" height=\"173\" srcset=\"https:\/\/archiv.sozialismus.info\/maschinenraum\/wp-content\/uploads\/2015\/07\/PSX_20150721_095020-216x173.jpg 216w, https:\/\/archiv.sozialismus.info\/maschinenraum\/wp-content\/uploads\/2015\/07\/PSX_20150721_095020-434x347.jpg 434w, https:\/\/archiv.sozialismus.info\/maschinenraum\/wp-content\/uploads\/2015\/07\/PSX_20150721_095020-600x480.jpg 600w, https:\/\/archiv.sozialismus.info\/maschinenraum\/wp-content\/uploads\/2015\/07\/PSX_20150721_095020.jpg 738w\" sizes=\"(max-width: 216px) 100vw, 216px\" \/><\/a>KurdInnen und T\u00fcrkInnen zahlen den Preis daf\u00fcr, dass Erdo\u011fan den \u201eIslamischen Staat\u201c unterst\u00fctzt<\/strong><\/p>\n<p><em>Erkl\u00e4rung von \u201eSosyalist Alternatif\u201c \u00a0vom 20. Juli 2015 (Schwesterorganisation der SAV und Sektion des CWI in der T\u00fcrkei)<\/em><\/p>\n<p>Heute sind mindestens 30 AktivistInnen der \u201eSozialistischen F\u00f6deration der Jugendverb\u00e4nde\u201c (SGDF) ums Leben gekommen, als ein Selbstmordattent\u00e4ter des \u201eIslamischen Staats\u201c in der Stadt Suru\u00e7 im S\u00fcdosten des Landes nahe der syrischen Grenze eine Bombe z\u00fcndete. Die jungen AktivistInnen waren zu einer Pressekonferenz zusammengekommen, kurz bevor sie ins 13 Kilometer entfernte Kobane aufbrechen wollten, wo sie beim Wiederaufbau des Stadt mithelfen wollten.<\/p>\n<p>Dieser Anschlag ist eine Folge der Politik von Pr\u00e4sident Erdo\u011fan, der den \u201eIslamischen Staat\u201c in Syrien unterst\u00fctzt. In den letzten Tagen hat Erdo\u011fan Pl\u00e4ne f\u00fcr eine m\u00f6gliche Milit\u00e4rintervention in Syrien geschmiedet und seine Rede, die er nach diesem j\u00fcngsten Terroranschlag gehalten hat, hat erneut seine kriegstreiberischen Gel\u00fcste offenbart. Die heutige G\u00e4ueltat zeigt ganz klar, dass in erster Linie die kurdischen und t\u00fcrkischen arbeitenden Menschen sowie verarmten Schichten den Preis zu zahlen haben f\u00fcr Erdo\u011fans stille Unterst\u00fctzung f\u00fcr Gruppen, die dem \u201eIslamischen Staat\u201c angeh\u00f6ren.<\/p>\n<p>Das Massaker belegt au\u00dferdem, dass die K\u00e4mpfer des \u201eIslamischen Staats\u201c sich mit Schusswaffen und Bomben ausgestattet frei in der T\u00fcrkei bewegen und agieren.<\/p>\n<p>Zum ersten Mal hat der \u201eIslamische Staat\u201c direkt eine sozialistische Organisation innerhalb der T\u00fcrkei angegriffen. Dies ist ein Beleg f\u00fcr die zutiefst reaktion\u00e4re Natur und den gegen die Arbeiterklasse gerichteten Charakter dieser terroristischen Gruppe.<\/p>\n<p>Wir von \u201eSosyalist Alternatif\u201c (Schwesterorganisation der SAV und Sektion des CWI in der T\u00fcrkei) erkl\u00e4ren uns mit der SGDF solidarisch! Dieser Anschlag ist eine Anschlag gegen uns alle.<\/p>\n<ul>\n<li>Stoppt den Krieg und die Pl\u00e4ne der t\u00fcrkischen Milit\u00e4rkr\u00e4fte zu Besetzung Syriens und von Rojava!<\/li>\n<li>Grenzen auf, um die Volksbewegung in Kobane zu unterst\u00fctzen, Lebensmittellieferungen zu erm\u00f6glichen und die Stadt wieder aufzubauen!<\/li>\n<li>Wir fordern den sofortigen R\u00fccktritt der t\u00fcrkischen Au\u00dfen- und Innenminister!<\/li>\n<li>Stoppt die Unterst\u00fctzung des \u201eIslamischen Staats\u201c und anderer dschihadistischer Gruppen durch die t\u00fcrkische Regierung!<\/li>\n<li>Stoppt die Politik der staatlichen Feindschaft gegen\u00fcber der PYD und des kurdischen Volkes!<\/li>\n<li>F\u00fcr einen erneuerten Massen-Kampf der kurdischen und t\u00fcrkischen ArbeiterInnen und verarmten Schichten gegen dschihadistischen Terror und gegen die Regierung der AKP!<\/li>\n<\/ul>\n","protected":false},"excerpt":{"rendered":"<p>KurdInnen und T\u00fcrkInnen zahlen den Preis daf\u00fcr, dass Erdo\u011fan den \u201eIslamischen Staat\u201c unterst\u00fctzt<\/p>\n","protected":false},"author":2,"featured_media":31000,"comment_status":"closed","ping_status":"closed","sticky":false,"template":"","format":"standard","meta":[],"categories":[45],"tags":[329],"_links":{"self":[{"href":"https:\/\/archiv.sozialismus.info\/maschinenraum\/wp-json\/wp\/v2\/posts\/30998"}],"collection":[{"href":"https:\/\/archiv.sozialismus.info\/maschinenraum\/wp-json\/wp\/v2\/posts"}],"about":[{"href":"https:\/\/archiv.sozialismus.info\/maschinenraum\/wp-json\/wp\/v2\/types\/post"}],"author":[{"embeddable":true,"href":"https:\/\/archiv.sozialismus.info\/maschinenraum\/wp-json\/wp\/v2\/users\/2"}],"replies":[{"embeddable":true,"href":"https:\/\/archiv.sozialismus.info\/maschinenraum\/wp-json\/wp\/v2\/comments?post=30998"}],"version-history":[{"count":1,"href":"https:\/\/archiv.sozialismus.info\/maschinenraum\/wp-json\/wp\/v2\/posts\/30998\/revisions"}],"predecessor-version":[{"id":31001,"href":"https:\/\/archiv.sozialismus.info\/maschinenraum\/wp-json\/wp\/v2\/posts\/30998\/revisions\/31001"}],"wp:featuredmedia":[{"embeddable":true,"href":"https:\/\/archiv.sozialismus.info\/maschinenraum\/wp-json\/wp\/v2\/media\/31000"}],"wp:attachment":[{"href":"https:\/\/archiv.sozialismus.info\/maschinenraum\/wp-json\/wp\/v2\/media?parent=30998"}],"wp:term":[{"taxonomy":"category","embeddable":true,"href":"https:\/\/archiv.sozialismus.info\/maschinenraum\/wp-json\/wp\/v2\/categories?post=30998"},{"taxonomy":"post_tag","embeddable":true,"href":"https:\/\/archiv.sozialismus.info\/maschinenraum\/wp-json\/wp\/v2\/tags?post=30998"}],"curies":[{"name":"wp","href":"https:\/\/api.w.org\/{rel}","templated":true}]}}