{"id":30944,"date":"2015-07-16T10:02:05","date_gmt":"2015-07-16T08:02:05","guid":{"rendered":"https:\/\/www.sozialismus.info\/?p=30944"},"modified":"2015-07-27T15:04:41","modified_gmt":"2015-07-27T13:04:41","slug":"sozial-und-erziehungsdienst-fuer-die-wiederaufnahme-des-streiks","status":"publish","type":"post","link":"https:\/\/archiv.sozialismus.info\/maschinenraum\/2015\/07\/sozial-und-erziehungsdienst-fuer-die-wiederaufnahme-des-streiks\/","title":{"rendered":"Sozial- und Erziehungsdienst: F\u00fcr die Wiederaufnahme des Streiks"},"content":{"rendered":"<p><strong><a href=\"https:\/\/www.archiv.sozialismus.info\/maschinenraum\/wp-content\/uploads\/2015\/08\/sund.jpg\"><img loading=\"lazy\" class=\"alignleft size-medium wp-image-30966\" src=\"https:\/\/www.archiv.sozialismus.info\/maschinenraum\/wp-content\/uploads\/2015\/08\/sund-280x173.jpg\" alt=\"Sozial- und Erziehungsdienst\" width=\"280\" height=\"173\" srcset=\"https:\/\/archiv.sozialismus.info\/maschinenraum\/wp-content\/uploads\/2015\/08\/sund-280x173.jpg 280w, https:\/\/archiv.sozialismus.info\/maschinenraum\/wp-content\/uploads\/2015\/08\/sund-162x100.jpg 162w, https:\/\/archiv.sozialismus.info\/maschinenraum\/wp-content\/uploads\/2015\/08\/sund-560x347.jpg 560w, https:\/\/archiv.sozialismus.info\/maschinenraum\/wp-content\/uploads\/2015\/08\/sund-600x371.jpg 600w, https:\/\/archiv.sozialismus.info\/maschinenraum\/wp-content\/uploads\/2015\/08\/sund-534x330.jpg 534w, https:\/\/archiv.sozialismus.info\/maschinenraum\/wp-content\/uploads\/2015\/08\/sund.jpg 1200w\" sizes=\"(max-width: 280px) 100vw, 280px\" \/><\/a>dokumentiert: Erkl\u00e4rung des Netzwerks f\u00fcr eine k\u00e4mpferische und demokratische ver.di<\/strong><\/p>\n<p><i>Vorbemerkung: Zwei gro\u00dfe Tarifauseinandersetzungen, die ver.di gef\u00fchrt hat, wurden mit schlechten Ergebnissen abgebrochen. Im Gegensatz dazu haben die GDL sowie die k\u00e4mpferische ver.di Betriebsgruppe an der Charit\u00e9 wichtige Erfolge erzieht. Es sollten jetzt Diskussionen von Aktiven organisiert werden, um die Lehren zu ziehen und um zu \u00fcberlegen, wie ein k\u00e4mpferischer Kurs und eine demokratische Beteiligung von unten in den Gewerkschaften durchgesetzt werden kann<\/i><\/p>\n<h2><strong>Sozial- und Erziehungsdienst: F\u00fcr die Wiederaufnahme des Streiks<\/strong><\/h2>\n<p>Der Schlichterspruch ist v\u00f6llig unzureichend. Er bedeutet nur 3,3 Prozent durchschnittliche Erh\u00f6hung, nachdem im Durchschnitt 10 Prozent gefordert gewesen waren. Verbunden ist das auch noch mit einer f\u00fcnfj\u00e4hrigen Laufzeit. Somit ist dieser Schlichterspruch weit entfernt von einer wirklichen Aufwertung.<\/p>\n<h4>F\u00fcr ein Nein in der Mitgliederbefragung<\/h4>\n<p>Erstmal ist daher zentral, in der Mitgliederbefragung (bis 5. August) mit Nein zu stimmen und auf den Versammlungen daf\u00fcr zu argumentieren. Gleichzeitg sollte \u00fcber das \u201eWie weiter?\u201c diskutiert werden. Die Streikbeteiligung in den betroffenen Einrichtungen war beeindruckend. Da der Streik in diesem Bereich aber so gut wie keinen \u00f6konomischen Schaden anrichtet, muss der Druck w\u00e4hrend des Arbeitskampfs politisch aufgebaut werden. Das ist f\u00fcr die betroffenen KollegInnen alleine nicht machbar. N\u00f6tig sind massive Solidarit\u00e4tskampagnen, vor allem getragen von ver.di, den DGB-Gewerkschaften und B\u00fcndnispartnern wie Elternvertretungen, DIE LINKE und anderen.<\/p>\n<h4>Politischer Druck<\/h4>\n<p>Zentral ist, die politische Unterst\u00fctzung in der arbeitenden Bev\u00f6lkerung weiter aufzubauen. Durch fachbereichs- und gewerkschafts\u00fcbergreifende Solidarit\u00e4tskampagnen durch ver.di und DGB w\u00e4re genau das m\u00f6glich. Dies sollte Diskussionen in Betriebs-, Personal- beziehungsweise Mitgliederversammlungen beinhalten. Werden diese einem Tag koordiniert, k\u00f6nnten auch gro\u00dfe Demonstrationen vor Rath\u00e4usern organisiert werden.<\/p>\n<h4>K\u00e4mpfe zusammen f\u00fchren<\/h4>\n<p>Alle M\u00f6glichkeiten einer Koordination mit anderen laufenden Tarifk\u00e4mpfen sollten genutzt werden. Bei der laufendenTarifrunde im Einzelhandel ergibt sich beispielsweise eine inhaltliche Verbindung aus der Aufgabe, f\u00fcr eine Aufwertung von Berufen mit gro\u00dfem Frauenanteil zu k\u00e4mpfen. Die gesellschaftspolitische Bedeutung der beiden Auseinandersetzungen k\u00f6nnte einen mobilisierenden Effekt bekommen. Sollte sich eine Fortsetzung des Streiks nicht sofort umsetzen lassen, w\u00fcrden sich M\u00f6glichkeiten \u00fcber die Einbettung der Aufwertungskampagne in die Tarifrunde Bund und Kommunen 2016 ergeben. Daf\u00fcr m\u00fcsste eine ganz andere Vorbereitung dieser Tarifrunde erfolgen. Hier m\u00fcssten k\u00fchne Forderungen nach mehr Geld aber auch besseren Arbeitsbedingungen, beispielsweise durch drastische Arbeitzeitverk\u00fcrzung bei vollem Lohn- und Personalausgleich in die Diskussion gebracht werden.<\/p>\n<h4>Vernetzung<\/h4>\n<p>Es ist dringend n\u00f6tig, sich von unten zu vernetzen, um Bilanz zu ziehen und sich gemeinsam f\u00fcr eine Weiterf\u00fchrung des Streiks und f\u00fcr einen k\u00e4mpferischen Kurs einzusetzen.<\/p>\n","protected":false},"excerpt":{"rendered":"<p>dokumentiert: Erkl\u00e4rung des Netzwerks f\u00fcr eine k\u00e4mpferische und demokratische ver.di<\/p>\n","protected":false},"author":2,"featured_media":30966,"comment_status":"closed","ping_status":"closed","sticky":false,"template":"","format":"standard","meta":[],"categories":[17,18],"tags":[715],"_links":{"self":[{"href":"https:\/\/archiv.sozialismus.info\/maschinenraum\/wp-json\/wp\/v2\/posts\/30944"}],"collection":[{"href":"https:\/\/archiv.sozialismus.info\/maschinenraum\/wp-json\/wp\/v2\/posts"}],"about":[{"href":"https:\/\/archiv.sozialismus.info\/maschinenraum\/wp-json\/wp\/v2\/types\/post"}],"author":[{"embeddable":true,"href":"https:\/\/archiv.sozialismus.info\/maschinenraum\/wp-json\/wp\/v2\/users\/2"}],"replies":[{"embeddable":true,"href":"https:\/\/archiv.sozialismus.info\/maschinenraum\/wp-json\/wp\/v2\/comments?post=30944"}],"version-history":[{"count":3,"href":"https:\/\/archiv.sozialismus.info\/maschinenraum\/wp-json\/wp\/v2\/posts\/30944\/revisions"}],"predecessor-version":[{"id":30968,"href":"https:\/\/archiv.sozialismus.info\/maschinenraum\/wp-json\/wp\/v2\/posts\/30944\/revisions\/30968"}],"wp:featuredmedia":[{"embeddable":true,"href":"https:\/\/archiv.sozialismus.info\/maschinenraum\/wp-json\/wp\/v2\/media\/30966"}],"wp:attachment":[{"href":"https:\/\/archiv.sozialismus.info\/maschinenraum\/wp-json\/wp\/v2\/media?parent=30944"}],"wp:term":[{"taxonomy":"category","embeddable":true,"href":"https:\/\/archiv.sozialismus.info\/maschinenraum\/wp-json\/wp\/v2\/categories?post=30944"},{"taxonomy":"post_tag","embeddable":true,"href":"https:\/\/archiv.sozialismus.info\/maschinenraum\/wp-json\/wp\/v2\/tags?post=30944"}],"curies":[{"name":"wp","href":"https:\/\/api.w.org\/{rel}","templated":true}]}}