{"id":30658,"date":"2015-07-10T10:00:28","date_gmt":"2015-07-10T08:00:28","guid":{"rendered":"https:\/\/www.sozialismus.info\/?p=30658"},"modified":"2015-07-06T17:06:20","modified_gmt":"2015-07-06T15:06:20","slug":"besorgte-eltern-elsaesser-und-rechte-gruppen","status":"publish","type":"post","link":"https:\/\/archiv.sozialismus.info\/maschinenraum\/2015\/07\/besorgte-eltern-elsaesser-und-rechte-gruppen\/","title":{"rendered":"\u201eBesorgte Eltern\u201c, Els\u00e4sser und rechte Gruppen"},"content":{"rendered":"<p><strong><a href=\"https:\/\/www.archiv.sozialismus.info\/maschinenraum\/wp-content\/uploads\/2015\/06\/S6_BesorgteEltern.jpg\"><img loading=\"lazy\" class=\"alignleft size-medium wp-image-30659\" src=\"https:\/\/www.archiv.sozialismus.info\/maschinenraum\/wp-content\/uploads\/2015\/06\/S6_BesorgteEltern-261x173.jpg\" alt=\"S6_BesorgteEltern\" width=\"261\" height=\"173\" srcset=\"https:\/\/archiv.sozialismus.info\/maschinenraum\/wp-content\/uploads\/2015\/06\/S6_BesorgteEltern-261x173.jpg 261w, https:\/\/archiv.sozialismus.info\/maschinenraum\/wp-content\/uploads\/2015\/06\/S6_BesorgteEltern-524x347.jpg 524w, https:\/\/archiv.sozialismus.info\/maschinenraum\/wp-content\/uploads\/2015\/06\/S6_BesorgteEltern-600x398.jpg 600w, https:\/\/archiv.sozialismus.info\/maschinenraum\/wp-content\/uploads\/2015\/06\/S6_BesorgteEltern.jpg 960w\" sizes=\"(max-width: 261px) 100vw, 261px\" \/><\/a>Eine Reise ins Bizarre<\/strong><\/p>\n<p>Hunderte Leute ziehen mit der Parole \u201eKinder brauchen Liebe, keinen Sex\u201c in den letzten eineinhalb Jahren jeweils durch K\u00f6ln, Augsburg, Dresden, Frankfurt und Hamburg. Als Selbstbezeichnung nennen sie sich \u201eBesorgte Eltern\u201c, ihre Wut richtet sich gegen eine angebliche Fr\u00fchsexualisierung von Kindern in Kinderg\u00e4rten und Schulen.<\/p>\n<p><em>von Fabian Thiel, Hamburg<\/em><\/p>\n<p>Auf ihren Schildern steht \u201eKinderg\u00e4rten sind kein Swingerclub\u201c, \u201eSexuelle Vielfalt? NEIN DANKE!\u201c und \u201eKinder sind kein Staatseigentum\u201c. Ideengeber f\u00fcr diese \u201eBesorgten Eltern\u201c finden sich in der neuen Rechten. Auf der offizielle Seite der Initiative findet man unter Informationen an erster Stelle den Hinweis auf eine Sonderausgabe des neurechten Magazines COMPACT zum Thema \u201eFeindbild Familie\u201c. Unter \u201eGelaufene Demos\u201c wird eine COMPACT-Konferenz zu Russland gelistet. Auf der Startseite wird der Redebeitrag des COMPACT-Verlegers und Chefredakteurs J\u00fcrgen Els\u00e4sser auf der \u201eBesorgten Eltern\u201c-Demo am 15. November in Dresden an prominenter Stelle verlinkt.<\/p>\n<p>In der Rede nutzte Els\u00e4sser gleich zu Beginn die Gelegenheit, sich positiv auf PEGIDA zu beziehen. Im weiteren Verlauf der Rede fabuliert Els\u00e4sser davon, dass UNO und EU Gendermainstreaming in deutsche Schulen heimlich einf\u00fchren w\u00fcrden, um Muslime in Deutschland in den B\u00fcrgerkrieg zu treiben.<\/p>\n<h4>Verbindung zur extremen Rechten<\/h4>\n<p>Es gibt aber noch viel mehr Verbindungen von der Initiative zur extremen Rechten. Laut dem Gr\u00fcndungsmythos der Initiative ist es dem offiziellen Initiator Mathias Ebert irgendwann zu viel geworden, als er geh\u00f6rt hatte, dass ein Vater ins Gef\u00e4ngnis musste, weil er seine Tochter nicht zum Aufkl\u00e4rungsunterricht schicken wollte. Tats\u00e4chlich findet sich ein von einem Mathias Ebert geschriebener Artikel (\u201eSchulzwang \u2013 Erzwingungshaft aufgrund zweier Fehlstunden\u201c) zu der Geschichte, in dem erkl\u00e4rt wird, dass nicht bezahlte Bu\u00dfgelder zu einer eint\u00e4gigen Erzwingungshaft f\u00fcr den Vater gef\u00fchrt haben.<\/p>\n<p>Den Artikel findet man auf der Website des neurechten Monatsmagazin \u201eeigent\u00fcmlich frei\u201c ver\u00f6ffentlicht am 23. August 2013. Die Erstver\u00f6ffentlichung fand auf dem Portal \u201eChristliches Forum\u201c (https:\/\/charismatismus.wordpress.com) sechs Tage vorher statt. Das \u201eChristliche Forum\u201c hat interessante Schwerpunktsetzungen. Seit Anfang des Jahres gibt es f\u00fcnfzig wohlwollende Artikel zur AfD, davon ein erheblicher Anteil von AfD-Pressemitteilungen. Unter dem Tag \u201eFr\u00fchsexualisierung\u201c findet man im gleichen Zeitraum nur schlappe f\u00fcnf Artikel. Diese sind daf\u00fcr wieder von interessanter Herkunft. Artikel von \u201eConservo\u201c, ein rechtskonservativer Blog mit Themen wie \u201e\u00dcber die Nazikeule der L\u00fcgenpresse: \u2018Es kotzt mich an!\u2019\u201c und \u201eKlartext: Asylanten ja, sozialschmarotzende \u2018Fl\u00fcchtlinge\u2019 nein!\u201c. Und nat\u00fcrlich auch Artikel der \u201eJungen Freiheit\u201c, der wichtigsten Publikation der neuen Rechten in der BRD. \u00dcber das \u201eChristliche Forum\u201c findet man auch Links zu Themenseiten zu \u201eHomosexualit\u00e4t \u00fcberwinden\u201c, Anti-Abtreibungs-\u201eLebensrechtler\u201c und nat\u00fcrlich \u201eB\u00fcrger pro Elternrecht\u201c ergo contra Sexualp\u00e4dagogik.<\/p>\n<p>Es geht noch weiter. Der Artikel von Mathias Ebert gibt ein youtube-Video als Quelle an (Skandal: Vater will sein Kind besch\u00fctzen und landet im Gef\u00e4ngnis). Das Video l\u00e4sst einen Anzugstr\u00e4ger die Vorgeschichte erz\u00e4hlen und zeigt dann wie der im Artikel erw\u00e4hnte Vater nach einem Tag aus der Haft entlassen wird. Begr\u00fc\u00dft wird er von einem Dutzend Erwachsenen und fast doppelt so vielen Kindern, die ihn unter anderem mit einem monotonen Singsang von \u201eKinder brauchen Liebe und keinen Sex\u201c begr\u00fc\u00dfen. Produziert wurde das Video von klagemauer.tv (http:\/\/www.kla.tv\/). Hinter klagemauer.tv steckt der Schweizer christlich-fundamentalistische rechtsradikale Esoteriker, Verschw\u00f6rungstheoretiker und Sektenf\u00fchrer Ivo Sasek. 2014 k\u00fcndigte Sasek auf seinem allj\u00e4hrlichen Kongress den Weltuntergang durch den Teufel an. Davon scheinbar wenig beeindruckt hielt Mathias Ebert auf dem gleichen Kongress einen Vortrag \u00fcber seine \u201eBesorgten Eltern\u201c.<\/p>\n<p>Das youtube-Video verlinkt in der Beschreibung auf drei Quellen\/Hintergrundartikel auf der Webseite des ber\u00fcchtigten Kopp-Verlag, der auch Els\u00e4sser publiziert. Die Artikel wurden im April-Mai 2010 von Eva Hermann, der ehemaligen NDR-Nachrichtensprecherin, geschrieben. Alle Drei drehen sich um Eltern, die angeblich f\u00fcr mehrere Tage in Erzwingungshaft gesteckt wurden aus den gleichen Gr\u00fcnden, wie bei dem Vater 2013.<\/p>\n<p>Der Kreis schlie\u00dft sich. Die \u201eBesorgten Eltern\u201c bauen auf der Vorarbeit von dubiosesten rechten Netzwerken auf und sind von diesen offensichtlich weiterhin ma\u00dfgeblich beeinflusst. Sie nutzen Verunsicherung von Eltern, um rassistische und sexuell diskriminierende Inhalte zu verbreiten.<\/p>\n<h4>Widerstand<\/h4>\n<p>Gegen ihren Aufmarsch in Hamburg im Januar 2015 hatte sich ein gro\u00dfes B\u00fcndnis \u201eVielfalt statt Einfalt\u201c gegr\u00fcndet. Sie treten daf\u00fcr ein, \u201edass die Vielfalt von sexueller Orientierung und Geschlecht, von Familien- und Rollenbildern selbstverst\u00e4ndliches Querschnittsthema in allen Bildungseinrichtungen wird. Sexualp\u00e4dagogik ist immer auch Anti-Diskriminierungsarbeit. Dazu geh\u00f6rt die Vermittlung der Gleichwertigkeit von Hetero-, Bi- und Homosexualit\u00e4t genau so, wie von Cis, Trans* und Intersexualit\u00e4t.\u201c Die SAV beteiligte sich an den Protesten.<\/p>\n","protected":false},"excerpt":{"rendered":"<p>Eine Reise ins Bizarre<\/p>\n","protected":false},"author":2,"featured_media":30659,"comment_status":"closed","ping_status":"closed","sticky":false,"template":"","format":"standard","meta":[],"categories":[110,7],"tags":[700],"_links":{"self":[{"href":"https:\/\/archiv.sozialismus.info\/maschinenraum\/wp-json\/wp\/v2\/posts\/30658"}],"collection":[{"href":"https:\/\/archiv.sozialismus.info\/maschinenraum\/wp-json\/wp\/v2\/posts"}],"about":[{"href":"https:\/\/archiv.sozialismus.info\/maschinenraum\/wp-json\/wp\/v2\/types\/post"}],"author":[{"embeddable":true,"href":"https:\/\/archiv.sozialismus.info\/maschinenraum\/wp-json\/wp\/v2\/users\/2"}],"replies":[{"embeddable":true,"href":"https:\/\/archiv.sozialismus.info\/maschinenraum\/wp-json\/wp\/v2\/comments?post=30658"}],"version-history":[{"count":1,"href":"https:\/\/archiv.sozialismus.info\/maschinenraum\/wp-json\/wp\/v2\/posts\/30658\/revisions"}],"predecessor-version":[{"id":30660,"href":"https:\/\/archiv.sozialismus.info\/maschinenraum\/wp-json\/wp\/v2\/posts\/30658\/revisions\/30660"}],"wp:featuredmedia":[{"embeddable":true,"href":"https:\/\/archiv.sozialismus.info\/maschinenraum\/wp-json\/wp\/v2\/media\/30659"}],"wp:attachment":[{"href":"https:\/\/archiv.sozialismus.info\/maschinenraum\/wp-json\/wp\/v2\/media?parent=30658"}],"wp:term":[{"taxonomy":"category","embeddable":true,"href":"https:\/\/archiv.sozialismus.info\/maschinenraum\/wp-json\/wp\/v2\/categories?post=30658"},{"taxonomy":"post_tag","embeddable":true,"href":"https:\/\/archiv.sozialismus.info\/maschinenraum\/wp-json\/wp\/v2\/tags?post=30658"}],"curies":[{"name":"wp","href":"https:\/\/api.w.org\/{rel}","templated":true}]}}