{"id":30510,"date":"2015-05-14T10:00:24","date_gmt":"2015-05-14T08:00:24","guid":{"rendered":"https:\/\/www.sozialismus.info\/?p=30510"},"modified":"2015-05-15T01:23:13","modified_gmt":"2015-05-14T23:23:13","slug":"die-tuerkische-arbeiterklasse-wir-die-analysen-methoden-und-erfahrungen-des-cwi-zu-gebrauchen-wissen","status":"publish","type":"post","link":"https:\/\/archiv.sozialismus.info\/maschinenraum\/2015\/05\/die-tuerkische-arbeiterklasse-wir-die-analysen-methoden-und-erfahrungen-des-cwi-zu-gebrauchen-wissen\/","title":{"rendered":"\u201eDie t\u00fcrkische Arbeiterklasse wird die Erfahrungen des CWI zu gebrauchen wissen.\u201c"},"content":{"rendered":"<p><strong><span lang=\"de-DE\"><a href=\"https:\/\/www.archiv.sozialismus.info\/maschinenraum\/wp-content\/uploads\/2015\/05\/nihat.jpg\"><img loading=\"lazy\" class=\"alignleft size-medium wp-image-30511\" src=\"https:\/\/www.archiv.sozialismus.info\/maschinenraum\/wp-content\/uploads\/2015\/05\/nihat-280x173.jpg\" alt=\"Nihat Boyraz T\u00fcrkei\" width=\"280\" height=\"173\" srcset=\"https:\/\/archiv.sozialismus.info\/maschinenraum\/wp-content\/uploads\/2015\/05\/nihat-280x173.jpg 280w, https:\/\/archiv.sozialismus.info\/maschinenraum\/wp-content\/uploads\/2015\/05\/nihat-162x100.jpg 162w, https:\/\/archiv.sozialismus.info\/maschinenraum\/wp-content\/uploads\/2015\/05\/nihat-560x345.jpg 560w, https:\/\/archiv.sozialismus.info\/maschinenraum\/wp-content\/uploads\/2015\/05\/nihat-600x370.jpg 600w, https:\/\/archiv.sozialismus.info\/maschinenraum\/wp-content\/uploads\/2015\/05\/nihat-534x330.jpg 534w, https:\/\/archiv.sozialismus.info\/maschinenraum\/wp-content\/uploads\/2015\/05\/nihat.jpg 1540w\" sizes=\"(max-width: 280px) 100vw, 280px\" \/><\/a>Interview mit Nihat Boyraz, Mitherausgeber des neuen CWI Magazins in der T\u00fcrkei<\/span><\/strong><\/p>\n<p><em><span lang=\"de-DE\">Sosyalist Alternatif ist die t\u00fcrkische Schwesterorganisation der SAV. Die neue Gruppe hat zum 1. Mai ein neues Magazin herausgebracht und macht gro\u00dfe Fortschritte im Aufbau der Gruppe. Wir sprachen mit Nihat Boyraz, Aktivist von Sosyalist Alternatif und Mitherausgeber des gleichnamigen Magazins.<\/span><\/em><\/p>\n<h4><span lang=\"de-DE\">Eine neue linke Organisation in der T\u00fcrkei, ist denn das n\u00f6tig?<\/span><\/h4>\n<p><span lang=\"de-DE\">Bevor wir die Frage beantworten, m\u00fcssen wir nochmal betonen, dass es total notwendig ist, uns \u00fcberhaupt zu organisieren. Ansonsten sind wir gegen\u00fcber d<\/span><span lang=\"de-DE\">em<\/span><span lang=\"de-DE\"> System ganz allein gestellt, egal wie <\/span><span lang=\"de-DE\">c<\/span><span lang=\"de-DE\">lever oder mutige K\u00e4mpfer wir gegen Ungerechtigkeit und Unterdr\u00fcckung sind. Die Misere des Kapitalismus weltweit, darunter <\/span><span lang=\"de-DE\">leiden<\/span><span lang=\"de-DE\"> wir Arbeiter<\/span><span lang=\"de-DE\">i<\/span><span lang=\"de-DE\">nnen <\/span><span lang=\"de-DE\">und Arbeiter<\/span><span lang=\"de-DE\">, Jugendliche und Armen, wird Tag und Tag gr\u00f6\u00dfer und sichtbarer. Das gilt auch f\u00fcr uns in der T\u00fcrkei lebende<\/span><span lang=\"de-DE\">n<\/span><span lang=\"de-DE\"> Menschen. Wir haben eine Regierung, die seit fast 13 Jahren alleine regiert. In dieser Zeitraum haben die Reichsten ihr Verm\u00f6gen vervierfacht, w\u00e4hrend <\/span><span lang=\"de-DE\">der <\/span><span lang=\"de-DE\">Mindestlohn mit 950 t\u00fcrkischen Lira unter <\/span><span lang=\"de-DE\">der<\/span><span lang=\"de-DE\"> Hunger<\/span><span lang=\"de-DE\">s<\/span><span lang=\"de-DE\">grenze liegt. Selbst <\/span><span lang=\"de-DE\">die <\/span><span lang=\"de-DE\">kleinste Stimme gegen Ausbeutung und Ungerechtigkeit wird seitens der Regierung hart unterdr\u00fcckt. <\/span><\/p>\n<p><span lang=\"de-DE\">Genau vor einem Jahr am 13. Mai passierte in einer Kohlenmine i<\/span><span lang=\"de-DE\">n<\/span><span lang=\"de-DE\"> Soma ein Unfall, <\/span><span lang=\"de-DE\">den<\/span><span lang=\"de-DE\"> wir eher als ein Massaker <\/span><span lang=\"de-DE\">bezeichnen k\u00f6nnen<\/span><span lang=\"de-DE\">. Es gab gro\u00dfe Wut und sogar Erdogan selbst wurde bei dem Besuch von Angeh\u00f6rige<\/span><span lang=\"de-DE\">n<\/span><span lang=\"de-DE\"> der Arbeiter attackiert. Das Fehlen eine<\/span><span lang=\"de-DE\">r<\/span><span lang=\"de-DE\"> starke<\/span><span lang=\"de-DE\">n<\/span><span lang=\"de-DE\"> organisierte<\/span><span lang=\"de-DE\">n<\/span><span lang=\"de-DE\"> Kraft hat dazu gef\u00fchrt, dass weder d<\/span><span lang=\"de-DE\">ie<\/span><span lang=\"de-DE\"> Regierungsvertreter noch Bosse ernsthaft <\/span><span lang=\"de-DE\">zur <\/span><span lang=\"de-DE\">Rechenschaft gezogen worden <\/span><span lang=\"de-DE\">sind<\/span><span lang=\"de-DE\">. Das <\/span><span lang=\"de-DE\">Gegenteil<\/span><span lang=\"de-DE\"> ist geschehen und die Minenarbeiter wurden entlassen. Das, nur als ein kleines Beispiel daf\u00fcr, wie <\/span><span lang=\"de-DE\">n<\/span><span lang=\"de-DE\">otwendig<\/span><span lang=\"de-DE\"> es<\/span><span lang=\"de-DE\"> g<\/span><span lang=\"de-DE\">e<\/span><span lang=\"de-DE\">rad<\/span><span lang=\"de-DE\">e<\/span><span lang=\"de-DE\"> ist, sich zu organisieren,<\/span><\/p>\n<p><span lang=\"de-DE\">Gleichzeitig gibt es eine gro\u00dfe Politisierung insbesondere unter Jugendliche<\/span><span lang=\"de-DE\">n<\/span><span lang=\"de-DE\">, was aber leider nicht bedeutet, dass sie sich automatisch nach <\/span><span lang=\"de-DE\">l<\/span><span lang=\"de-DE\">inks wenden. Wir streben <\/span><span lang=\"de-DE\">an,<\/span><span lang=\"de-DE\"> eine marxistische Antwort f\u00fcr all<\/span><span lang=\"de-DE\">e<\/span><span lang=\"de-DE\"> diese Probleme <\/span><span lang=\"de-DE\">zu<\/span><span lang=\"de-DE\"> geben, ob es um Hungerl\u00f6hne oder Entlassungen, Kriege oder Unterdr\u00fcckung der Kurden geht. <\/span><\/p>\n<p><span lang=\"de-DE\">Auf Demos oder Protesten w<\/span><span lang=\"de-DE\">e<\/span><span lang=\"de-DE\">rd<\/span><span lang=\"de-DE\">en wir<\/span><span lang=\"de-DE\"> immer <\/span><span lang=\"de-DE\">etwas ungl\u00e4ubig<\/span><span lang=\"de-DE\"> gefragt, <\/span><span lang=\"de-DE\">ob wir nicht <\/span><span lang=\"de-DE\">eine Abspaltung irgendeiner Gruppe sind und <\/span><span lang=\"de-DE\">wirklich <\/span><span lang=\"de-DE\">eine Gruppe ganz neu aufbauen. Aber <\/span><span lang=\"de-DE\">das <\/span><span lang=\"de-DE\">bedeutet <\/span><span lang=\"de-DE\">ja<\/span><span lang=\"de-DE\"> auch nicht, dass wir alles neu erfinden und keine Tradition und Erfahrungen haben. Als Mitglied des CWI (Committee for a Workers\u2018 International) bauen wir Sosyalist Alternatif mit 41 J\u00e4hrigen Erfahrungen im Klassenkampf auf. Wir sind der Meinung, <\/span><span lang=\"de-DE\">dass der <\/span><span lang=\"de-DE\">Klassenkampf und die Arbeiterklasse in der T\u00fcrkei, die Methoden, Analysen und politische Erfahrungen der CWI-Tradition sehr gut <\/span><span lang=\"de-DE\">zu gebrauchen<\/span><span lang=\"de-DE\"> wissen w<\/span><span lang=\"de-DE\">erden.<\/span><\/p>\n<h4><span lang=\"de-DE\">Wie steht ihr zur HDP und BHH?<\/span><\/h4>\n<p><span lang=\"de-DE\">HDP (Demokratische Partei der V\u00f6lker) und BHH (Vereinigte Junibewegung) sind zwei neue <\/span><span lang=\"de-DE\">Organisation auf der Linken<\/span><span lang=\"de-DE\"> der T\u00fcrkei und <\/span><span lang=\"de-DE\">sind somit<\/span><span lang=\"de-DE\"> ein Fortschritt f\u00fcr die Einheit der Linken. W\u00e4hrend HDP eine B\u00fcndnispartei haupts\u00e4chlich der kurdischen Freiheitsbewegung und der t\u00fcrkische<\/span><span lang=\"de-DE\">n<\/span><span lang=\"de-DE\"> Linken ist und sehr nah an dem Ziel eine breite Massenpartei zu werden, steht, <\/span><span lang=\"de-DE\">ist <\/span><span lang=\"de-DE\">die BHH ein B\u00fcndnis von verschiedene t\u00fcrkische Linken und unabh\u00e4ngige Aktivist<\/span><span lang=\"de-DE\">e<\/span><span lang=\"de-DE\">n und hat weder eine Potenzial noch Ziel eine solche Massenpartei zu werden. <\/span><\/p>\n<p><span lang=\"de-DE\">Wir sind g<\/span><span lang=\"de-DE\">e<\/span><span lang=\"de-DE\">rade in einem Diskussionsprozess, ob wir uns auch an die HDP beteiligen. Unabh\u00e4ngig vom Ergebnis dessen, unterst\u00fctzen wir die Entwicklungen um HDP. Wir kritisieren si<\/span><span lang=\"de-DE\">e<\/span> <span lang=\"de-DE\">von links,<\/span><span lang=\"de-DE\"> haben aber einen positiven Bezug dazu. Dass die HDP eine gro\u00dfe Betonung auf eine ethnisch-, religi\u00f6s \u00fcbergreifende Einheit legt, begr\u00fc\u00dfen wir und finden das insbesond<\/span><span lang=\"de-DE\">e<\/span><span lang=\"de-DE\">re in der Realit\u00e4t der Region besonders wichtig. Allerdings meinen <\/span><span lang=\"de-DE\">wir<\/span><span lang=\"de-DE\">, das<\/span><span lang=\"de-DE\">s es<\/span><span lang=\"de-DE\"> alleine nicht reichen w\u00fcrde. Sie muss auch die Lin<\/span><span lang=\"de-DE\">i<\/span><span lang=\"de-DE\">e zwischen Oben und Unten; Arm und Reich ebenfalls verdeutlichen. <\/span><\/p>\n<p><a name=\"_GoBack\"><\/a> <span lang=\"de-DE\">Die Parlamentswahlen im Juni machen die Rolle der HDP bzw. einer Massenpartei, die Interessen der Arbeiterklasse vertritt deutlich. HDP ist <\/span><span lang=\"de-DE\">die<\/span><span lang=\"de-DE\"> vierte Partei im Parlament. Aber <\/span><span lang=\"de-DE\">sie<\/span><span lang=\"de-DE\"> wurde g<\/span><span lang=\"de-DE\">e<\/span><span lang=\"de-DE\">rade wegen der Wahlarithmetik die Schl\u00fcsselpartei. Schaf<\/span><span lang=\"de-DE\">f<\/span><span lang=\"de-DE\">t die HDP die undemokratischn 10%ige Wahlh\u00fcrde zu \u00fcberschreiten, ist Schluss mit de<\/span><span lang=\"de-DE\">m <\/span><span lang=\"de-DE\">Alleinregieren der AKP. Neben dieser Tatsache rufen wir <\/span><span lang=\"de-DE\">dazu<\/span><span lang=\"de-DE\"> auf, die HDP zu w\u00e4hlen, weil ihr Erfolg f\u00fcr die Einheit der kurdischen und t\u00fcrkischen Arbeiterklasse ein riesen Schritt nach vorne sein wird. Aber auch f\u00fcr den Aufbau einer linke Massenpartei gegen\u00fcber der Parteien der Reichen und Superreichen. <\/span><\/p>\n<h4><span lang=\"de-DE\">Was tut sich zurzeit im Klassenkampf?<\/span><\/h4>\n<p><span lang=\"de-DE\">Es gibt in letzten Jahren eine deutliche Steigerung von Arbeitsk\u00e4mpfen. Meistens aber sind <\/span><span lang=\"de-DE\">es <\/span><span lang=\"de-DE\">einzelne K\u00e4mpfe gegen Entlassungen. Das hei\u00dft die Arbeiterklasse als Klasse ist noch nicht auf die B\u00fchne getreten. Die Gewerkschaften sind in der H\u00e4nde der B\u00fcrokraten. Es fehlt auch eine politische Kraft, die einzelne K\u00e4mpfe zusammenschlie\u00dfen kann. <\/span><\/p>\n<p><span lang=\"de-DE\">Auf der anderen Seite zerstreuen sich die Illusionen <\/span><span lang=\"de-DE\">in die<\/span><span lang=\"de-DE\"> AKP und der Unmut unter der Arbeiterklasse w\u00e4chst. Durch die Konsumkredite wurde seit Jahren eine k\u00fcnstliche Wohlfahrt geschaffen, von der die AKP haupts\u00e4chlich profitierte. Eine Wirtschaftskrise, <\/span><span lang=\"de-DE\">bei der zurzeit jeder sicher ist, dass sie kommt, aber nicht wei\u00df wann,<\/span><span lang=\"de-DE\"> wird katastrophale Folgen f\u00fcr die Arbeiterklasse haben. Das wiederum <\/span><span lang=\"de-DE\">schafft<\/span><span lang=\"de-DE\"> Bedingungen mit de<\/span><span lang=\"de-DE\">n<\/span><span lang=\"de-DE\"> Erfahrungen der K\u00e4mpfe <\/span><span lang=\"de-DE\">der<\/span><span lang=\"de-DE\"> letzten Zeiten einen starken, einheitlichen Klassenkampf gegen Ausbeutung und <\/span><span lang=\"de-DE\">das<\/span><span lang=\"de-DE\"> kapitalistische System aufzubauen.<\/span><\/p>\n<h4><span lang=\"de-DE\">Was wollt ihr mit dem Magazin erreichen?<\/span><\/h4>\n<p><span lang=\"de-DE\">Eben da steht unser Hauptanliegen. Wir wollen uns f\u00fcr kommende St\u00fcrme gut vorbereiten. Das Magazin Sosyalist Alternatif ist f\u00fcr uns ein Mittel f\u00fcr den Aufbau eine<\/span><span lang=\"de-DE\">r<\/span><span lang=\"de-DE\"> starke<\/span><span lang=\"de-DE\">n<\/span><span lang=\"de-DE\"> marxistische<\/span><span lang=\"de-DE\">n<\/span><span lang=\"de-DE\"> Organisation und dementsprechend ein gro\u00dfer Schritt nach <\/span><span lang=\"de-DE\">v<\/span><span lang=\"de-DE\">orn. Damit haben wir die M\u00f6glichkeit unsere Ideen im Klassenkampf <\/span><span lang=\"de-DE\">zu <\/span><span lang=\"de-DE\">verbreiten, neue AktivstenInnen kennen <\/span><span lang=\"de-DE\">zu <\/span><span lang=\"de-DE\">lernen, die f\u00fcr ein<\/span><span lang=\"de-DE\">e<\/span><span lang=\"de-DE\"> sozialistische Welt k\u00e4mpfen und Sosyalist Altenratif mit aufbauen wollen. Es ist uns bewusst, dass wir noch am Anfang sind und noch vieles zu tun ist. Gleichzeitig uns ist es ebenfalls bewusst, wie schnell sich die Ereignisse entwickeln und dass wir uns auch beeilen m\u00fcssen.<\/span><\/p>\n<p><span lang=\"de-DE\">Alle Mitglieder der Sosyalist Alternatif sind Menschen aus der Arbeiterklasse, die gleichzeitig arbeiten, studieren usw. Wir haben keine Reiche<\/span><span lang=\"de-DE\">n<\/span><span lang=\"de-DE\"> hinter uns, die uns unterst\u00fctzen. Das w\u00fcrden wir sowieso ablehnen. Wir sind aber auf jede kleinste Unterst\u00fctzung der Arbeiterklasse, der Menschen, die eine bessere Welt wollen, angewiesen. InternationalistInnen zu sein bzw. einer Internationale wie CWI anzugeh\u00f6ren zeig<\/span><span lang=\"de-DE\">t<\/span><span lang=\"de-DE\"> auch in diesem Sinne Vorteile. Zum Beispiel, \u00fcber die SAV in Deutschland oder andere Sektionen des CWI k\u00f6nnen wir auch ArbeiterInnen und Jugendliche in diesen L\u00e4ndern erreichen und uns gegenseitig unterst\u00fctzen. <\/span><\/p>\n<p>\u201e<span lang=\"de-DE\">Bu daha ba\u015flang\u0131\u00e7, m\u00fccadeleye devam!\u201c <\/span><span lang=\"de-DE\">D<\/span><span lang=\"de-DE\">as ist noch <\/span><span lang=\"de-DE\">der <\/span><span lang=\"de-DE\">Anfang, weite<\/span><span lang=\"de-DE\">r <\/span><span lang=\"de-DE\">mit dem Kampf!<\/span><\/p>\n<p><a href=\"https:\/\/www.archiv.sozialismus.info\/maschinenraum\/wp-content\/uploads\/2015\/05\/Seite14_Magazin.png\"><img loading=\"lazy\" class=\"alignleft size-medium wp-image-30513\" src=\"https:\/\/www.archiv.sozialismus.info\/maschinenraum\/wp-content\/uploads\/2015\/05\/Seite14_Magazin-135x173.png\" alt=\"Seite14_Magazin\" width=\"135\" height=\"173\" srcset=\"https:\/\/archiv.sozialismus.info\/maschinenraum\/wp-content\/uploads\/2015\/05\/Seite14_Magazin-135x173.png 135w, https:\/\/archiv.sozialismus.info\/maschinenraum\/wp-content\/uploads\/2015\/05\/Seite14_Magazin-270x347.png 270w, https:\/\/archiv.sozialismus.info\/maschinenraum\/wp-content\/uploads\/2015\/05\/Seite14_Magazin-600x771.png 600w, https:\/\/archiv.sozialismus.info\/maschinenraum\/wp-content\/uploads\/2015\/05\/Seite14_Magazin.png 1927w\" sizes=\"(max-width: 135px) 100vw, 135px\" \/><\/a><\/p>\n<p>&nbsp;<\/p>\n<p><em>Das Magazin kann f\u00fcr 3 Euro zzgl. Versand per Email in der SAV-Bundeszentrale bestellt werden. Die SAV nimmt auch Spenden f\u00fcr die t\u00fcrkische Gruppe entgegen.<\/em><\/p>\n","protected":false},"excerpt":{"rendered":"<p>Interview mit Nihat Boyraz, Mitherausgeber des neuen CWI Magazins in der T\u00fcrkei<\/p>\n","protected":false},"author":2,"featured_media":30511,"comment_status":"closed","ping_status":"closed","sticky":false,"template":"","format":"standard","meta":[],"categories":[45],"tags":[],"_links":{"self":[{"href":"https:\/\/archiv.sozialismus.info\/maschinenraum\/wp-json\/wp\/v2\/posts\/30510"}],"collection":[{"href":"https:\/\/archiv.sozialismus.info\/maschinenraum\/wp-json\/wp\/v2\/posts"}],"about":[{"href":"https:\/\/archiv.sozialismus.info\/maschinenraum\/wp-json\/wp\/v2\/types\/post"}],"author":[{"embeddable":true,"href":"https:\/\/archiv.sozialismus.info\/maschinenraum\/wp-json\/wp\/v2\/users\/2"}],"replies":[{"embeddable":true,"href":"https:\/\/archiv.sozialismus.info\/maschinenraum\/wp-json\/wp\/v2\/comments?post=30510"}],"version-history":[{"count":3,"href":"https:\/\/archiv.sozialismus.info\/maschinenraum\/wp-json\/wp\/v2\/posts\/30510\/revisions"}],"predecessor-version":[{"id":30525,"href":"https:\/\/archiv.sozialismus.info\/maschinenraum\/wp-json\/wp\/v2\/posts\/30510\/revisions\/30525"}],"wp:featuredmedia":[{"embeddable":true,"href":"https:\/\/archiv.sozialismus.info\/maschinenraum\/wp-json\/wp\/v2\/media\/30511"}],"wp:attachment":[{"href":"https:\/\/archiv.sozialismus.info\/maschinenraum\/wp-json\/wp\/v2\/media?parent=30510"}],"wp:term":[{"taxonomy":"category","embeddable":true,"href":"https:\/\/archiv.sozialismus.info\/maschinenraum\/wp-json\/wp\/v2\/categories?post=30510"},{"taxonomy":"post_tag","embeddable":true,"href":"https:\/\/archiv.sozialismus.info\/maschinenraum\/wp-json\/wp\/v2\/tags?post=30510"}],"curies":[{"name":"wp","href":"https:\/\/api.w.org\/{rel}","templated":true}]}}