{"id":30234,"date":"2015-04-04T10:00:40","date_gmt":"2015-04-04T08:00:40","guid":{"rendered":"https:\/\/www.sozialismus.info\/?p=30234"},"modified":"2015-03-31T14:56:56","modified_gmt":"2015-03-31T12:56:56","slug":"jugendliche-und-islam","status":"publish","type":"post","link":"https:\/\/archiv.sozialismus.info\/maschinenraum\/2015\/04\/jugendliche-und-islam\/","title":{"rendered":"Jugendliche und Islam"},"content":{"rendered":"<figure id=\"attachment_30235\" aria-describedby=\"caption-attachment-30235\" style=\"width: 280px\" class=\"wp-caption alignleft\"><a href=\"https:\/\/www.archiv.sozialismus.info\/maschinenraum\/wp-content\/uploads\/2015\/03\/1261832100_3157b05df5_b-e1427729532715.jpg\"><img loading=\"lazy\" class=\"size-medium wp-image-30235\" src=\"https:\/\/www.archiv.sozialismus.info\/maschinenraum\/wp-content\/uploads\/2015\/03\/1261832100_3157b05df5_b-e1427729532715-280x173.jpg\" alt=\"Foto: https:\/\/www.flickr.com\/photos\/firas1\/ CC BY-NC-SA 2.0\" width=\"280\" height=\"173\" srcset=\"https:\/\/archiv.sozialismus.info\/maschinenraum\/wp-content\/uploads\/2015\/03\/1261832100_3157b05df5_b-e1427729532715-280x173.jpg 280w, https:\/\/archiv.sozialismus.info\/maschinenraum\/wp-content\/uploads\/2015\/03\/1261832100_3157b05df5_b-e1427729532715-162x100.jpg 162w, https:\/\/archiv.sozialismus.info\/maschinenraum\/wp-content\/uploads\/2015\/03\/1261832100_3157b05df5_b-e1427729532715-560x347.jpg 560w, https:\/\/archiv.sozialismus.info\/maschinenraum\/wp-content\/uploads\/2015\/03\/1261832100_3157b05df5_b-e1427729532715-600x370.jpg 600w, https:\/\/archiv.sozialismus.info\/maschinenraum\/wp-content\/uploads\/2015\/03\/1261832100_3157b05df5_b-e1427729532715-534x330.jpg 534w, https:\/\/archiv.sozialismus.info\/maschinenraum\/wp-content\/uploads\/2015\/03\/1261832100_3157b05df5_b-e1427729532715.jpg 1024w\" sizes=\"(max-width: 280px) 100vw, 280px\" \/><\/a><figcaption id=\"caption-attachment-30235\" class=\"wp-caption-text\">Foto: https:\/\/www.flickr.com\/photos\/firas1\/ CC BY-NC-SA 2.0<\/figcaption><\/figure>\n<p><strong>Junge MigrantInnen unter Generalverdacht &#8211; Wie h\u00e4ngen Rassismus und soziale Missst\u00e4nde mit der Bedrohung durch den rechten politischen Islam zusammen?<\/strong><\/p>\n<p>Jeder islamistisch motivierte Anschlag in Europa wird vom \u201eSicherheitsapparat\u201c und seiner politischen und medialen Lobby f\u00fcr den Ruf nach der Ausweitung der Befugnisse dieses Apparats genutzt. Die ver\u00f6ffentlichten Zahlen \u00fcber sogenannte Dschihad-Touristen und Dschihad-R\u00fcckkehrer dienen oft zur Rechtfertigung der Forderungen von Polizei und Geheimdiensten. Zudem sind sie Wahlkampfmaterial f\u00fcr rechtspopulistische Parteien, die unter anderem mit der \u201einneren Sicherheit\u201c punkten wollen. Insofern ist auf diese Zahlen kein Verlass. Niemand wei\u00df genau, wie h\u00e4ufig sich muslimische Jugendliche zu Islamisten entwickeln, welcher Anteil zum Dschihad \u00fcbergeht und wie viele Dschihadisten zu politisch motivierter Gewalt bereit sind.<\/p>\n<p><em>von Sarah Moayeri, Berlin<\/em><\/p>\n<p>Mangels verl\u00e4sslicher Zahlen m\u00fcssen also nicht-repr\u00e4sentative Informationen \u00fcber Einzelf\u00e4lle f\u00fcr die Analyse herhalten. Ja, es gibt Jugendliche mit (und ohne) Migrationshintergrund, die zu Islamisten werden. Und es gibt welche, die zum Beispiel \u00fcber die T\u00fcrkei nach Syrien reisen, um am dortigen Dschihad teilzunehmen.<\/p>\n<h4>Ursachen f\u00fcr den Schritt zum Islamisten<\/h4>\n<p>Hier gilt es, die Heuchelei der Herrschenden, die sich um die \u201eBekehrung in Deutschland geborener Jugendlicher\u201c sorgen und gleichzeitig f\u00fcr das Schicksal von Millionen Opfern der Kriege im Nahen und Mittleren Osten sowie in Nordafrika verantwortlich sind, zu enth\u00fcllen. Wenn eben diese imperialistischen Staaten, die aktiv mit Waffenlieferungen und Milit\u00e4r an Kriegen beteiligt sind, nicht einmal bereit sind, einen angemessenen Anteil der Millionen Menschen aufzunehmen, die vor Krieg und Terror fliehen, senden sie ganz bewusst ein Signal an die Adresse von Teilen der Bev\u00f6lkerung mit Bindungen an die vom Krieg verw\u00fcsteten L\u00e4nder. Dieses Signal ist im besten Fall eines der Gleichg\u00fcltigkeit, im schlimmsten des Rassismus.<\/p>\n<p>Die b\u00fcrgerliche Presse sch\u00fcrt dabei unter dem Deckmantel der \u201eVerteidigung der Meinungsfreiheit\u201c rassistische Ressentiments gegen muslimische Communities. Junge MigrantInnen werden unter Generalverdacht gestellt und der Islam per se als gewaltt\u00e4tigere Religion im Gegensatz zu \u201ej\u00fcdisch-christlichen\u201c Werten stigmatisiert. Es wird nicht zwischen Begriffen wie \u201eIslam\u201c, \u201eDschihad\u201c und \u201eIslamismus\u201c differenziert und damit die pers\u00f6nliche Religionsfreiheit mit dem rechten politischen Islam, beispielsweise den Methoden des Islamischen Staates, gleichgesetzt.<\/p>\n<p>Auch wenn die Angst vor jungen Islamisten in Deutschland \u00fcberwiegend rassistisch motiviert ist, muss sich die Linke daf\u00fcr interessieren, wie junge Menschen vor einem Gedankengut zu warnen und zu sch\u00fctzen sind, das dem herrschenden Rassismus religi\u00f6se Intoleranz reaktion\u00e4rer F\u00e4rbung entgegensetzt und die Perspektivlosigkeit der Jugendlichen instrumentalisiert.<\/p>\n<p>Das, was sich in den K\u00f6pfen dieser jungen Menschen abspielt, wird durch die gesellschaftlichen Verh\u00e4ltnisse in ihrem eigenen Umfeld hervorgerufen.<\/p>\n<h4>Armutsrisiko<\/h4>\n<p>Menschen mit Migrationshintergrund geh\u00f6ren weiterhin zu den \u00e4rmsten in Deutschland. Die Armutsgef\u00e4hrdungsquote ist laut dem Migrationsbericht der Bundesregierung vom Oktober 2014 bei Menschen mit Migrationshintergrund mit 26,8 Prozent mehr als doppelt so hoch wie bei denen ohne Migrationshintergrund. Dies wird durch die Tatsache noch versch\u00e4rft, dass im Ausland erworbene Bildungsabschl\u00fcsse in Deutschland nicht anerkannt werden und Migrantinnen und Migranten deshalb auf gering bezahlte und\/ oder befristete Stellen angewiesen sind. Daraus resultiert eine Diskriminierung der Kinder in der Schule, die, nach sozialem Status selektiert, schlechte Chancen bei der Ausbildungsplatzsuche haben und denen Arbeitslosigkeit droht.<\/p>\n<p>Unternehmen sortieren oft Bewerbungen aufgrund des ausl\u00e4ndisch klingenden Nachnamens aus.<\/p>\n<p>Laut der Heinrich-B\u00f6ll-Stiftung haben \u201eKinder und Jugendliche mit Migrationshintergrund schlechtere Chancen, nach der Grundschule eine Gymnasialempfehlung zu bekommen und sind institutioneller Diskriminierung entlang von sogenannten \u201eNormalit\u00e4tserwartungen\u201c ausgesetzt. Diese orientiert sich an der Schul- und Sprachf\u00e4higkeit von deutsch-einsprachigen und christlich sozialisierten \u201eMittelschichtskindern\u201c. Jungen Fl\u00fcchtlingen wird \u00fcberhaupt der Zugang zu Bildungseinrichtungen verwehrt oder im besten Falle massiv eingeschr\u00e4nkt.<\/p>\n<h4>Was tun?<\/h4>\n<p>Also ist das Eintreten gegen die soziale Ungleichheit und gegen die rassistische Diskriminierung in Deutschland das entscheidende Mittel gegen die Verhei\u00dfungen menschenverachtender Ideologien. Kostenlose Bildung muss f\u00fcr alle m\u00f6glich sein. Statt Schulen, Bildungsinstituten, Kultureinrichtungen und Jugendbetreuung kaputt zu sparen, muss Kindern und Jugendlichen jeder sozialer Herkunft der Zugang zu diesen Angeboten erm\u00f6glicht werden. Die von der Bundesregierung viel ger\u00fchmte schwarze Null geht auf Kosten der sozialen Absicherung, der Bildung und der Chancengleichheit. F\u00fcr ihren neoliberalen Kurs nehmen die Herrschenden soziale Kollateralsch\u00e4den in Kauf, zu denen das Abdriften eines Teils der Jugend in dschihadistische Organisationen geh\u00f6rt.<\/p>\n<p>Die Linke muss auch f\u00fcr die Trennung von Kirche und Staat eintreten. Religi\u00f6s-reaktion\u00e4re Ideen gedeihen im Schatten der Sonderrechte, die in Deutschland dem Christentum, zu dem auch fundamentalistische Ideen geh\u00f6ren, einger\u00e4umt werden. Die sowieso schon verschuldeten Bundesl\u00e4nder zahlen der Katholischen und der Evangelischen Kirche f\u00fcr Enteignungen im 19. Jahrhundert 460 Millionen Euro j\u00e4hrlich. Hinzu kommen Zusch\u00fcsse f\u00fcr diakonische Einrichtungen, Kirchen- und Katholikentage, Papstbesuche et cetera; bestimmte Religionsgemeinden sind von verschiedenen Steuern und Geb\u00fchren befreit.<\/p>\n<p>Religi\u00f6se Indoktrination wird heute in dem einen Fall heuchlerisch bek\u00e4mpft, Jugendliche dabei bevormundet, und im anderen geduldet und gef\u00f6rdert. Die Spaltung von Kindern und Jugendlichen entlang konfessioneller Grenzen ist ein weiteres Mittel der herrschenden Klasse zur Spaltung und Diskriminierung.<\/p>\n<p>Im Zuge des Kampfes gegen Rassismus und Sozialabbau kann unter allen Jugendlichen, unabh\u00e4ngig ihrer Konfession und Herkunft, ein gemeinschaftliches und solidarisches Bewusstsein entstehen, das eben jene Spaltung aufheben kann. Das Interesse an einem gemeinsam organisierten und nicht nach kapitalistischer Logik \u00f6konomisierten Schulsystem ist nur ein Beispiel f\u00fcr Ziele, die Jugendliche vereinen und links politisieren k\u00f6nnen.<\/p>\n<p>Als SozialistInnen ist es daher unsere Aufgabe, Jugendorganisationen wie Linksjugend-[&#8217;solid]-Strukturen auszubauen und dort mit unseren Ideen, die Jugendlichen eine Alternative zum Kampf gegen die herrschenden Verh\u00e4ltnisse anbieten, aufzutreten. Wichtig ist dabei die eigenst\u00e4ndige Bewusstseinsentwicklung der Jugendlichen in K\u00e4mpfen durch Aufgabenverteilung und Verantwortung.<\/p>\n","protected":false},"excerpt":{"rendered":"<p>Junge MigrantInnen unter Generalverdacht &#8211; Wie h\u00e4ngen Rassismus und soziale Missst\u00e4nde mit der Bedrohung durch den rechten politischen Islam zusammen?<\/p>\n","protected":false},"author":2,"featured_media":30235,"comment_status":"closed","ping_status":"closed","sticky":false,"template":"","format":"standard","meta":[],"categories":[34,53],"tags":[680],"_links":{"self":[{"href":"https:\/\/archiv.sozialismus.info\/maschinenraum\/wp-json\/wp\/v2\/posts\/30234"}],"collection":[{"href":"https:\/\/archiv.sozialismus.info\/maschinenraum\/wp-json\/wp\/v2\/posts"}],"about":[{"href":"https:\/\/archiv.sozialismus.info\/maschinenraum\/wp-json\/wp\/v2\/types\/post"}],"author":[{"embeddable":true,"href":"https:\/\/archiv.sozialismus.info\/maschinenraum\/wp-json\/wp\/v2\/users\/2"}],"replies":[{"embeddable":true,"href":"https:\/\/archiv.sozialismus.info\/maschinenraum\/wp-json\/wp\/v2\/comments?post=30234"}],"version-history":[{"count":0,"href":"https:\/\/archiv.sozialismus.info\/maschinenraum\/wp-json\/wp\/v2\/posts\/30234\/revisions"}],"wp:featuredmedia":[{"embeddable":true,"href":"https:\/\/archiv.sozialismus.info\/maschinenraum\/wp-json\/wp\/v2\/media\/30235"}],"wp:attachment":[{"href":"https:\/\/archiv.sozialismus.info\/maschinenraum\/wp-json\/wp\/v2\/media?parent=30234"}],"wp:term":[{"taxonomy":"category","embeddable":true,"href":"https:\/\/archiv.sozialismus.info\/maschinenraum\/wp-json\/wp\/v2\/categories?post=30234"},{"taxonomy":"post_tag","embeddable":true,"href":"https:\/\/archiv.sozialismus.info\/maschinenraum\/wp-json\/wp\/v2\/tags?post=30234"}],"curies":[{"name":"wp","href":"https:\/\/api.w.org\/{rel}","templated":true}]}}