{"id":29813,"date":"2015-01-29T11:34:29","date_gmt":"2015-01-29T10:34:29","guid":{"rendered":"https:\/\/www.sozialismus.info\/?p=29813"},"modified":"2015-01-29T11:49:12","modified_gmt":"2015-01-29T10:49:12","slug":"flensburg-3-500-gegen-rassismus-und-pegida","status":"publish","type":"post","link":"https:\/\/archiv.sozialismus.info\/maschinenraum\/2015\/01\/flensburg-3-500-gegen-rassismus-und-pegida\/","title":{"rendered":"Flensburg: 3.500 gegen Rassismus und Pegida"},"content":{"rendered":"<p lang=\"zxx\">\n<p lang=\"zxx\"><strong><a href=\"https:\/\/www.archiv.sozialismus.info\/maschinenraum\/wp-content\/uploads\/2015\/01\/Flensb-e1422520978988.jpg\"><img loading=\"lazy\" class=\"alignleft size-medium wp-image-29814\" src=\"https:\/\/www.archiv.sozialismus.info\/maschinenraum\/wp-content\/uploads\/2015\/01\/Flensb-e1422520978988-280x153.jpg\" alt=\"Flensb\" width=\"280\" height=\"153\" srcset=\"https:\/\/archiv.sozialismus.info\/maschinenraum\/wp-content\/uploads\/2015\/01\/Flensb-e1422520978988-280x153.jpg 280w, https:\/\/archiv.sozialismus.info\/maschinenraum\/wp-content\/uploads\/2015\/01\/Flensb-e1422520978988-560x306.jpg 560w, https:\/\/archiv.sozialismus.info\/maschinenraum\/wp-content\/uploads\/2015\/01\/Flensb-e1422520978988-600x328.jpg 600w, https:\/\/archiv.sozialismus.info\/maschinenraum\/wp-content\/uploads\/2015\/01\/Flensb-e1422520978988.jpg 921w\" sizes=\"(max-width: 280px) 100vw, 280px\" \/><\/a>Gro\u00dfmobilisierung gegen Flegida<\/strong><\/p>\n<p lang=\"zxx\"><span style=\"font-family: Verdana,sans-serif;\">Am Montag, den 19.1. folgten ca. 3.500 Menschen den Aufruf des B\u00fcndnisses &#8222;Gegen Flegida \u2013 f\u00fcr Demokratie und Menschlichkeit&#8220;.<\/span><\/p>\n<p lang=\"zxx\"><em><span style=\"font-family: Verdana,sans-serif;\">von Cho Marx, Flensburg<\/span><\/em><\/p>\n<p lang=\"zxx\"><span style=\"font-family: Verdana,sans-serif;\">Ende Dezember gab es ein kurzes Aufflammen eines Pegida-Ablegers in Flensburg im Internet, worauf sich ziemlich schnell ein breites B\u00fcndnis aus Parteien, Gewerkschaften und verschiedenen Communities bildete. Schon nach zwei Wochen kamen auf die offenen Treffen 200 Menschen und bei Facebook sagten vor der Demo 1.200 Leute zu. Auf Inhalte oder sogar Forderungen verzichtete das B\u00fcndnis vor der Demo allerdings, auch weil viele sich dann mit der Politik der eigenen Partei h\u00e4tten kritisch auseinander setzen m\u00fcssen. Der Vorsitzende der CDU Flensburg kommentierte bei Facebook &#8222;Den Rassismus der herrschenden Parteien entlarven&#8220;: Man m\u00fcsse nicht jeden Schwachsinn gut finden, nur weil er gegen Pegida ist. Dass Abschiebe-, Kriegs- und Sozialabbau-Parteien f\u00fcr Demokratie und Menschlichkeit werben, ist letztendlich ein Hohn f\u00fcr die Opfer ihrer Politik.<\/span><\/p>\n<p lang=\"zxx\"><span style=\"font-family: Verdana,sans-serif;\">Weit mehr Menschen als erhofft versammelten sich am Nordertor, wo relativ schnell 250 &#8222;Pegida stoppen&#8220;-Flyer und weitere Flyer von Linksjugend [&#8217;solid] verteilt werden konnten. Neben dem Flyer vom B\u00fcndnis und welche zu den Anschl\u00e4gen von Paris waren unsere auch die einzigen, die verteilt wurden. Einige hielten diese auch als Plakat hoch. Bei Gespr\u00e4chen zeigte sich auch immer wieder, dass viele, die selbst gegen Rassismus sind, Rassismus oftmals ganz anders wahrnehmen und auch selbst teilweise unterschwellig rassistische Stereotypen vertreten. DIE LINKE war ebenfalls mit eigenen Plakaten, Fahnen und einem fahrbaren Infostand vertreten. Allerdings konnte sie das inhaltsleere Vakuum der b\u00fcrgerlichen Parteien nicht gut genug f\u00fcr sich nutzen und sich deutlich genug als antikapitalistische Alternative darstellen. Genauso waren neben VertreterInnen von DKP und VVN auch ca. 50 Autonome da, die mit kritischen Transparenten viel Aufmerksamkeit auf sich zogen. <\/span><\/p>\n<p lang=\"zxx\"><span style=\"font-family: Verdana,sans-serif;\">Das B\u00fcndnis will auch weiterhin aktiv bleiben und die Demo hat gezeigt, dass Flensburg gro\u00dfes Mobilisierungspotenzial hat. Neben der Organisation einer weiteren Demo in den n\u00e4chsten Wochen ist es gerade jetzt wichtig, den Erfolg der Demo auch in die Fl\u00e4che zu tragen. Einwohnerversammlungen sollten einberufen werden (besonders in sozialen Brennpunkten), wo dar\u00fcber diskutiert werden sollte, wie man gegen Sozialabbau, Mietwucher und rechte Umtriebe gemeinsam vorgehen kann. Auch sollten Belegschaften sich vermehrt mit ihren ausl\u00e4ndischen Kollegen austauschen. Gewerkschaften und Linkspartei sollten jetzt bundesweit eine Kampagne zur Aufdeckung der L\u00fcgen von Pegida gegen die Spaltung der Lohnabh\u00e4ngigen fahren. Das gro\u00dfe Mobilisierungspotenzial ist auch ein guter Ansatz f\u00fcr den 1. Mai, mit der Forderung nach einem Mindestlohn ohne Ausnahmen wieder tausende Menschen in Flensburg zu mobilisieren. <\/span><\/p>\n","protected":false},"excerpt":{"rendered":"<p>Gro\u00dfmobilisierung gegen Flegida<\/p>\n","protected":false},"author":2,"featured_media":29814,"comment_status":"closed","ping_status":"closed","sticky":false,"template":"","format":"standard","meta":[],"categories":[5],"tags":[262],"_links":{"self":[{"href":"https:\/\/archiv.sozialismus.info\/maschinenraum\/wp-json\/wp\/v2\/posts\/29813"}],"collection":[{"href":"https:\/\/archiv.sozialismus.info\/maschinenraum\/wp-json\/wp\/v2\/posts"}],"about":[{"href":"https:\/\/archiv.sozialismus.info\/maschinenraum\/wp-json\/wp\/v2\/types\/post"}],"author":[{"embeddable":true,"href":"https:\/\/archiv.sozialismus.info\/maschinenraum\/wp-json\/wp\/v2\/users\/2"}],"replies":[{"embeddable":true,"href":"https:\/\/archiv.sozialismus.info\/maschinenraum\/wp-json\/wp\/v2\/comments?post=29813"}],"version-history":[{"count":0,"href":"https:\/\/archiv.sozialismus.info\/maschinenraum\/wp-json\/wp\/v2\/posts\/29813\/revisions"}],"wp:featuredmedia":[{"embeddable":true,"href":"https:\/\/archiv.sozialismus.info\/maschinenraum\/wp-json\/wp\/v2\/media\/29814"}],"wp:attachment":[{"href":"https:\/\/archiv.sozialismus.info\/maschinenraum\/wp-json\/wp\/v2\/media?parent=29813"}],"wp:term":[{"taxonomy":"category","embeddable":true,"href":"https:\/\/archiv.sozialismus.info\/maschinenraum\/wp-json\/wp\/v2\/categories?post=29813"},{"taxonomy":"post_tag","embeddable":true,"href":"https:\/\/archiv.sozialismus.info\/maschinenraum\/wp-json\/wp\/v2\/tags?post=29813"}],"curies":[{"name":"wp","href":"https:\/\/api.w.org\/{rel}","templated":true}]}}