{"id":29524,"date":"2014-11-28T12:00:50","date_gmt":"2014-11-28T11:00:50","guid":{"rendered":"https:\/\/www.sozialismus.info\/?p=29524"},"modified":"2015-01-09T14:12:39","modified_gmt":"2015-01-09T13:12:39","slug":"rojava-in-gefahr","status":"publish","type":"post","link":"https:\/\/archiv.sozialismus.info\/maschinenraum\/2014\/11\/rojava-in-gefahr\/","title":{"rendered":"Rojava in Gefahr"},"content":{"rendered":"<figure id=\"attachment_28751\" aria-describedby=\"caption-attachment-28751\" style=\"width: 280px\" class=\"wp-caption alignleft\"><a href=\"https:\/\/www.archiv.sozialismus.info\/maschinenraum\/wp-content\/uploads\/2014\/08\/13389723304_bb07dfaa37_k-e1408531232384.jpg\"><img loading=\"lazy\" class=\"size-medium wp-image-28751\" src=\"https:\/\/www.archiv.sozialismus.info\/maschinenraum\/wp-content\/uploads\/2014\/08\/13389723304_bb07dfaa37_k-e1408531232384-280x173.jpg\" alt=\"Foto: https:\/\/www.flickr.com\/photos\/mirallesnora\/ cc by-nc-nd 2.0\" width=\"280\" height=\"173\" srcset=\"https:\/\/archiv.sozialismus.info\/maschinenraum\/wp-content\/uploads\/2014\/08\/13389723304_bb07dfaa37_k-e1408531232384-280x173.jpg 280w, https:\/\/archiv.sozialismus.info\/maschinenraum\/wp-content\/uploads\/2014\/08\/13389723304_bb07dfaa37_k-e1408531232384-162x100.jpg 162w, https:\/\/archiv.sozialismus.info\/maschinenraum\/wp-content\/uploads\/2014\/08\/13389723304_bb07dfaa37_k-e1408531232384-560x347.jpg 560w, https:\/\/archiv.sozialismus.info\/maschinenraum\/wp-content\/uploads\/2014\/08\/13389723304_bb07dfaa37_k-e1408531232384-600x371.jpg 600w, https:\/\/archiv.sozialismus.info\/maschinenraum\/wp-content\/uploads\/2014\/08\/13389723304_bb07dfaa37_k-e1408531232384-534x330.jpg 534w, https:\/\/archiv.sozialismus.info\/maschinenraum\/wp-content\/uploads\/2014\/08\/13389723304_bb07dfaa37_k-e1408531232384.jpg 1571w\" sizes=\"(max-width: 280px) 100vw, 280px\" \/><\/a><figcaption id=\"caption-attachment-28751\" class=\"wp-caption-text\">Foto: https:\/\/www.flickr.com\/photos\/mirallesnora\/ cc by-nc-nd 2.0<\/figcaption><\/figure>\n<p class=\"western\"><strong>Grausame Feinde, falsche Freunde<\/strong><\/p>\n<p class=\"western\"><span style=\"font-family: Times New Roman,serif;\"><span style=\"font-size: small;\">Die\u00a0 Schlacht um die <\/span><\/span><span style=\"font-family: Times New Roman,serif;\"><span style=\"font-size: small;\">kurdische<\/span><\/span><span style=\"font-family: Times New Roman,serif;\"><span style=\"font-size: small;\"> Stadt Koban\u00ea <\/span><\/span><span style=\"font-family: Times New Roman,serif;\"><span style=\"font-size: small;\">an der syrisch-t\u00fcrkischen Grenze <\/span><\/span><span style=\"font-family: Times New Roman,serif;\"><span style=\"font-size: small;\">wird weiterhin mit H\u00e4rte gef\u00fchrt, auch wenn die Tagesschau ihre t\u00e4glich<\/span><\/span><span style=\"font-family: Times New Roman,serif;\"><span style=\"font-size: small;\">e<\/span><\/span><span style=\"font-family: Times New Roman,serif;\"><span style=\"font-size: small;\"> Frontberichterstattung eingestellt hat. Die YPG\/YPJ-Einheiten konnten die Truppen des \u201eI<\/span><\/span><span style=\"font-family: Times New Roman,serif;\"><span style=\"font-size: small;\">slamischen Staates\u201c (IS)<\/span><\/span><span style=\"font-family: Times New Roman,serif;\"><span style=\"font-size: small;\"> teilweise zur\u00fcckdr\u00e4ngen und Stadtviertel b<\/span><\/span><span style=\"font-family: Times New Roman,serif;\"><span style=\"font-size: small;\">eziehungsweise<\/span><\/span><span style=\"font-family: Times New Roman,serif;\"><span style=\"font-size: small;\"> Positionen im Umland der Stadt zur\u00fcckerobern. Doch der Region Rojava drohen weitere Gefahren durch das Agieren der westlichen Imperialisten und der Regierung <\/span><\/span><span style=\"font-family: Times New Roman,serif;\"><span style=\"font-size: small;\">von Masud Barzani<\/span><\/span><span style=\"font-family: Times New Roman,serif;\"><span style=\"font-size: small;\"> im Nordirak. Im erbitterten Abwehrkampf um Koban\u00ea k\u00f6nnten zentrale politische Botschaften der linken kurdischen Bewegung in den Hintergrund geraten.<\/span><\/span><\/p>\n<p class=\"western\"><span style=\"font-family: Times New Roman,serif;\"><span style=\"font-size: small;\"><i>von Claus Ludwig, K\u00f6ln<\/i><\/span><\/span><\/p>\n<p class=\"western\"><span style=\"font-size: small;\">Die symboltr\u00e4chtige Eroberung Koban\u00eas durch die IS-Milizen h\u00e4tte das Prestige des US-Imperialismus in der Region besch\u00e4digt. <\/span><span style=\"font-size: small;\">Das <\/span><span style=\"font-size: small;\">US-Milit\u00e4r und <\/span><span style=\"font-size: small;\">die <\/span><span style=\"font-size: small;\">Regierung <\/span><span style=\"font-size: small;\">von Barack Obama<\/span><span style=\"font-size: small;\"> haben sich daher entschieden, die schnelle Eroberung der Stadt nicht zuzulassen.<\/span><\/p>\n<p class=\"western\"><span style=\"font-size: small;\">Gleichzeitig hat die T\u00fcrkei unter Pr\u00e4sident <\/span>Recep Tayyip<span style=\"font-size: small;\"> Erdo\u011fan alles getan, um die Verteidigung zu behindern. Ein Korridor wurde nicht ge\u00f6ffnet, weder kurdische K\u00e4mpferInnen noch Waffen, nicht einmal Medikamente und Lebensmittel k\u00f6nnen \u00fcber die offizielle Grenze nach Koban\u00ea gelangen \u2013 im Unterschied zu <\/span><span style=\"font-size: small;\">den<\/span><span style=\"font-size: small;\"> IS-K\u00e4mpfern.<\/span><\/p>\n<p class=\"western\"><span style=\"font-size: small;\">Die von Erdo\u011fan als Hilfe f\u00fcr die \u201eAnti-IS-Koalition\u201c dargestellte \u00d6ffnung der t\u00fcrkischen Grenze f\u00fcr kleinere Einheiten nordirakischer Peschmerga und syrischer K\u00e4mpfer der FSA (Freie Syrische Armee) ist in Wirklichkeit ein vergiftetes Geschenk. Diese Truppen teilen nicht die politischen Ziele <\/span><span style=\"font-size: small;\">der <\/span>Partei der Demokratischen Union (<span style=\"font-size: small;\">PYD<\/span><span style=\"font-size: small;\">)<\/span><span style=\"font-size: small;\"> und YPG\/YJP, stehen weder f\u00fcr mehr demokratische Rechte noch f\u00fcr d<\/span><span style=\"font-size: small;\">as<\/span><span style=\"font-size: small;\"> friedliche Zusammenleben verschiedener V\u00f6lker und Religionen. Offensichtlich hofft Erdo\u011fan darauf, dass die Peschmerga und FSA-Einheiten die kurdische Autonomie als trojanische Pferde von innen schw\u00e4chen.<\/span><\/p>\n<p class=\"western\"><span style=\"font-size: small;\">Die VerteidigerInnen von Koban\u00ea brauchen jede einzelne schwere Waffe, <\/span><span style=\"font-size: small;\">sie nehmen<\/span><span style=\"font-size: small;\"> die Anwesenheit politisch zweifelhafter Truppen in Kauf und hoffen m\u00f6glicherweise darauf, die entsandten K\u00e4mpfer politisch beeinflussen zu k\u00f6nnen.<\/span><\/p>\n<p class=\"western\"><span style=\"font-size: small;\">Anfang Oktober hatten wir darauf hingewiesen, dass es sowohl den USA als auch Erdo\u011fan nutzen k\u00f6nnte, wenn die Belagerung bestehen bleibt und sich IS-Milizen und die YPG\/YPJ gegenseitig aufreiben. Aktuell entwickelt es sich in diese Richtung. Der IS kann die Stadt <\/span><span style=\"font-size: small;\">momentan<\/span><span style=\"font-size: small;\"> nicht erobern. Allerdings verteidigen die YPG\/YPG-Einheiten eine teilweise zerst\u00f6rte Stadt, von de<\/span><span style=\"font-size: small;\">n Ans\u00e4tzen zur<\/span><span style=\"font-size: small;\"> Selbstbestimmung der Bev\u00f6lkerung ist nicht mehr viel \u00fcbrig geblieben. Bombardierung und Waffenlieferungen der US-gef\u00fchrten Allianz finden wohldosiert statt, sie helfen den Kurd<\/span><span style=\"font-size: small;\">Inn<\/span><span style=\"font-size: small;\">en zu \u00fcberleben, aber reichen nicht aus, um eine Offensive zur S\u00e4uberung des Umlands von den IS-Einheiten starten zu k\u00f6nnen.<\/span><\/p>\n<h4 class=\"western\"><span style=\"font-size: small;\">Politik der YPG<\/span><\/h4>\n<p class=\"western\"><span style=\"font-size: small;\">Im direkten milit\u00e4rischen Kampf um die Stadt Koban\u00ea hat die linke kurdische Bewegung nur wenig Spielraum. Die K\u00e4mpferInnen der YPG\/YPJ haben beeindruckenden Mut und Kampfkraft bewiesen. Auf der Grundlage ihrer hohen Moral und politischen \u00dcberzeugung, die eigene Bev\u00f6lkerung zu sch\u00fctzen, haben sie einer extrem brutal agierenden \u00dcbermacht stand gehalten. Bis dato kannten die IS-Milizen nur schnelle Siege, YPG\/YPJ haben ihnen die Grenzen aufgezeigt.<\/span><\/p>\n<p class=\"western\"><span style=\"font-size: small;\">Allerdings <\/span><span style=\"font-size: small;\">kann der IS nicht rein milit\u00e4risch geschlagen werden. Deshalb <\/span><span style=\"font-size: small;\">stellt sich die Frage nach der politischen Strategie. Die Rettung der yezidischen Bev\u00f6lkerung, <\/span><span style=\"font-size: small;\">einer religi\u00f6sen Minderheit unter den KurdInnen,<\/span><span style=\"font-size: small;\"> aus dem Sindschar-Gebirge im August durch YPG\/YPJ und HPG, die bewaffneten Einheiten der <\/span><span style=\"font-size: small;\">Arbeiterpartei Kurdistans<\/span> <span style=\"font-size: small;\">(<\/span><span style=\"font-size: small;\">PKK<\/span><span style=\"font-size: small;\">)<\/span><span style=\"font-size: small;\"> in der T\u00fcrkei, beinhaltete eine starke politische Botschaft: <\/span><span style=\"font-size: small;\">Ein<\/span><span style=\"font-size: small;\">e linke kurdische Bewegung, <\/span><span style=\"font-size: small;\">die von vielen als Kraft gesehen wird, <\/span><span style=\"font-size: small;\">f\u00fcr Solidarit\u00e4t zwischen den V\u00f6lkern, f\u00fcr demokratische Rechte f\u00fcr alle <\/span><span style=\"font-size: small;\">zu<\/span> <span style=\"font-size: small;\">steh<\/span><span style=\"font-size: small;\">en<\/span><span style=\"font-size: small;\">.<\/span><span style=\"font-size: small;\"> In einer Region, die in einem brutalen religi\u00f6s<\/span><span style=\"font-size: small;\">en<\/span><span style=\"font-size: small;\"> und ethnischen B\u00fcrgerkrieg versinkt, in der nicht nur der IS, sondern auch irakisch-schiitische Milizen und die Truppen des Regimes <\/span><span style=\"font-size: small;\">von Baschar al-Assad<\/span><span style=\"font-size: small;\"> Massaker an ganzen D\u00f6rfern organisieren, hebt sich diese Haltung der kurdischen Bewegung deutlich ab.<\/span><\/p>\n<p class=\"western\"><span style=\"font-size: small;\">Sowohl die westlichen Imperialisten als auch die regionalen Despoten haben kein Interesse daran, dass sich diese Ideen verbreiten. Eine direkte Unterdr\u00fcckung der kurdischen Bewegung ist f\u00fcr die USA und die Barzani-Clique aktuell nicht m\u00f6glich, daher versuchen sie, diese zu vereinnahmen und als Teil ihrer Koalition darzustellen.<\/span><\/p>\n<h4 class=\"western\"><span style=\"font-size: small;\">Kurdische Einheit?<\/span><\/h4>\n<p class=\"western\"><span style=\"font-size: small;\">Mitte Oktober fand im nordirakischen Dohuk eine Konferenz zur \u201ekurdischen Einheit\u201c statt. PYD und die im Nordirak regierende <\/span><span style=\"font-size: small;\">Demokratische Partei Kurdistans<\/span> <span style=\"font-size: small;\">(<\/span><span style=\"font-size: small;\">KDP<\/span><span style=\"font-size: small;\">)<\/span><span style=\"font-size: small;\"> von Barzani haben \u00fcber eine m\u00f6gliche Zusammenarbeit gesprochen. Der genaue Inhalt der Verhandlungen ist unklar, aber Stellungnahmen der Beteiligten zeigen, dass es darum ging, den KDP-nahen Kr\u00e4ften Einflussm\u00f6glichkeiten in Rojava zu sichern. PYD-SprecherInnen auch in Deutschland betonen seit der Konferenz von Dohuk die \u201ekurdische Einheit\u201c. Bisher benutzte die PYD diese Formulierung nicht, sondern sprach von \u201edemokratischer Autonomie\u201c.<\/span><\/p>\n<p class=\"western\"><span style=\"font-size: small;\">Aber wie kann es eine \u201ekurdische Einheit\u201c geben, wenn die beteiligten Kr\u00e4fte in ganz unterschiedliche Richtungen streben? Die Strategie der eng mit dem deutschen und dem US-Imperialismus verb\u00fcndeten pro-kapitalistischen Barzani-Regierung ist klar. Sie will den demokratischen Prozess in Rojava unterh\u00f6hlen und die YPG zu Bodentruppen im syrischen B\u00fcrgerkrieg auf Seiten einer US-gef\u00fchrten Koalition machen. Deren Kampf richtet sich zun\u00e4chst gegen den IS, aber zielt perspektivisch auch gegen das Assad-Regime.<\/span><\/p>\n<p class=\"western\"><span style=\"font-size: small;\">Wenn PYD und YPG nur als eine weitere Kraft im ethnisch-religi\u00f6sen mittel\u00f6stlichen B\u00fcrgerkrieg gesehen werden, werden sie ihr wichtigstes politisches Kapital, die Botschaft von der multiethnischen Solidarit\u00e4t und der Befreiung der Frau, aufs Spiel setzen. Wenn nicht zu einer vereinten, demokratischen Bewegung f\u00fcr Selbstverteidigung aufgerufen wird und dahingehend konkrete Schritte unternommen werden, wird es nicht m\u00f6glich sein, politisch in Richtung der arabisch-sunnitischen oder alawitischen Bev\u00f6lkerungsgruppen zu wirken.<\/span><\/p>\n<p class=\"western\"><span style=\"font-size: small;\">Der IS ist nicht aus dem Nichts entstanden. Seine Barbarei erwuchs aus der Barbarei der \u201edemokratischen\u201c imperialistischen L\u00e4nder, welche in der Region Grenzen gezogen, Regierungen gest\u00fcrzt, Regime eingesetzt, die ethnische und religi\u00f6se Spaltung gef\u00f6rdert und brutale Kriege gef\u00fchrt haben. F\u00fcr Europ\u00e4erInnen an den TV-Ger\u00e4ten mag es schockierend grausam sein, wenn Menschen durch den IS gek\u00f6pft werden. Viele SunnitInnen im irakischen Falludscha haben seitens der US-Truppen weitaus Schlimmeres gesehen.<\/span><\/p>\n<p class=\"western\"><span style=\"font-size: small;\">Das soziale Programm der PYD war bisher nicht stark ausgepr\u00e4gt. Es gab keine klare Botschaft an die V\u00f6lker der Region, sich gemeinsam gegen die korrupten kapitalistischen Regime zu erheben, Bodensch\u00e4tze und Produktionsmittel in die eigenen H\u00e4nde zu nehmen und demokratisch zu verwalten. Aber die Verteidigung demokratischer Rechte war ein Ansatzpunkt, um die sektiererische Frontstellung zu durchbrechen. In der Umarmung durch die \u201ekurdische Einheit\u201c \u00e0 la KDP und mittelbar durch die USA und die Europ\u00e4ische Union (EU) w\u00e4re auch dieses Alleinstellungsmerkmal von Rojava und der linken kurdischen Bewegung gef\u00e4hrdet.<\/span><\/p>\n<p class=\"western\"><span style=\"font-size: small;\">Um den Teufelskreis der sektiererischen Vergeltung zu durchbrechen, brauchen Syrien und der Irak eine revolution\u00e4re Bewegung, welche die Einheit der Armen und der Arbeiterklasse \u00fcber nationale und religi\u00f6se Grenzen hinweg glaubhaft vertritt und sich mit keinem der regionalen Despoten und imperialistischen M\u00e4chte verb\u00fcndet, sondern unabh\u00e4ngig agiert. Ziel muss der Bruch mit Kapitalismus und feudalen Strukturen und der Aufbau einer sozialistischen Demokratie, einer freiwilligen F\u00f6deration sozialistischer L\u00e4nder in der Region sein.<\/span><\/p>\n","protected":false},"excerpt":{"rendered":"<p>Grausame Feinde, falsche Freunde<\/p>\n","protected":false},"author":2,"featured_media":28751,"comment_status":"closed","ping_status":"closed","sticky":false,"template":"","format":"standard","meta":[],"categories":[45],"tags":[644],"_links":{"self":[{"href":"https:\/\/archiv.sozialismus.info\/maschinenraum\/wp-json\/wp\/v2\/posts\/29524"}],"collection":[{"href":"https:\/\/archiv.sozialismus.info\/maschinenraum\/wp-json\/wp\/v2\/posts"}],"about":[{"href":"https:\/\/archiv.sozialismus.info\/maschinenraum\/wp-json\/wp\/v2\/types\/post"}],"author":[{"embeddable":true,"href":"https:\/\/archiv.sozialismus.info\/maschinenraum\/wp-json\/wp\/v2\/users\/2"}],"replies":[{"embeddable":true,"href":"https:\/\/archiv.sozialismus.info\/maschinenraum\/wp-json\/wp\/v2\/comments?post=29524"}],"version-history":[{"count":0,"href":"https:\/\/archiv.sozialismus.info\/maschinenraum\/wp-json\/wp\/v2\/posts\/29524\/revisions"}],"wp:featuredmedia":[{"embeddable":true,"href":"https:\/\/archiv.sozialismus.info\/maschinenraum\/wp-json\/wp\/v2\/media\/28751"}],"wp:attachment":[{"href":"https:\/\/archiv.sozialismus.info\/maschinenraum\/wp-json\/wp\/v2\/media?parent=29524"}],"wp:term":[{"taxonomy":"category","embeddable":true,"href":"https:\/\/archiv.sozialismus.info\/maschinenraum\/wp-json\/wp\/v2\/categories?post=29524"},{"taxonomy":"post_tag","embeddable":true,"href":"https:\/\/archiv.sozialismus.info\/maschinenraum\/wp-json\/wp\/v2\/tags?post=29524"}],"curies":[{"name":"wp","href":"https:\/\/api.w.org\/{rel}","templated":true}]}}