{"id":29167,"date":"2014-10-27T14:18:04","date_gmt":"2014-10-27T13:18:04","guid":{"rendered":"https:\/\/www.sozialismus.info\/?p=29167"},"modified":"2014-10-26T14:42:02","modified_gmt":"2014-10-26T13:42:02","slug":"die-linke-in-koeln-kalk-solidarisch-mit-kobane","status":"publish","type":"post","link":"https:\/\/archiv.sozialismus.info\/maschinenraum\/2014\/10\/die-linke-in-koeln-kalk-solidarisch-mit-kobane\/","title":{"rendered":"DIE LINKE in K\u00f6ln-Kalk solidarisch mit Kobane"},"content":{"rendered":"<p class=\"western\"><span style=\"font-family: Times New Roman,serif;\"><span style=\"font-size: small;\"><b><a href=\"https:\/\/www.archiv.sozialismus.info\/maschinenraum\/wp-content\/uploads\/2013\/08\/linke1.png\"><img loading=\"lazy\" class=\"alignleft size-medium wp-image-25501\" src=\"https:\/\/www.archiv.sozialismus.info\/maschinenraum\/wp-content\/uploads\/2013\/08\/linke1-280x98.png\" alt=\"linke1\" width=\"280\" height=\"98\" srcset=\"https:\/\/archiv.sozialismus.info\/maschinenraum\/wp-content\/uploads\/2013\/08\/linke1-280x98.png 280w, https:\/\/archiv.sozialismus.info\/maschinenraum\/wp-content\/uploads\/2013\/08\/linke1-560x196.png 560w, https:\/\/archiv.sozialismus.info\/maschinenraum\/wp-content\/uploads\/2013\/08\/linke1.png 570w\" sizes=\"(max-width: 280px) 100vw, 280px\" \/><\/a>Aktivit\u00e4ten der <\/b><\/span><\/span><span style=\"font-family: Times New Roman,serif;\"><span style=\"font-size: small;\"><b>LINKEN in K<\/b><\/span><\/span><span style=\"font-family: Times New Roman,serif;\"><span style=\"font-size: small;\"><b>\u00f6ln-K<\/b><\/span><\/span><span style=\"font-family: Times New Roman,serif;\"><span style=\"font-size: small;\"><b>alk<\/b><\/span><\/span><b><\/b><\/p>\n<p class=\"western\"><span style=\"font-family: Times New Roman,serif;\"><span style=\"font-size: small;\">D<\/span><\/span><span style=\"font-family: Times New Roman,serif;\"><span style=\"font-size: small;\">IE<\/span><\/span><span style=\"font-family: Times New Roman,serif;\"><span style=\"font-size: small;\"> LINKE in K\u00f6ln-Kalk hat den Kampf um Koban<\/span><\/span><span style=\"font-family: Times New Roman,serif;\"><span style=\"font-size: small;\">e<\/span><\/span><span style=\"font-family: Times New Roman,serif;\"><span style=\"font-size: small;\"> aufgegriffen und diesem ein Treffen des Ortsverbandes gewidmet. Statt der \u00fcblichen zehn TeilnehmerInnen <\/span><\/span><span style=\"font-family: Times New Roman,serif;\"><span style=\"font-size: small;\">ka<\/span><\/span><span style=\"font-family: Times New Roman,serif;\"><span style=\"font-size: small;\">men \u00fcber drei\u00dfig Leute <\/span><\/span><span style=\"font-family: Times New Roman,serif;\"><span style=\"font-size: small;\">zu<\/span><\/span><span style=\"font-family: Times New Roman,serif;\"><span style=\"font-size: small;\"> dem Treffen, darunter viele KurdInnen. Die kurdische Aktivistin G\u00fclistan <\/span><\/span><span style=\"font-family: Times New Roman,serif;\"><span style=\"font-size: small;\">Hasan<\/span><\/span><span style=\"font-family: Times New Roman,serif;\"><span style=\"font-size: small;\"> berichtete \u00fcber die Lage in der Region und die Solidarit\u00e4ts-Aktionen in Deutschland. In der lebhaften Diskussion forderten mehrere kurdische GenossInnen die L<\/span><\/span><span style=\"font-family: Times New Roman,serif;\"><span style=\"font-size: small;\">inkspartei<\/span><\/span> <span style=\"font-family: Times New Roman,serif;\"><span style=\"font-size: small;\">a<\/span><\/span><span style=\"font-family: Times New Roman,serif;\"><span style=\"font-size: small;\">uf, mehr zu machen, sich auf den Demonstrationen zu zeigen und eigene Aktivit\u00e4ten zu organisieren.<\/span><\/span><\/p>\n<p class=\"western\"><span style=\"font-family: Times New Roman,serif;\"><span style=\"font-size: small;\">Die Mitglieder der LINKEN Kalk waren \u2013 zusammen mit VertreterInnen von SDS, Linksjugend [&#8217;solid], DIDF und SAV \u2013 immer bei den kurdischen Protesten in K\u00f6ln dabei, \u00fcber diese Gruppen vom linken Fl\u00fcgel hinaus war die Pr\u00e4senz der Partei tats\u00e4chlich bescheiden.<\/span><\/span><\/p>\n<p class=\"western\"><span style=\"font-family: Times New Roman,serif;\"><span style=\"font-size: small;\">Spontan wurde vereinbart, zwei Tage sp\u00e4ter einen Infostand vor dem Kalker Einkaufszentrum \u201eArcaden\u201c zu machen. Daran nahmen zehn Leute teil, es wurden mehrere hundert Flugbl\u00e4tter an PasssantInnen verteilt, das Interesse war gr\u00f6\u00dfer als bei anderen Themen. Wie wir erwartet hatten, gab es jedoch nicht nur Zustimmung, sondern auch angespannte Reaktionen. Im Stadtteil gibt es sowohl eine ganze Reihe von t\u00fcrkischen Nationalisten, die Vorurteile gegen KurdInnen haben als auch MuslimInnen, die sich dem Salafismus zugeh\u00f6rig f\u00fchlen. Es gab viele kritische Blicke, auch zum Teil offen ge\u00e4u\u00dferte Ablehnung.<\/span><\/span><\/p>\n<p class=\"western\"><span style=\"font-family: Times New Roman,serif;\"><span style=\"font-size: small;\">Wir haben daraus den Schluss gezogen, dass wir neben der offenen Solidarit\u00e4t mit Rojava auch deutlicher machen m\u00fcssen, dass wir weder den Islam noch gl\u00e4ubige MuslimInnen kritisieren wollen, sondern die M\u00f6rderbanden des \u201eIslamischen Staates\u201c ablehnen &#8211; als Gefahr f\u00fcr das multiethnische Zusammenleben im Mittleren Osten, aber auch hier.<\/span><\/span><\/p>\n","protected":false},"excerpt":{"rendered":"<p>Aktivit\u00e4ten der LINKEN in K\u00f6ln-Kalk<\/p>\n","protected":false},"author":2,"featured_media":25501,"comment_status":"closed","ping_status":"closed","sticky":false,"template":"","format":"standard","meta":[],"categories":[25],"tags":[262,644],"_links":{"self":[{"href":"https:\/\/archiv.sozialismus.info\/maschinenraum\/wp-json\/wp\/v2\/posts\/29167"}],"collection":[{"href":"https:\/\/archiv.sozialismus.info\/maschinenraum\/wp-json\/wp\/v2\/posts"}],"about":[{"href":"https:\/\/archiv.sozialismus.info\/maschinenraum\/wp-json\/wp\/v2\/types\/post"}],"author":[{"embeddable":true,"href":"https:\/\/archiv.sozialismus.info\/maschinenraum\/wp-json\/wp\/v2\/users\/2"}],"replies":[{"embeddable":true,"href":"https:\/\/archiv.sozialismus.info\/maschinenraum\/wp-json\/wp\/v2\/comments?post=29167"}],"version-history":[{"count":0,"href":"https:\/\/archiv.sozialismus.info\/maschinenraum\/wp-json\/wp\/v2\/posts\/29167\/revisions"}],"wp:featuredmedia":[{"embeddable":true,"href":"https:\/\/archiv.sozialismus.info\/maschinenraum\/wp-json\/wp\/v2\/media\/25501"}],"wp:attachment":[{"href":"https:\/\/archiv.sozialismus.info\/maschinenraum\/wp-json\/wp\/v2\/media?parent=29167"}],"wp:term":[{"taxonomy":"category","embeddable":true,"href":"https:\/\/archiv.sozialismus.info\/maschinenraum\/wp-json\/wp\/v2\/categories?post=29167"},{"taxonomy":"post_tag","embeddable":true,"href":"https:\/\/archiv.sozialismus.info\/maschinenraum\/wp-json\/wp\/v2\/tags?post=29167"}],"curies":[{"name":"wp","href":"https:\/\/api.w.org\/{rel}","templated":true}]}}