{"id":29098,"date":"2014-10-14T12:31:24","date_gmt":"2014-10-14T10:31:24","guid":{"rendered":"https:\/\/www.sozialismus.info\/?p=29098"},"modified":"2014-10-13T11:56:46","modified_gmt":"2014-10-13T09:56:46","slug":"blick-in-die-kristallkugel","status":"publish","type":"post","link":"https:\/\/archiv.sozialismus.info\/maschinenraum\/2014\/10\/blick-in-die-kristallkugel\/","title":{"rendered":"Blick in die Kristallkugel"},"content":{"rendered":"<figure id=\"attachment_24057\" aria-describedby=\"caption-attachment-24057\" style=\"width: 280px\" class=\"wp-caption alignleft\"><a href=\"https:\/\/www.archiv.sozialismus.info\/maschinenraum\/wp-content\/uploads\/2013\/03\/5726356168_4130623871_b-e1362071251360.jpg\"><img loading=\"lazy\" class=\"size-medium wp-image-24057\" src=\"https:\/\/www.archiv.sozialismus.info\/maschinenraum\/wp-content\/uploads\/2013\/03\/5726356168_4130623871_b-e1362071251360-280x173.jpg\" alt=\"Foto: http:\/\/www.flickr.com\/photos\/pressreleasefinder\/ CC BY-NC-ND 2.0\" width=\"280\" height=\"173\" srcset=\"https:\/\/archiv.sozialismus.info\/maschinenraum\/wp-content\/uploads\/2013\/03\/5726356168_4130623871_b-e1362071251360-280x173.jpg 280w, https:\/\/archiv.sozialismus.info\/maschinenraum\/wp-content\/uploads\/2013\/03\/5726356168_4130623871_b-e1362071251360-162x100.jpg 162w, https:\/\/archiv.sozialismus.info\/maschinenraum\/wp-content\/uploads\/2013\/03\/5726356168_4130623871_b-e1362071251360-560x345.jpg 560w, https:\/\/archiv.sozialismus.info\/maschinenraum\/wp-content\/uploads\/2013\/03\/5726356168_4130623871_b-e1362071251360.jpg 1024w\" sizes=\"(max-width: 280px) 100vw, 280px\" \/><\/a><figcaption id=\"caption-attachment-24057\" class=\"wp-caption-text\">Foto: http:\/\/www.flickr.com\/photos\/pressreleasefinder\/ CC BY-NC-ND 2.0<\/figcaption><\/figure>\n<p style=\"text-align: left;\" align=\"center\"><strong><span style=\"font-family: Arial,sans-serif;\"><span style=\"font-size: small;\">DIW ver\u00f6ffentlicht \u201eHerbstgrundlinien 2014\u201c<\/span><\/span><\/strong><\/p>\n<p><span style=\"font-family: Arial,sans-serif;\"><span style=\"font-size: small;\">Der Wochenbericht 38\/2014 des Deutschen Instituts f\u00fcr Wirtschaftsforschung (DIW) vom 17. September enth\u00e4lt eine ausf\u00fchrliche Wirtschaftsprognose bis Ende 2015. Die \u00dcberschrift verk\u00fcndet: <i>\u201eDeutsche Wirtschaft schwenkt wieder auf Aufw\u00e4rtskurs ein\u201c<\/i>. Ist das realistisch?<\/span><\/span><\/p>\n<p style=\"text-align: left;\" align=\"right\"><em><span style=\"font-family: Arial,sans-serif;\"><span style=\"font-size: small;\">von Wolfram Klein, Plochingen bei Stuttgart<\/span><\/span><\/em><\/p>\n<p align=\"justify\"><span style=\"font-family: Arial,sans-serif;\"><span style=\"font-size: small;\">Zun\u00e4chst einmal f\u00e4llt auf, wie gering die Erwartungen der b\u00fcrgerlichen \u00d6konomen inzwischen geworden sind, \u00fcber wie wenig sie sich schon begeistern.<\/span><\/span><\/p>\n<h4 style=\"text-align: left;\" align=\"center\"><span style=\"font-family: Arial,sans-serif;\"><span style=\"font-size: small;\"><b>Prinzip gro\u00dfe Worte<\/b><\/span><\/span><\/h4>\n<p align=\"justify\"><span style=\"font-family: Arial,sans-serif;\"><span style=\"font-size: small;\">Zum Beispiel hei\u00dft es auf Seite 883: <i>\u201eDie L\u00f6hne steigen im Prognosezeitraum kr\u00e4ftig.\u201c<\/i> Gemeint ist damit, dass die Tarifl\u00f6hne 2014 um 1,4 Prozent schneller steigen als die Preise, 2015 um ein Prozent. Die effektiven Stundenl\u00f6hne sollen 2014 um ein Prozent und 2015 (dank der Einf\u00fchrung des Mindestlohns) um 1,5 Prozent schneller steigen als die Preise. Wenn das ein kr\u00e4ftiger Anstieg der L\u00f6hne ist, was ist dann ein schwacher?<\/span><\/span><\/p>\n<p align=\"justify\"><span style=\"font-family: Arial,sans-serif;\"><span style=\"font-size: small;\">Und auch der <i>\u201eAufw\u00e4rtskurs\u201c<\/i> der Wirtschaft ist bei n\u00e4herem Hinsehen nicht so berauschend. F\u00fcr dieses Jahr erwarten sie ein Wachstum von 1,5 Prozent, f\u00fcr 2015 von 1,8 Prozent (<i>\u201eDies liegt jedoch daran, dass im Jahr 2015 mehr Arbeitstage anfallen\u201c<\/i> &#8211; Seite 885). Das w\u00e4re sicher mehr als die Beinahe-Stagnation von 2012 und 2013 (0,4 beziehungsweise 0,1 Prozent Wachstum), aber nur halb so viel wie 2011 (3,6 Prozent). 2010 waren es sogar 4,1 Prozent. Tats\u00e4chlich gehen sie in ihrer mittelfristigen Prognose von einem j\u00e4hrlichen preisbereinigten Wachstum von 1,5 Prozent bis 2019 aus.<\/span><\/span><\/p>\n<h4 style=\"text-align: left;\" align=\"center\"><span style=\"font-family: Arial,sans-serif;\"><span style=\"font-size: small;\"><b>Einmal muss es ja klappen?<\/b><\/span><\/span><\/h4>\n<p align=\"justify\"><span style=\"font-family: Arial,sans-serif;\"><span style=\"font-size: small;\">Zu den Gr\u00fcnden f\u00fcr den prognostizierten Aufw\u00e4rtskurs geh\u00f6ren die niedrigen Zinsen, die expansive Geldpolitik der Zentralbanken. Aber die Zinsen sind schon seit Jahren extrem niedrig, die Geldpolitik ist expansiv \u2013 und das hat bisher erstaunlich wenig Auswirkung auf die \u201eRealwirtschaft\u201c gehabt. Warum soll es jetzt grundlegend anders sein.<\/span><\/span><\/p>\n<p align=\"justify\"><span style=\"font-family: Arial,sans-serif;\"><span style=\"font-size: small;\">Ebenso ungewiss ist, ob steigende Reall\u00f6hne (abgesehen von ihrem begrenzten Umfang) ausgegeben oder nicht vielleicht zum Schuldenabbau oder Sparen f\u00fcr schlechte Zeiten verwendet werden. Aber das DIW baut auf diese Konsumsteigerung, die dann schlie\u00dflich zu wachsenden Investitionen f\u00fchren soll &#8230;<\/span><\/span><\/p>\n<p align=\"justify\"><span style=\"font-family: Arial,sans-serif;\"><span style=\"font-size: small;\">Aber auch ihre Sympathie f\u00fcr privaten Konsum ist nicht ungeteilt. Sie leiden unter der Schizophrenie der b\u00fcrgerlichen \u00d6konomen, die das gleiche Ph\u00e4nomen unter dem einen Blickwinkel loben und unter dem anderen verurteilen. Entsprechend preist das DIW neben dem Konsum die \u201eWirtschaftsreformen\u201c in S\u00fcdeuropa mit ihrem Kahlschlag bei L\u00f6hnen und Sozialleistungen.<\/span><\/span><\/p>\n<h4 style=\"text-align: left;\" align=\"center\"><span style=\"font-family: Arial,sans-serif;\"><span style=\"font-size: small;\"><b>Zu rosig<\/b><\/span><\/span><\/h4>\n<p align=\"justify\"><span style=\"font-family: Arial,sans-serif;\"><span style=\"font-size: small;\">Es ist sicherlich nicht alles Unsinn, was das DIW schreibt. Viele der von ihm beschriebenen Faktoren werden sicher in den kommenden Monaten eine wichtige Rolle spielen.<\/span><\/span><\/p>\n<p align=\"justify\"><span style=\"font-family: Arial,sans-serif;\"><span style=\"font-size: small;\">Aber es ist lachhaft, so zu tun, als k\u00f6nne man auf eine Stelle hinter dem Komma genau angeben, wie sich die verschiedenen wirtschaftlichen Kennziffern unter dem Einfluss dieser einander oft entgegenwirkenden Faktoren \u00fcber sechs Quartale hinweg entwickeln werden.<\/span><\/span><\/p>\n<p align=\"justify\"><span style=\"font-family: Arial,sans-serif;\"><span style=\"font-size: small;\">Und au\u00dferdem neigen die \u201eHerbstgrundlinien\u201c dazu, eine m\u00f6glichst rosige Entwicklung zu prognostizieren. Vor allem nehmen sie an, dass die Ukraine-Krise bis Jahresende abflaut und im n\u00e4chsten Jahr wegen der Krise unterbliebene Investitionen nachgeholt werden. Der Leiter der DIW-Abteilung Konjunkturpolitik, Ferdinand Fichtner, sagt im Interview: <i>\u201eWenn dem nicht so sein sollte, besteht tats\u00e4chlich die Gefahr, dass die Investitionszur\u00fcckhaltung, die wir auch in Deutschland als Folge dieser politischen Spannungen beobachten, l\u00e4nger Bestand hat. Die folgende Konjunkturschw\u00e4che schl\u00e4gt dann m\u00f6glicherweise auch auf den Arbeitsmarkt durch. So k\u00f6nnten wir in eine Spirale geraten, in der der immer schlechter werdende Arbeitsmarkt zu einer schw\u00e4cheren Konsumdynamik und damit wiederum zu einer schwachen Konjunktur und noch schw\u00e4cherer Besch\u00e4ftigung f\u00fchrt. Je l\u00e4nger uns die Krise begleitet, umso gr\u00f6\u00dfer wird die Gefahr, dass die deutsche Wirtschaft in einen solchen Teufelskreis ger\u00e4t\u201c <\/i>(Seite 900). Aber warum sie in ihrer Prognose stattdessen ein Nachlassen der Spannungen unterstellen, begr\u00fcnden sie nicht.<\/span><\/span><\/p>\n<p align=\"justify\"><span style=\"font-family: Arial,sans-serif;\"><span style=\"font-size: small;\">Tats\u00e4chlich ist die politische und wirtschaftliche Lage so instabil, dass die optimistische Prognose des DIW ebenso wie eine wesentlich pessimistischere Prognose eintreten kann \u2013 bis hin zu einer neuen schweren Finanzkrise.<\/span><\/span><\/p>\n","protected":false},"excerpt":{"rendered":"<p>DIW ver\u00f6ffentlicht \u201eHerbstgrundlinien 2014\u201c<\/p>\n","protected":false},"author":2,"featured_media":24057,"comment_status":"closed","ping_status":"closed","sticky":false,"template":"","format":"standard","meta":[],"categories":[127],"tags":[],"_links":{"self":[{"href":"https:\/\/archiv.sozialismus.info\/maschinenraum\/wp-json\/wp\/v2\/posts\/29098"}],"collection":[{"href":"https:\/\/archiv.sozialismus.info\/maschinenraum\/wp-json\/wp\/v2\/posts"}],"about":[{"href":"https:\/\/archiv.sozialismus.info\/maschinenraum\/wp-json\/wp\/v2\/types\/post"}],"author":[{"embeddable":true,"href":"https:\/\/archiv.sozialismus.info\/maschinenraum\/wp-json\/wp\/v2\/users\/2"}],"replies":[{"embeddable":true,"href":"https:\/\/archiv.sozialismus.info\/maschinenraum\/wp-json\/wp\/v2\/comments?post=29098"}],"version-history":[{"count":0,"href":"https:\/\/archiv.sozialismus.info\/maschinenraum\/wp-json\/wp\/v2\/posts\/29098\/revisions"}],"wp:featuredmedia":[{"embeddable":true,"href":"https:\/\/archiv.sozialismus.info\/maschinenraum\/wp-json\/wp\/v2\/media\/24057"}],"wp:attachment":[{"href":"https:\/\/archiv.sozialismus.info\/maschinenraum\/wp-json\/wp\/v2\/media?parent=29098"}],"wp:term":[{"taxonomy":"category","embeddable":true,"href":"https:\/\/archiv.sozialismus.info\/maschinenraum\/wp-json\/wp\/v2\/categories?post=29098"},{"taxonomy":"post_tag","embeddable":true,"href":"https:\/\/archiv.sozialismus.info\/maschinenraum\/wp-json\/wp\/v2\/tags?post=29098"}],"curies":[{"name":"wp","href":"https:\/\/api.w.org\/{rel}","templated":true}]}}