{"id":29002,"date":"2014-09-28T12:05:00","date_gmt":"2014-09-28T10:05:00","guid":{"rendered":"http:\/\/www.sozialismus.info\/?p=29002"},"modified":"2014-09-25T12:13:03","modified_gmt":"2014-09-25T10:13:03","slug":"krise-krieg-wahlen","status":"publish","type":"post","link":"https:\/\/archiv.sozialismus.info\/maschinenraum\/2014\/09\/krise-krieg-wahlen\/","title":{"rendered":"Krise, Krieg, Wahlen"},"content":{"rendered":"<figure id=\"attachment_26719\" aria-describedby=\"caption-attachment-26719\" style=\"width: 280px\" class=\"wp-caption alignleft\"><a href=\"https:\/\/www.archiv.sozialismus.info\/maschinenraum\/wp-content\/uploads\/2014\/03\/12956323425_349d590c69_b-e1394100348536.jpg\"><img loading=\"lazy\" class=\"size-medium wp-image-26719\" src=\"https:\/\/www.archiv.sozialismus.info\/maschinenraum\/wp-content\/uploads\/2014\/03\/12956323425_349d590c69_b-e1394100348536-280x173.jpg\" alt=\"Foto: http:\/\/www.flickr.com\/photos\/kylaborg\/ CC BY 2.0\" width=\"280\" height=\"173\" srcset=\"https:\/\/archiv.sozialismus.info\/maschinenraum\/wp-content\/uploads\/2014\/03\/12956323425_349d590c69_b-e1394100348536-280x173.jpg 280w, https:\/\/archiv.sozialismus.info\/maschinenraum\/wp-content\/uploads\/2014\/03\/12956323425_349d590c69_b-e1394100348536-162x100.jpg 162w, https:\/\/archiv.sozialismus.info\/maschinenraum\/wp-content\/uploads\/2014\/03\/12956323425_349d590c69_b-e1394100348536-560x345.jpg 560w, https:\/\/archiv.sozialismus.info\/maschinenraum\/wp-content\/uploads\/2014\/03\/12956323425_349d590c69_b-e1394100348536.jpg 965w\" sizes=\"(max-width: 280px) 100vw, 280px\" \/><\/a><figcaption id=\"caption-attachment-26719\" class=\"wp-caption-text\">Foto: http:\/\/www.flickr.com\/photos\/kylaborg\/ CC BY 2.0<\/figcaption><\/figure>\n<p lang=\"zxx\" style=\"margin-bottom: 0cm; font-variant: normal; font-style: normal;\"><strong><span style=\"color: #222222;\"><span style=\"font-family: Calibri,sans-serif;\"><span style=\"font-size: small;\">Wohin steuert die Ukraine?<\/span><\/span><\/span><\/strong><\/p>\n<p lang=\"zxx\" style=\"margin-bottom: 0cm; font-variant: normal; font-style: normal; font-weight: normal;\"><span style=\"color: #222222;\"><span style=\"font-family: Calibri,sans-serif;\"><span style=\"font-size: small;\">Die politische Krise und der Krieg in der Ukraine sind vor allem Ausdruck der au\u00dfer Kontrolle geratenen Lage, des Machtkampfs der Herrschenden und einer Stagnation der Weltwirtschaft.<\/span><\/span><\/span><\/p>\n<p lang=\"zxx\" style=\"margin-bottom: 0cm; font-variant: normal; font-style: normal; font-weight: normal;\"><em><span style=\"color: #222222;\"><span style=\"font-family: Calibri,sans-serif;\"><span style=\"font-size: small;\">von Dima Yansky, Aachen<\/span><\/span><\/span><\/em><\/p>\n<p lang=\"zxx\" style=\"margin-bottom: 0cm; font-variant: normal; font-style: normal; font-weight: normal;\"><span style=\"color: #222222;\"><span style=\"font-family: Calibri,sans-serif;\"><span style=\"font-size: small;\">Nat\u00fcrlich ist die Ukraine \u00f6konomisch ein Zwerg, der nur \u00fcber einen kleinen Absatzmarkt und eine geschw\u00e4chte, wenn auch nicht unbedeutende Industrie verf\u00fcgt. Dennoch will der Westen die Ukraine auf keinen Fall verlieren, weil davon international das Signal ausgehen k\u00f6nnte: US-Imperialismus, Europ\u00e4ische Union (EU), westliche Banken und Konzerne sind nicht allm\u00e4chtig.<\/span><\/span><\/span><\/p>\n<p><span style=\"color: #222222;\"><span style=\"font-family: Calibri,sans-serif;\"><span style=\"font-size: small;\">Spielball der Gro\u00dfm\u00e4chte<\/span><\/span><\/span><\/p>\n<p lang=\"zxx\" style=\"margin-bottom: 0cm; font-variant: normal; font-style: normal; font-weight: normal;\"><span style=\"color: #222222;\"><span style=\"font-family: Calibri,sans-serif;\"><span style=\"font-size: small;\">Ihr Bestreben, nach dem Zusammenburch des Stalinismus, Osteuropa zu kontrollieren, erhielte einen heftigen D\u00e4mpfer. Erinnert sei an den aggressiven Osterweiterungskurs von NATO und EU sowie den Aufbau von US-amerikanischen Raketenabwehr-St\u00fctzpunkten in Rum\u00e4nien und Polen.<\/span><\/span><\/span><\/p>\n<h4 lang=\"zxx\" style=\"margin-bottom: 0cm; font-variant: normal; font-style: normal; font-weight: normal;\"><span style=\"color: #222222;\"><span style=\"font-family: Calibri,sans-serif;\"><span style=\"font-size: small;\">Es geht f\u00fcr die Gro\u00dfm\u00e4chte nicht um die Ukraine, nicht um Demokratie, nicht um Selbstbestimmung und Freiheit, sondern um politischen beziehungsweise wirtschaftlichen Einfluss und die geostrategische \u00dcberlegungen. In diesem Sinne ist der russische Pr\u00e4sident Wladimir Putin nicht moralischer oder bestialischer als US-Pr\u00e4sident Barack Obama, Bundeskanzlerin Angela Merkel oder NATO-Generalsekret\u00e4r Anders Fogh Rasmussen. Putin versucht momentan mit dem st\u00e4rksten Kartell der Welt zu pokern und benutzt dabei die gleichen Abzockertricks und gezinkten Spielkarten \u2013 also \u00f6konomischen Druck, Geheimaktionen und Propaganda &#8211; wie seine Konkurrenten.<\/span><\/span><\/span><\/h4>\n<h4 lang=\"zxx\" style=\"margin-bottom: 0cm; font-variant: normal; font-style: normal; font-weight: normal;\"><span style=\"color: #222222;\"><span style=\"font-family: Calibri,sans-serif;\"><span style=\"font-size: small;\">Neuwahlen<\/span><\/span><\/span><\/h4>\n<p lang=\"zxx\" style=\"margin-bottom: 0cm; font-variant: normal; font-style: normal; font-weight: normal;\"><span style=\"color: #222222;\"><span style=\"font-family: Calibri,sans-serif;\"><span style=\"font-size: small;\">Der \u00e4u\u00dfere Druck seitens der imperialistischen M\u00e4chte verst\u00e4rkt noch die Zuspitzung der inneren Widerspr\u00fcche im Land. In der Ukraine stehen vorgezogene Parlamentswahlen an. Diese sind f\u00fcr den 28. Oktober festgelegt worden. Es gibt in der Rada noch relativ starke Fraktionen der Kommunistischen Partei sowie der ehemaligen &#8222;Partei der Regionen&#8220; des gest\u00fcrzten Pr\u00e4sidenten Viktor Janukowitsch. Die ukrainischen Kapitalisten brauchen indes ein Parlament, welches schnell im Sinne der westlichen Kreditgeber und ihrer eigenen Interessen in Sachen Sozialk\u00fcrzungen agiert.<\/span><\/span><\/span><\/p>\n<h4 lang=\"zxx\" style=\"margin-bottom: 0cm; font-variant: normal; font-style: normal; font-weight: normal;\"><span style=\"color: #222222;\"><span style=\"font-family: Calibri,sans-serif;\"><span style=\"font-size: small;\">Die Normalsterblichen unter den UkrainerInnen wollen jedoch neue politische Gesichter sehen, die sie nicht mit den alten Eliten assozieren m\u00fcssen. Laut aktuellen Umfragen wird die Rada von neuen Parteien dominiert werden. Dazu z\u00e4hlt der &#8222;Block von Poroschenko&#8220; unter dem neuen Pr\u00e4sidenten und Oligarchen (&#8222;Schokoladenk\u00f6nig&#8220;) Petro Proschenko, die nationalistische &#8222;Radikale Partei&#8220; und eventuell noch einige der erst k\u00fcrzlich ins Leben gerufenen Gruppierungen.<\/span><\/span><\/span><\/h4>\n<h4 lang=\"zxx\" style=\"margin-bottom: 0cm; font-variant: normal; font-style: normal; font-weight: normal;\"><span style=\"color: #222222;\"><span style=\"font-family: Calibri,sans-serif;\"><span style=\"font-size: small;\">Parteien der Oligarchen<\/span><\/span><\/span><\/h4>\n<p lang=\"zxx\" style=\"margin-bottom: 0cm; font-variant: normal; font-style: normal; font-weight: normal;\"><span style=\"color: #222222;\"><span style=\"font-family: Calibri,sans-serif;\"><span style=\"font-size: small;\">All diesen ist eines gemein: Bei allen handelt es sich um Projekte der Superreichen. Keine einzige dieser Parteien repr\u00e4sentiert die Interessen der arbeitenden Massen. So wird die Partei &#8222;Starke Ukraine&#8220; vom Miliard\u00e4r Serhij Tihipko finanziert. Der Block von Petro Poroschenko basiert auf den Miliarden eben dieses Schokoladenmagnaten. Die nationalistische &#8222;Radikale Partei&#8220; wird vom Chef des Arbeitgeberverbandes Dmytro Firtasch gesponsert.<\/span><\/span><\/span><\/p>\n<p lang=\"zxx\" style=\"margin-bottom: 0cm; font-variant: normal; font-style: normal; font-weight: normal;\"><span style=\"color: #222222;\"><span style=\"font-family: Calibri,sans-serif;\"><span style=\"font-size: small;\">Die Faschisten der sogenannten Freiheitspartei und des Rechten Sektors werden diesmal anscheinend nicht im Parlament vertreten sein. Dennoch drohen sieden B\u00fcrgerlichen wieder einmal mit einem bewaffneten Putsch.<\/span><\/span><\/span><\/p>\n<h4 lang=\"zxx\" style=\"margin-bottom: 0cm; font-variant: normal; font-style: normal; font-weight: normal;\"><span style=\"color: #222222;\"><span style=\"font-family: Calibri,sans-serif;\"><span style=\"font-size: small;\">Schw\u00e4che der Linken<\/span><\/span><\/span><\/h4>\n<h4 lang=\"zxx\" style=\"margin-bottom: 0cm; font-variant: normal; font-style: normal; font-weight: normal;\"><span style=\"color: #222222;\"><span style=\"font-family: Calibri,sans-serif;\"><span style=\"font-size: small;\">Leider erwies sich die Maidan-Bewegung nicht in der Lage, eigene Organisationen mit sozialer Agenda ins Leben zu rufen. Ein Grund daf\u00fcr war sicherlich die politische Niederlage der schwachen und schlecht organisierten Linken w\u00e4hrend der Ereignisse auf dem Maidan. Die politischen Eliten haben auch den im Osten ausgebrochenen B\u00fcrgerkrieg daf\u00fcr instrumentalisiert, die sowieso schon geschw\u00e4chte Linke weiter zu isolieren. Unter dem Vorwand des Kampfes gegen den Separatismus haben Geheimpolizei und Nationalisten hunderte AktivistInnen verfolgt, verhaftet und zu Tode gepr\u00fcgelt. Ein weiterer Grund stellt sicherlich der Feldzug gegen die &#8222;Separatisten&#8220; im Osten dar. Dieser Krieg erleichtert es den Eliten, die Massen mit nationalistischen Parolen zu vergiften, um sie so von den brennenden sozialen Problemen abzulenken.<\/span><\/span><\/span><\/h4>\n<h4 lang=\"zxx\" style=\"margin-bottom: 0cm; font-variant: normal; font-style: normal; font-weight: normal;\"><span style=\"color: #222222;\"><span style=\"font-family: Calibri,sans-serif;\"><span style=\"font-size: small;\">Neue Rada, alte Probleme<\/span><\/span><\/span><\/h4>\n<p lang=\"zxx\" style=\"margin-bottom: 0cm; font-variant: normal; font-style: normal; font-weight: normal;\"><span style=\"color: #222222;\"><span style=\"font-family: Calibri,sans-serif;\"><span style=\"font-size: small;\">Momentan steht das Land am Rande eines wirtschaftlichen Kollapses. Die auf Auslandskredite angewiesene Ukraine wird laut j\u00fcngsten Sch\u00e4tzungen allein in diesem Jahr zehn Prozent des Bruttoinlandproduktes einb\u00fc\u00dfen. Der blutige Krieg, der bereits \u00fcber eine Million OstukrainerInnen vertrieben hat und zehntausenden ZivilistInnen, Regierungssoldaten sowie ihren Gegnern das Leben gekostet hat, zwingt die Wirtschaft in die Knie.<\/span><\/span><\/span><\/p>\n<p lang=\"zxx\" style=\"margin-bottom: 0cm;\"><span style=\"font-variant: normal;\"><span style=\"color: #222222;\"><span style=\"font-family: Calibri,sans-serif;\"><span style=\"font-size: small;\"><span style=\"font-style: normal;\"><span style=\"font-weight: normal;\">Die <\/span><\/span><\/span><\/span><\/span><\/span><span style=\"font-variant: normal;\"><span style=\"color: #222222;\"><span style=\"font-family: Calibri,sans-serif;\"><span style=\"font-size: small;\"><span style=\"font-style: normal;\"><span style=\"font-weight: normal;\">neu<\/span><\/span><\/span><\/span><\/span><\/span><span style=\"font-variant: normal;\"><span style=\"color: #222222;\"><span style=\"font-family: Calibri,sans-serif;\"><span style=\"font-size: small;\"><span style=\"font-style: normal;\"><span style=\"font-weight: normal;\">e Rada mit<\/span><\/span><\/span><\/span><\/span><\/span><span style=\"font-variant: normal;\"><span style=\"color: #222222;\"><span style=\"font-family: Calibri,sans-serif;\"><span style=\"font-size: small;\"><span style=\"font-style: normal;\"><span style=\"font-weight: normal;\">samt<\/span><\/span><\/span><\/span><\/span><\/span><span style=\"font-variant: normal;\"><span style=\"color: #222222;\"><span style=\"font-family: Calibri,sans-serif;\"><span style=\"font-size: small;\"><span style=\"font-style: normal;\"><span style=\"font-weight: normal;\"> dem neuen Pr\u00e4sidenten sowie <\/span><\/span><\/span><\/span><\/span><\/span><span style=\"font-variant: normal;\"><span style=\"color: #222222;\"><span style=\"font-family: Calibri,sans-serif;\"><span style=\"font-size: small;\"><span style=\"font-style: normal;\"><span style=\"font-weight: normal;\">ihren <\/span><\/span><\/span><\/span><\/span><\/span><span style=\"font-variant: normal;\"><span style=\"color: #222222;\"><span style=\"font-family: Calibri,sans-serif;\"><span style=\"font-size: small;\"><span style=\"font-style: normal;\"><span style=\"font-weight: normal;\">neuen &#8222;Alliierten&#8220; aus EU und NATO <\/span><\/span><\/span><\/span><\/span><\/span><span style=\"font-variant: normal;\"><span style=\"color: #222222;\"><span style=\"font-family: Calibri,sans-serif;\"><span style=\"font-size: small;\"><span style=\"font-style: normal;\"><span style=\"font-weight: normal;\">schaff<\/span><\/span><\/span><\/span><\/span><\/span><span style=\"font-variant: normal;\"><span style=\"color: #222222;\"><span style=\"font-family: Calibri,sans-serif;\"><span style=\"font-size: small;\"><span style=\"font-style: normal;\"><span style=\"font-weight: normal;\">en den ukrainischen Massen <\/span><\/span><\/span><\/span><\/span><\/span><span style=\"font-variant: normal;\"><span style=\"color: #222222;\"><span style=\"font-family: Calibri,sans-serif;\"><span style=\"font-size: small;\"><span style=\"font-style: normal;\"><span style=\"font-weight: normal;\">ein<\/span><\/span><\/span><\/span><\/span><\/span><span style=\"font-variant: normal;\"><span style=\"color: #222222;\"><span style=\"font-family: Calibri,sans-serif;\"><span style=\"font-size: small;\"><span style=\"font-style: normal;\"><span style=\"font-weight: normal;\">e &#8222;sch\u00f6ne <\/span><\/span><\/span><\/span><\/span><\/span><span style=\"font-variant: normal;\"><span style=\"color: #222222;\"><span style=\"font-family: Calibri,sans-serif;\"><span style=\"font-size: small;\"><span style=\"font-style: normal;\"><span style=\"font-weight: normal;\">neue<\/span><\/span><\/span><\/span><\/span><\/span><span style=\"font-variant: normal;\"><span style=\"color: #222222;\"><span style=\"font-family: Calibri,sans-serif;\"><span style=\"font-size: small;\"><span style=\"font-style: normal;\"><span style=\"font-weight: normal;\"> Welt&#8220; \u2013 <\/span><\/span><\/span><\/span><\/span><\/span><span style=\"font-variant: normal;\"><span style=\"color: #222222;\"><span style=\"font-family: Calibri,sans-serif;\"><span style=\"font-size: small;\"><span style=\"font-style: normal;\"><span style=\"font-weight: normal;\">bestehend aus<\/span><\/span><\/span><\/span><\/span><\/span><span style=\"font-variant: normal;\"><span style=\"color: #222222;\"><span style=\"font-family: Calibri,sans-serif;\"><span style=\"font-size: small;\"><span style=\"font-style: normal;\"><span style=\"font-weight: normal;\"> Steuer<\/span><\/span><\/span><\/span><\/span><\/span><span style=\"font-variant: normal;\"><span style=\"color: #222222;\"><span style=\"font-family: Calibri,sans-serif;\"><span style=\"font-size: small;\"><span style=\"font-style: normal;\"><span style=\"font-weight: normal;\">erh\u00f6hunge<\/span><\/span><\/span><\/span><\/span><\/span><span style=\"font-variant: normal;\"><span style=\"color: #222222;\"><span style=\"font-family: Calibri,sans-serif;\"><span style=\"font-size: small;\"><span style=\"font-style: normal;\"><span style=\"font-weight: normal;\">n, Energie- und Gaspreis<\/span><\/span><\/span><\/span><\/span><\/span><span style=\"font-variant: normal;\"><span style=\"color: #222222;\"><span style=\"font-family: Calibri,sans-serif;\"><span style=\"font-size: small;\"><span style=\"font-style: normal;\"><span style=\"font-weight: normal;\">verdopplung<\/span><\/span><\/span><\/span><\/span><\/span><span style=\"font-variant: normal;\"><span style=\"color: #222222;\"><span style=\"font-family: Calibri,sans-serif;\"><span style=\"font-size: small;\"><span style=\"font-style: normal;\"><span style=\"font-weight: normal;\">en und <\/span><\/span><\/span><\/span><\/span><\/span><span style=\"font-variant: normal;\"><span style=\"color: #222222;\"><span style=\"font-family: Calibri,sans-serif;\"><span style=\"font-size: small;\"><span style=\"font-style: normal;\"><span style=\"font-weight: normal;\">zusammengestrichen<\/span><\/span><\/span><\/span><\/span><\/span><span style=\"font-variant: normal;\"><span style=\"color: #222222;\"><span style=\"font-family: Calibri,sans-serif;\"><span style=\"font-size: small;\"><span style=\"font-style: normal;\"><span style=\"font-weight: normal;\">en Sozialausgaben. Der <\/span><\/span><\/span><\/span><\/span><\/span><span style=\"font-variant: normal;\"><span style=\"color: #222222;\"><span style=\"font-family: Calibri,sans-serif;\"><span style=\"font-size: small;\"><span style=\"font-style: normal;\"><span style=\"font-weight: normal;\">fra<\/span><\/span><\/span><\/span><\/span><\/span><span style=\"font-variant: normal;\"><span style=\"color: #222222;\"><span style=\"font-family: Calibri,sans-serif;\"><span style=\"font-size: small;\"><span style=\"font-style: normal;\"><span style=\"font-weight: normal;\">g<\/span><\/span><\/span><\/span><\/span><\/span><span style=\"font-variant: normal;\"><span style=\"color: #222222;\"><span style=\"font-family: Calibri,sans-serif;\"><span style=\"font-size: small;\"><span style=\"font-style: normal;\"><span style=\"font-weight: normal;\">il<\/span><\/span><\/span><\/span><\/span><\/span><span style=\"font-variant: normal;\"><span style=\"color: #222222;\"><span style=\"font-family: Calibri,sans-serif;\"><span style=\"font-size: small;\"><span style=\"font-style: normal;\"><span style=\"font-weight: normal;\">e Frieden im Osten des Landes entpuppt sich als <\/span><\/span><\/span><\/span><\/span><\/span><span style=\"font-variant: normal;\"><span style=\"color: #222222;\"><span style=\"font-family: Calibri,sans-serif;\"><span style=\"font-size: small;\"><span style=\"font-style: normal;\"><span style=\"font-weight: normal;\">bald<\/span><\/span><\/span><\/span><\/span><\/span> <span style=\"font-variant: normal;\"><span style=\"color: #222222;\"><span style=\"font-family: Calibri,sans-serif;\"><span style=\"font-size: small;\"><span style=\"font-style: normal;\"><span style=\"font-weight: normal;\">\u00e4hnlich<\/span><\/span><\/span><\/span><\/span><\/span><span style=\"font-variant: normal;\"><span style=\"color: #222222;\"><span style=\"font-family: Calibri,sans-serif;\"><span style=\"font-size: small;\"><span style=\"font-style: normal;\"><span style=\"font-weight: normal;\"> blutig wie der Krieg selber. Alle sozialen und wirtschaftlichen <\/span><\/span><\/span><\/span><\/span><\/span><span style=\"font-variant: normal;\"><span style=\"color: #222222;\"><span style=\"font-family: Calibri,sans-serif;\"><span style=\"font-size: small;\"><span style=\"font-style: normal;\"><span style=\"font-weight: normal;\">Probleme bleiben ungel\u00f6st und existieren fort<\/span><\/span><\/span><\/span><\/span><\/span><span style=\"font-variant: normal;\"><span style=\"color: #222222;\"><span style=\"font-family: Calibri,sans-serif;\"><span style=\"font-size: small;\"><span style=\"font-style: normal;\"><span style=\"font-weight: normal;\">. Um <\/span><\/span><\/span><\/span><\/span><\/span><span style=\"font-variant: normal;\"><span style=\"color: #222222;\"><span style=\"font-family: Calibri,sans-serif;\"><span style=\"font-size: small;\"><span style=\"font-style: normal;\"><span style=\"font-weight: normal;\">aus<\/span><\/span><\/span><\/span><\/span><\/span><span style=\"font-variant: normal;\"><span style=\"color: #222222;\"><span style=\"font-family: Calibri,sans-serif;\"><span style=\"font-size: small;\"><span style=\"font-style: normal;\"><span style=\"font-weight: normal;\"> diese<\/span><\/span><\/span><\/span><\/span><\/span><span style=\"font-variant: normal;\"><span style=\"color: #222222;\"><span style=\"font-family: Calibri,sans-serif;\"><span style=\"font-size: small;\"><span style=\"font-style: normal;\"><span style=\"font-weight: normal;\">m Dilemma rauszukommen<\/span><\/span><\/span><\/span><\/span><\/span><span style=\"font-variant: normal;\"><span style=\"color: #222222;\"><span style=\"font-family: Calibri,sans-serif;\"><span style=\"font-size: small;\"><span style=\"font-style: normal;\"><span style=\"font-weight: normal;\">, braucht <\/span><\/span><\/span><\/span><\/span><\/span><span style=\"font-variant: normal;\"><span style=\"color: #222222;\"><span style=\"font-family: Calibri,sans-serif;\"><span style=\"font-size: small;\"><span style=\"font-style: normal;\"><span style=\"font-weight: normal;\">es<\/span><\/span><\/span><\/span><\/span><\/span><span style=\"font-variant: normal;\"><span style=\"color: #222222;\"><span style=\"font-family: Calibri,sans-serif;\"><span style=\"font-size: small;\"><span style=\"font-style: normal;\"><span style=\"font-weight: normal;\"> einen neuen &#8222;Maidan&#8220;. Aber dieses <\/span><\/span><\/span><\/span><\/span><\/span><span style=\"font-variant: normal;\"><span style=\"color: #222222;\"><span style=\"font-family: Calibri,sans-serif;\"><span style=\"font-size: small;\"><span style=\"font-style: normal;\"><span style=\"font-weight: normal;\">M<\/span><\/span><\/span><\/span><\/span><\/span><span style=\"font-variant: normal;\"><span style=\"color: #222222;\"><span style=\"font-family: Calibri,sans-serif;\"><span style=\"font-size: small;\"><span style=\"font-style: normal;\"><span style=\"font-weight: normal;\">al ohne Oligarchen und Nationalisten.<\/span><\/span><\/span><\/span><\/span><\/span><\/p>\n<p><span style=\"color: #222222;\"><span style=\"font-family: Calibri,sans-serif;\"><span style=\"font-size: small;\">Anhang: Hilfsgelder \u2013 f\u00fcr Waffen und Politiker<\/span><\/span><\/span><\/p>\n<p lang=\"zxx\" style=\"margin-bottom: 0cm; font-variant: normal; font-style: normal; font-weight: normal;\"><span style=\"color: #222222;\"><span style=\"font-family: Calibri,sans-serif;\"><span style=\"font-size: small;\">Wirtschaftlich steht die Ukraine am Abgrund. Aus Sicht des Internationalen W\u00e4hrungsfonds (IWF) werden nach den im Mai bereits zugesagten 17 Milliarden Dollar weitere 19 Milliarden ben\u00f6tigt. Sonst droht bis Ende 2015 der Staatsbankrott.<\/span><\/span><\/span><\/p>\n<p lang=\"zxx\" style=\"margin-bottom: 0cm; font-variant: normal; font-style: normal; font-weight: normal;\"><span style=\"color: #222222;\"><span style=\"font-family: Calibri,sans-serif;\"><span style=\"font-size: small;\">Die Kohle- und Stahlproduktion, die sich im Donbass befindet, ist beinahe zum Erliegen gekommen. Im Vergleich zum Vorjahresmonat ist die Industrieproduktion im August um 21,7 Prozent gefallen.<\/span><\/span><\/span><\/p>\n<p lang=\"zxx\" style=\"margin-bottom: 0cm; font-variant: normal; font-style: normal; font-weight: normal;\"><span style=\"color: #222222;\"><span style=\"font-family: Calibri,sans-serif;\"><span style=\"font-size: small;\">Geld wird ben\u00f6tigt. Geld ist geflossen. Aber nicht zur Besserung der Lebensbedingungen der Bev\u00f6lkerungsmehrheit. Laut der stellvertretenden US-Au\u00dfenministerin Victoria Nuland (wir erinnern uns, das ist die Frau, die durch den Ausspruch <i>&#8222;Fuck the EU&#8220;<\/i> bekannt wurde) butterten die USA f\u00fcnf Milliarden Dollar rein, um die vormals gew\u00e4hlten Regierungen in Kiew zu unterminieren.<\/span><\/span><\/span><\/p>\n<p lang=\"zxx\" style=\"margin-bottom: 0cm; font-variant: normal; font-style: normal; font-weight: normal;\"><span style=\"color: #222222;\"><span style=\"font-family: Calibri,sans-serif;\"><span style=\"font-size: small;\">Seit die neue Rechtsregierung installiert ist, machte das Wei\u00dfe Haus noch einmal 291 Millionen Dollar locker. Schlie\u00dflich wusste der Pr\u00e4sident der Ukraine, Petro Poroschenko bei seinem Besuch in Washington zu sagen: <i>&#8222;Man kann den Krieg nicht mit Platzpatronen gewinnen.&#8220;<\/i><\/span><\/span><\/span><\/p>\n<p lang=\"zxx\" style=\"margin-bottom: 0cm; font-variant: normal; font-style: normal; font-weight: normal;\"><span style=\"color: #222222;\"><span style=\"font-family: Calibri,sans-serif;\"><span style=\"font-size: small;\">Auch die IWF-Mittel werden f\u00fcr die Arbeitenden und Armen Fluch und nicht Segen sein. Bekanntlich sind sie an drakonische K\u00fcrzungsauflagen gekoppelt.<\/span><\/span><\/span><\/p>\n","protected":false},"excerpt":{"rendered":"<p>Wohin steuert die Ukraine?<\/p>\n","protected":false},"author":2,"featured_media":26719,"comment_status":"closed","ping_status":"closed","sticky":false,"template":"","format":"standard","meta":[],"categories":[43],"tags":[352],"_links":{"self":[{"href":"https:\/\/archiv.sozialismus.info\/maschinenraum\/wp-json\/wp\/v2\/posts\/29002"}],"collection":[{"href":"https:\/\/archiv.sozialismus.info\/maschinenraum\/wp-json\/wp\/v2\/posts"}],"about":[{"href":"https:\/\/archiv.sozialismus.info\/maschinenraum\/wp-json\/wp\/v2\/types\/post"}],"author":[{"embeddable":true,"href":"https:\/\/archiv.sozialismus.info\/maschinenraum\/wp-json\/wp\/v2\/users\/2"}],"replies":[{"embeddable":true,"href":"https:\/\/archiv.sozialismus.info\/maschinenraum\/wp-json\/wp\/v2\/comments?post=29002"}],"version-history":[{"count":0,"href":"https:\/\/archiv.sozialismus.info\/maschinenraum\/wp-json\/wp\/v2\/posts\/29002\/revisions"}],"wp:featuredmedia":[{"embeddable":true,"href":"https:\/\/archiv.sozialismus.info\/maschinenraum\/wp-json\/wp\/v2\/media\/26719"}],"wp:attachment":[{"href":"https:\/\/archiv.sozialismus.info\/maschinenraum\/wp-json\/wp\/v2\/media?parent=29002"}],"wp:term":[{"taxonomy":"category","embeddable":true,"href":"https:\/\/archiv.sozialismus.info\/maschinenraum\/wp-json\/wp\/v2\/categories?post=29002"},{"taxonomy":"post_tag","embeddable":true,"href":"https:\/\/archiv.sozialismus.info\/maschinenraum\/wp-json\/wp\/v2\/tags?post=29002"}],"curies":[{"name":"wp","href":"https:\/\/api.w.org\/{rel}","templated":true}]}}