{"id":28398,"date":"2014-07-16T10:00:35","date_gmt":"2014-07-16T08:00:35","guid":{"rendered":"http:\/\/www.sozialismus.mobi\/?p=28398"},"modified":"2014-07-16T11:21:44","modified_gmt":"2014-07-16T09:21:44","slug":"ehemalige-heimkinder-gewalt-und-zwangsarbeit-wann-kommt-die-entschaedigung","status":"publish","type":"post","link":"https:\/\/archiv.sozialismus.info\/maschinenraum\/2014\/07\/ehemalige-heimkinder-gewalt-und-zwangsarbeit-wann-kommt-die-entschaedigung\/","title":{"rendered":"Ehemalige Heimkinder \u2013 Gewalt und Zwangsarbeit \u2013 Wann kommt die Entsch\u00e4digung?"},"content":{"rendered":"<p><strong><a href=\"http:\/\/archiv.sozialismus.info\/maschinenraum\/wp-content\/uploads\/2012\/05\/DieLinke_RGB-e1336745365360.jpg\"><img loading=\"lazy\" class=\"alignleft size-medium wp-image-15213\" src=\"http:\/\/archiv.sozialismus.info\/maschinenraum\/wp-content\/uploads\/2012\/05\/DieLinke_RGB-e1336745365360-276x173.jpg\" alt=\"DieLinke_RGB\" width=\"276\" height=\"173\" srcset=\"https:\/\/archiv.sozialismus.info\/maschinenraum\/wp-content\/uploads\/2012\/05\/DieLinke_RGB-e1336745365360-276x173.jpg 276w, https:\/\/archiv.sozialismus.info\/maschinenraum\/wp-content\/uploads\/2012\/05\/DieLinke_RGB-e1336745365360-555x347.jpg 555w, https:\/\/archiv.sozialismus.info\/maschinenraum\/wp-content\/uploads\/2012\/05\/DieLinke_RGB-e1336745365360.jpg 637w\" sizes=\"(max-width: 276px) 100vw, 276px\" \/><\/a>Vortrag von Heidrun Dittrich auf einer Veranstaltung von VEH e.V und DIE LINKE.<\/strong><\/p>\n<p>ehemalige Bundestagsabgeordnete DIE LINKE. (2009 \u2013 20013, 17. Wahlperiode) aus Hannover und Seniorenpolitische Sprecherin der Bundestagsfraktion DIE LINKE. und in der Bundestagsfraktion zust\u00e4ndig f\u00fcr die ehemaligen Heimkinder, vgl. Antrag im Deutschen Bundestag im Plenum am 09.06.2011 mit der Drucksache Nr: 17\/ 6093.<\/p>\n<p>&nbsp;<\/p>\n<p>Liebe ehemaligen Heimkinder, liebe Genossinnen und Genossen der Linken, sehr geehrte Damen und Herren,<\/p>\n<p>es freut mich, auch in diesem Jahr wieder auf der Tagung der ehemaligen Heimkinder zu sprechen, ich bedanke mich herzlich f\u00fcr die Einladung.<\/p>\n<p>Ganz aktuell haben wir die skandal\u00f6sen Ereignisse in dem geschlossenen Kinderheim Haasenburg in Brandenburg geh\u00f6rt. Dieses Heim wurde in privater Tr\u00e4gerschaft, gewinnorientiert gef\u00fchrt. Im Abschlussbericht des Runden Tisches Heimerziehung West wurde geschrieben, dass es nie wieder vorkommen solle, dass Kinder so rechtlos gesetzt werden und doch ist es wieder passiert. Am 14.06.2013 berichtete die taz ausf\u00fchrlich \u00fcber die geschlossene Unterbringung der Kinder und Jugendlichen in der Haasenburg und die Verletzungen der Menschenrechte der Eingesperrten.<\/p>\n<p>Eine geschlossene Unterbringung ist keine Hilfe zur Erziehung f\u00fcr Kinder- und Jugendliche.<\/p>\n<p>Es ist f\u00fcr niemanden eine Hilfe, auch nicht f\u00fcr die Weggesperrten in der Gerontopsychiatrie oder in den Altenheimen oder den Kinder- und Jugendpsychiatrien oder in den Heimen der Behindertenhilfe. In geschlossenen Einrichtungen findet immer Rechtsmissbrauch statt:<\/p>\n<p>Es darf sie gar nicht geben!<\/p>\n<p>Deshalb sorgen wir daf\u00fcr, dass geschlossene Heime in der Jugendhilfe und in anderen Bereichen abgeschafft werden.<\/p>\n<p>Der Landtagsabgeordnete der Partei DIE LINKE. Torsten Krause sprach nicht als Mitglied der Opposition, sondern als Mitglied der Landesregierung in Brandenburg. Das Kinderheim Haasenburg wurde zum 19.12.2013 geschlossen, aber der Skandal war den Abgeordneten vor der Ver\u00f6ffentlichung in der taz im Juni 2013 bekannt. Was hat es den Kindern gen\u00fctzt, dass die LINKE in der Landesregierung war? Es konnte \u00fcber Verhandlungen mit dem zust\u00e4ndigen SPD- Ministerium f\u00fcr Bildung nicht erreicht werden, dass die betroffenen Kinder- und Jugendliche sofort in Obhut und raus aus der Haasenburg genommen wurden. Eine kr\u00e4ftige au\u00dferparlamentarische Oppostion w\u00e4re n\u00f6tig gewesen. Dies kann eine LINKE. an der Regierung nicht umsetzen. Die Interessen der Betroffenen k\u00f6nnen nicht vehement vertreten werden.<\/p>\n<p>Mit der heute vorgelegten Resolution des Vereins ehemaliger Heimkinder wird ein parlamentarischer Untersuchungsausschuss gefordert. Und dies ist richtig. Denn der Runde Tisch Heimerziehung wurde am Parlament vorbei entworfen und erst die Ergebnisse wurden wieder im Parlament debattiert.<\/p>\n<p>Ein parlamentarischer Untersuchungsausschuss ist dem geschehenen Unrecht angemessen. Ein Opferentsch\u00e4digungsgesetz wie es die ehemaligen Heimkinder fordern und wie wir es als DIE LINKE. in den Bundestag einbrachten, schafft Rechtsanspr\u00fcche und nur ein Gesetz er\u00f6ffnet den Rechtsweg. Die Ma\u00dfnahmen zur Fondsl\u00f6sung stellen ein Almosen dar und schaffen keinen Rechtsanspruch. Es ist zu wenig. Zu wenig bekannt und zeitlich begrenzt. Der Fonds muss zumindest zeitlich und finanziell entgrenzt und aufgestockt werden.<\/p>\n<p>Am Runden Tisch Heimerziehung, als die HeimkinderverterInnen sich einer \u00dcberzahl der Vertreter der Kirchen und Landesjugend\u00e4mter gegen\u00fcber sahen, wurden die Heimkinder \u00fcberstimmt und erpresst und durch die Fondsl\u00f6sung rechtlos gesetzt.<\/p>\n<p>Aber das lassen sie sich schon lange nicht mehr gefallen. Die Pers\u00f6nlichkeiten der ehemaligen Heimkinder haben sich im Widerstand entwickelt. Jetzt wird gelebt und gek\u00e4mpft. Ehemalige Heimkinder sind Bundestagsabgeordnete und Richter und sie sind \u00fcberall, denn es sind viele.<\/p>\n<p>800 000 im Westen als offizielle Zahl &#8211; es waren viel mehr, die Kinderarbeit und Zwangsarbeit leisten und die ihre Peiniger auch noch ern\u00e4hren mussten. Die Bauern und Industriebetriebe, f\u00fcr die sie billige Arbeitskr\u00e4fte waren, werden in der Fondsl\u00f6sung nicht herangezogen. Doch die Industriebetriebe haben Rechtsnachfolger und k\u00f6nnen belangt werden und das sollten wir gemeinsam versuchen.<\/p>\n<p>Der Antrag der LINKEN, den ich im Bundestag am 09.06.2011 vorstellte wurde von allen anderen Fraktionen zugunsten der Fondsl\u00f6sung abgelehnt. Doch die Forderungen in dem gemeinsam mit Ihnen entwickelten Antrag sind weiterhin uneingel\u00f6st und richtig:<\/p>\n<p>Die Heranziehung der Betriebe bei einer Entsch\u00e4digung ist unabdingbar! Das Wirtschaftswunder im Westen h\u00e4tte sonst vielleicht nicht so schnell stattgefunden. Die Heimkinder arbeiteten schon umsonst bevor die ersten sogenannten \u201eGastarbeiter\u201c ab 1957 angeworben wurden.<\/p>\n<p>Wichtig bleibt auch, dass die Entsch\u00e4digung an dem zugef\u00fcgten Unrecht ankn\u00fcpft und nicht an Folgesch\u00e4den. Es soll eine Art Schmerzensgeld sein, wie f\u00fcr zu Unrecht Inhaftierte. Eine finanzielle Wiedergutmachung, die die Kindheit nicht zur\u00fcck bringt oder Leid und Unrecht ungeschehen machen kann, aber eine Anerkennung der Leiden bedeutet.<\/p>\n<p>Lasst uns gemeinsam die n\u00e4chste Aktion planen- weiter auf dem Weg zu einem Opferentsch\u00e4digungsgesetz.<\/p>\n","protected":false},"excerpt":{"rendered":"<p>Vortrag von Heidrun Dittrich bei VEH e.V und DIE LINKE.<\/p>\n","protected":false},"author":2,"featured_media":15213,"comment_status":"closed","ping_status":"closed","sticky":false,"template":"","format":"standard","meta":[],"categories":[110],"tags":[],"_links":{"self":[{"href":"https:\/\/archiv.sozialismus.info\/maschinenraum\/wp-json\/wp\/v2\/posts\/28398"}],"collection":[{"href":"https:\/\/archiv.sozialismus.info\/maschinenraum\/wp-json\/wp\/v2\/posts"}],"about":[{"href":"https:\/\/archiv.sozialismus.info\/maschinenraum\/wp-json\/wp\/v2\/types\/post"}],"author":[{"embeddable":true,"href":"https:\/\/archiv.sozialismus.info\/maschinenraum\/wp-json\/wp\/v2\/users\/2"}],"replies":[{"embeddable":true,"href":"https:\/\/archiv.sozialismus.info\/maschinenraum\/wp-json\/wp\/v2\/comments?post=28398"}],"version-history":[{"count":0,"href":"https:\/\/archiv.sozialismus.info\/maschinenraum\/wp-json\/wp\/v2\/posts\/28398\/revisions"}],"wp:featuredmedia":[{"embeddable":true,"href":"https:\/\/archiv.sozialismus.info\/maschinenraum\/wp-json\/wp\/v2\/media\/15213"}],"wp:attachment":[{"href":"https:\/\/archiv.sozialismus.info\/maschinenraum\/wp-json\/wp\/v2\/media?parent=28398"}],"wp:term":[{"taxonomy":"category","embeddable":true,"href":"https:\/\/archiv.sozialismus.info\/maschinenraum\/wp-json\/wp\/v2\/categories?post=28398"},{"taxonomy":"post_tag","embeddable":true,"href":"https:\/\/archiv.sozialismus.info\/maschinenraum\/wp-json\/wp\/v2\/tags?post=28398"}],"curies":[{"name":"wp","href":"https:\/\/api.w.org\/{rel}","templated":true}]}}