{"id":27256,"date":"2014-05-15T17:07:11","date_gmt":"2014-05-15T15:07:11","guid":{"rendered":"http:\/\/www.sozialismus.info\/?p=27256"},"modified":"2014-05-27T16:23:13","modified_gmt":"2014-05-27T14:23:13","slug":"erdogan-kapitalismus-toeten-kumpel","status":"publish","type":"post","link":"https:\/\/archiv.sozialismus.info\/maschinenraum\/2014\/05\/erdogan-kapitalismus-toeten-kumpel\/","title":{"rendered":"Erdogan &#038; Kapitalismus t\u00f6ten Kumpel!"},"content":{"rendered":"<p><strong><a href=\"https:\/\/www.archiv.sozialismus.info\/maschinenraum\/wp-content\/uploads\/2014\/05\/soma-e1400165491631.jpg\"><img loading=\"lazy\" class=\"alignleft size-medium wp-image-27257\" alt=\"soma\" src=\"https:\/\/www.archiv.sozialismus.info\/maschinenraum\/wp-content\/uploads\/2014\/05\/soma-121x173.jpg\" width=\"121\" height=\"173\" \/><\/a>Stellungnahme der Sosyalist Alternatif (CWI in der T\u00fcrkei) und der \u00f6sterreichischen SAV-Schwesterorgansiation SLP (leicht gek\u00fcrzt)<\/strong><\/p>\n<p>Die Grubenkatastrophe in Soma (T\u00fcrkei) kostet hunderte Menschenleben. Es ist kein \u201eUngl\u00fcck\u201c, sondern das Ergebnis einer korrupten und profitorientierten Politik und Wirtschaft.<\/p>\n<p><em>von Sosyalist Alternatif und SLP<\/em><\/p>\n<p>In der T\u00fcrkei werden Sicherheitsbestimmungen nicht eingehalten, die Kumpel m\u00fcssen mit veraltetem Ger\u00e4ten arbeiten. Selbst Kinder m\u00fcssen aufgrund der miesen Lohnsituation in den Gruben arbeiten. Die Regierung hat unl\u00e4ngst die \u00dcberpr\u00fcfung der Arbeitsunf\u00e4lle in Soma verhindert. Die Privatisierungspolitik der Vergangenheit hat die Situation in den Gruben massiv verschlechtert. All das f\u00fchrt immer wieder zu Arbeitsunf\u00e4llen und zahlreichen Toten. Die Ereignisse in Soma sind leider nur die Spitze des t\u00f6dlichen Eisberges!<\/p>\n<h4>Was ist notwendig:<\/h4>\n<p>Umgehend m\u00fcssen ALLE Ma\u00dfnahmen umgesetzt werden, um die noch versch\u00fctteten Bergleute zu bergen. Das bedeutet, auch internationale Hilfsangebote anzunehmen. Die Betreiberfirma muss die Kosten in vollem Umfang \u00fcbernehmen.<\/p>\n<p>Bildung einer unabh\u00e4ngigen Untersuchungskommission gebildet aus Besch\u00e4ftigten, Gewerkschaften und Nichtregierungsorganisationen. Volle Transparenz \u2013 alle Informationen m\u00fcssen umgehend \u00f6ffentlich gemacht werden!<\/p>\n<p>Die Verantwortlichen im Unternehmen, aber auch in der Regierung m\u00fcssen zur Verantwortung gezogen werden und haften, auch mit ihrem Privatverm\u00f6gen!<\/p>\n<p>F\u00fcr die \u00dcberlebenden und die Familien der Verstorbenen muss alle m\u00f6gliche \u00e4rztliche Hilfe kostenlos bereitgestellt werden (inkl. psychologischer Betreuung). Die Opfer haben ein Anrecht auf umfassende finanzielle Entsch\u00e4digung!<\/p>\n<p>Schluss mit Leiharbeitsfirmen, deregulierten und flexibilisierten Arbeitsbedingungen. Schluss mit Kinderarbeit. L\u00f6hne, von denen die Kumpel sich und ihre Familien ern\u00e4hren k\u00f6nnen!<\/p>\n<p>Weg mit allen rechtlichen und praktischen Hindernissen f\u00fcr die Mitgliedschaft in Gewerkschaften.<\/p>\n<p>Offenlegung der Finanzen des Unternehmens. Sie haben sich in den letzten Jahren auf Kosten der ArbeiterInnen bereichert \u2013 wo ist das Geld, wer hat profitiert?<\/p>\n<p>Entsch\u00e4digungslose Enteignung und Verstaatlichung der Soma-Holding. Verwaltung und Kontrolle durch Besch\u00e4ftigte und VertreterInnen der Gewerkschaften.<\/p>\n<p>Die Kumpel in Soma brauchen keine inszenierte Staatstrauer, sondern handfeste Hilfe \u2013 bei der Bergung aber vor allem um wirklich Entsch\u00e4digungen zu bekommen und k\u00fcnftig solche Katastrophen zu verhindern!<\/p>\n<h4>#SOMA \u0130\u00c7\u0130N AC\u0130LEN!<\/h4>\n<p>\u0130\u015f\u00e7ilerden, sendika ve demokratik sivil toplum \u00f6rg\u00fctlerinden olu\u015fan, ba\u011f\u0131ms\u0131z bir ara\u015ft\u0131rma komisyonu kurulsun. Her t\u00fcrl\u00fc bulgu an ve an kamuoyuyla \u015feffaf bir bi\u00e7imde payla\u015f\u0131ls\u0131n!<\/p>\n<p>Gerek i\u015fletme sahipleri ve y\u00f6neticileri gerekse h\u00fck\u00fcmet kanad\u0131ndan sorumlular derhal yarg\u0131 \u00f6n\u00fcne \u00e7\u0131kar\u0131ls\u0131n!<\/p>\n<p>Hayatta kalanlar ve \u00f6lenlerin ailelerine t\u0131bbi yard\u0131m ve tedavi sa\u011flans\u0131n ve gerekli maddi tazminat \u00f6densin<\/p>\n<p>Ba\u015fta te\u015feronluk olmak \u00fczere kurals\u0131z ve esnek \u00e7al\u0131\u015fma gibi t\u00fcm neo liberal \u00e7al\u0131\u015fma kurallar\u0131 kald\u0131r\u0131ls\u0131n!<\/p>\n<p>\u00c7ocuk i\u015f\u00e7ili\u011fi kald\u0131r\u0131ls\u0131n; herkes i\u00e7in kendisine ve \u00e7ocuklar\u0131na insanca bir ya\u015fam sa\u011flayacak d\u00fczeyde \u00fccret<\/p>\n<p>Sendikaya \u00fcyeli\u011fin \u00f6n\u00fcndeki yasal ve pratik engeller kald\u0131r\u0131ls\u0131n. Sendika \u00fcyeli\u011fi te\u015fvik edilsin.<\/p>\n<p>Ba\u015fta Enerji Bakan\u0131 ve \u00c7al\u0131\u015fma Bakan\u0131 olmak \u00fczere sorumlu h\u00fck\u00fcmet yetkilileri derhal istifa etsin!<\/p>\n<p>Soma K\u00f6m\u00fcr \u0130\u015fletmelerinin ticari defterleri a\u00e7\u0131ls\u0131n ve son y\u0131llarda i\u015f\u00e7ilerin s\u0131rt\u0131ndan elde ettikleri t\u00fcm karlar i\u015f\u00e7ilere geri iade edilsin!<\/p>\n<p>Soma K\u00f6m\u00fcr \u0130\u015fletmeleri A.\u015e\u2019den ba\u015flayarak t\u00fcm \u00f6zelle\u015ftirilen \u015firketler i\u015f\u00e7ilerin demokratik denetimi ve y\u00f6netimine ge\u00e7mek \u00fczere herhangi bir bedel \u00f6demeden tekrar kamula\u015ft\u0131r\u0131ls\u0131n.<\/p>\n","protected":false},"excerpt":{"rendered":"<p>Stellungnahme der Sosyalist Alternatif (CWI in der T\u00fcrkei) und der \u00f6sterreichischen SAV-Schwesterorgansiation SLP (leicht gek\u00fcrzt)<\/p>\n","protected":false},"author":2,"featured_media":27257,"comment_status":"closed","ping_status":"closed","sticky":false,"template":"","format":"standard","meta":[],"categories":[45],"tags":[329],"_links":{"self":[{"href":"https:\/\/archiv.sozialismus.info\/maschinenraum\/wp-json\/wp\/v2\/posts\/27256"}],"collection":[{"href":"https:\/\/archiv.sozialismus.info\/maschinenraum\/wp-json\/wp\/v2\/posts"}],"about":[{"href":"https:\/\/archiv.sozialismus.info\/maschinenraum\/wp-json\/wp\/v2\/types\/post"}],"author":[{"embeddable":true,"href":"https:\/\/archiv.sozialismus.info\/maschinenraum\/wp-json\/wp\/v2\/users\/2"}],"replies":[{"embeddable":true,"href":"https:\/\/archiv.sozialismus.info\/maschinenraum\/wp-json\/wp\/v2\/comments?post=27256"}],"version-history":[{"count":0,"href":"https:\/\/archiv.sozialismus.info\/maschinenraum\/wp-json\/wp\/v2\/posts\/27256\/revisions"}],"wp:featuredmedia":[{"embeddable":true,"href":"https:\/\/archiv.sozialismus.info\/maschinenraum\/wp-json\/wp\/v2\/media\/27257"}],"wp:attachment":[{"href":"https:\/\/archiv.sozialismus.info\/maschinenraum\/wp-json\/wp\/v2\/media?parent=27256"}],"wp:term":[{"taxonomy":"category","embeddable":true,"href":"https:\/\/archiv.sozialismus.info\/maschinenraum\/wp-json\/wp\/v2\/categories?post=27256"},{"taxonomy":"post_tag","embeddable":true,"href":"https:\/\/archiv.sozialismus.info\/maschinenraum\/wp-json\/wp\/v2\/tags?post=27256"}],"curies":[{"name":"wp","href":"https:\/\/api.w.org\/{rel}","templated":true}]}}