{"id":26926,"date":"2014-03-31T13:45:27","date_gmt":"2014-03-31T11:45:27","guid":{"rendered":"http:\/\/www.sozialismus.info\/?p=26926"},"modified":"2014-04-02T12:16:39","modified_gmt":"2014-04-02T10:16:39","slug":"nie-war-die-akl-so-wichtig-wie-heute","status":"publish","type":"post","link":"https:\/\/archiv.sozialismus.info\/maschinenraum\/2014\/03\/nie-war-die-akl-so-wichtig-wie-heute\/","title":{"rendered":"\u201eNie war die AKL so wichtig, wie heute\u201c"},"content":{"rendered":"<p><strong><a href=\"https:\/\/www.archiv.sozialismus.info\/maschinenraum\/wp-content\/uploads\/2014\/03\/akl.jpg\"><img loading=\"lazy\" class=\"alignleft size-medium wp-image-26927\" alt=\"akl\" src=\"https:\/\/www.archiv.sozialismus.info\/maschinenraum\/wp-content\/uploads\/2014\/03\/akl-e1396266254964-280x173.jpg\" width=\"280\" height=\"173\" srcset=\"https:\/\/archiv.sozialismus.info\/maschinenraum\/wp-content\/uploads\/2014\/03\/akl-e1396266254964-280x173.jpg 280w, https:\/\/archiv.sozialismus.info\/maschinenraum\/wp-content\/uploads\/2014\/03\/akl-e1396266254964-162x100.jpg 162w, https:\/\/archiv.sozialismus.info\/maschinenraum\/wp-content\/uploads\/2014\/03\/akl-e1396266254964-560x345.jpg 560w, https:\/\/archiv.sozialismus.info\/maschinenraum\/wp-content\/uploads\/2014\/03\/akl-e1396266254964.jpg 897w\" sizes=\"(max-width: 280px) 100vw, 280px\" \/><\/a>Antikapitalistische Linke w\u00e4hlt neuen BundessprecherInnenrat<\/strong><\/p>\n<p>\u00a0Am 29. M\u00e4rz tagte der L\u00e4nderrat der Antikapitalistischen Linken (AKL) in Hannover. Circa 30 TeilnehmerInnen aus acht Bundesl\u00e4ndern diskutierten \u00fcber die Entwicklung der Partei DIE LINKE, bilanzierten den Europa-Parteitag, w\u00e4hlten einen neuen BundessprecherInnenrat und beschlossen einige Antr\u00e4ge.<\/p>\n<p>\u00a0Einigkeit bestand darin, dass der Europaparteitag der LINKEN zwar keine qualitative Z\u00e4sur in der Entwicklung der Partei bedeutet, aber doch einen weiteren Schritt in die falsche Richtung. Insbesondere die inhaltlichen Kompromisse, die die anderen linken Parteistr\u00f6mungen \u2013 Sozialistische Linke und Freiheit durch Sozialismus \u2013 eingegangen waren, wurden einhellig als Fehler bilanziert. Thies Gleiss, Bundessprecher der AKL, vertrat die Haltung, dass es f\u00fcr die weitere Entwicklung der Partei besser gewesen w\u00e4re, wenn die eine klare Position einer Kritik an der kapitalistischen EU mit drei\u00dfig Prozent eine Minderheit beim Parteitag geblieben w\u00e4re, aber diese sich dadurch deutlich positioniert h\u00e4tte. Leider war es nur die AKL gewesen, die f\u00fcr eine solche Positionierung geworben hat. Sascha Stanicic, L\u00e4nderrats-Ersatzdelegierter aus Berlin, zog daraus die Schlussfolgerung: \u201eNie war die AKL so wichtig, wie heute.\u201c Dies wurde auch von der Bundestagsabgeordneten Inge H\u00f6ger und anderen TeilnehmerInnen unterstrichen. Viele RednerInnen wiesen darauf hin, dass es ein Fehler ist, wenn die Parteilinke unter dem Motto der Geschlossenheit der Partei wichtige inhaltliche Positionen nicht konsequent vertritt.<\/p>\n<p>\u00a0Dementsprechend stand die Sitzung des AKL L\u00e4nderrats auch im Zeichen der Frage, wie die Str\u00f6mung weiter gest\u00e4rkt werden kann. Positive Berichte gab es unter anderem aus Baden-W\u00fcrttemberg, wo sich die AKL als Landesarbeitsgemeinschaft konstituiert hat, und aus Sachsen-Anhalt, wo eine Gruppe von jungen Parteimitgliedern aus Halle sich der AKL angeschlossen hat. Bez\u00fcglich der weiteren Aktivit\u00e4ten wurden viele Ideen ge\u00e4u\u00dfert, unter anderem die Durchf\u00fchrung von regionalen oder einer bundesweiten gr\u00f6\u00dferen Diskussionskonferenz. Einigkeit bestand aber auch darin, dass die AKL vor Ort in den Parteistrukturen und den au\u00dferparlamentarischen Bewegungen wirken muss, um gest\u00e4rkt zu werden. Dazu ist der anstehende Europawahlkampf eine M\u00f6glichkeit.<\/p>\n<p>\u00a0Diese Ideen gingen als Auftrag an den neu gew\u00e4hlten BundessprecherInnenrat, der aus Heidrun Dittrich (Niedersachsen), Inge H\u00f6ger (NRW), Lucy Redler (Berlin), Mario K\u00fchne (Sachsen-Anhalt), Thies Gleiss (NRW) und Werner Ott (Baden-W\u00fcrttemberg) besteht.<\/p>\n<p>\u00a0Aufgrund der K\u00fcrze der Zeit konnte nicht ausf\u00fchrlich \u00fcber die Vorbereitung der Parteivorstandswahlen beim kommenden LINKE-Bundesparteitag gesprochen werden. Der Aufruf erging an die Landesgruppen der AKL dar\u00fcber zu beraten, ob aus ihren Reihen KandidatInnen f\u00fcr den Vorstand antreten und dies dem BundessprecherInnenrat mitzuteilen. Beschlossen wurde au\u00dferdem eine <a href=\"http:\/\/www.antikapitalistische-linke.de\/?p=380\">Solidarit\u00e4tserkl\u00e4rung an die ver.di Betriebsgruppe der Charit\u00e9<\/a>, die sich in einer Tarifauseinandersetzung f\u00fcr Personalbemessung befindet.<\/p>\n<p>&nbsp;<\/p>\n<p>&nbsp;<\/p>\n","protected":false},"excerpt":{"rendered":"<p>Antikapitalistische Linke w\u00e4hlt neuen BundessprecherInnenrat<\/p>\n","protected":false},"author":2,"featured_media":26927,"comment_status":"closed","ping_status":"closed","sticky":false,"template":"","format":"standard","meta":[],"categories":[25],"tags":[262],"_links":{"self":[{"href":"https:\/\/archiv.sozialismus.info\/maschinenraum\/wp-json\/wp\/v2\/posts\/26926"}],"collection":[{"href":"https:\/\/archiv.sozialismus.info\/maschinenraum\/wp-json\/wp\/v2\/posts"}],"about":[{"href":"https:\/\/archiv.sozialismus.info\/maschinenraum\/wp-json\/wp\/v2\/types\/post"}],"author":[{"embeddable":true,"href":"https:\/\/archiv.sozialismus.info\/maschinenraum\/wp-json\/wp\/v2\/users\/2"}],"replies":[{"embeddable":true,"href":"https:\/\/archiv.sozialismus.info\/maschinenraum\/wp-json\/wp\/v2\/comments?post=26926"}],"version-history":[{"count":0,"href":"https:\/\/archiv.sozialismus.info\/maschinenraum\/wp-json\/wp\/v2\/posts\/26926\/revisions"}],"wp:featuredmedia":[{"embeddable":true,"href":"https:\/\/archiv.sozialismus.info\/maschinenraum\/wp-json\/wp\/v2\/media\/26927"}],"wp:attachment":[{"href":"https:\/\/archiv.sozialismus.info\/maschinenraum\/wp-json\/wp\/v2\/media?parent=26926"}],"wp:term":[{"taxonomy":"category","embeddable":true,"href":"https:\/\/archiv.sozialismus.info\/maschinenraum\/wp-json\/wp\/v2\/categories?post=26926"},{"taxonomy":"post_tag","embeddable":true,"href":"https:\/\/archiv.sozialismus.info\/maschinenraum\/wp-json\/wp\/v2\/tags?post=26926"}],"curies":[{"name":"wp","href":"https:\/\/api.w.org\/{rel}","templated":true}]}}