{"id":26761,"date":"2014-03-12T12:27:08","date_gmt":"2014-03-12T11:27:08","guid":{"rendered":"http:\/\/www.sozialismus.info\/?p=26761"},"modified":"2014-03-18T15:40:31","modified_gmt":"2014-03-18T14:40:31","slug":"alle-fuer-kalle-kalle-fuer-alle","status":"publish","type":"post","link":"https:\/\/archiv.sozialismus.info\/maschinenraum\/2014\/03\/alle-fuer-kalle-kalle-fuer-alle\/","title":{"rendered":"Alle f\u00fcr Kalle \u2013 Kalle f\u00fcr Alle"},"content":{"rendered":"<p><strong><a href=\"https:\/\/www.archiv.sozialismus.info\/maschinenraum\/wp-content\/uploads\/2014\/03\/Verschobenj-e1395153556504.png\"><img loading=\"lazy\" class=\"alignleft size-medium wp-image-26797\" alt=\"Verschobenj\" src=\"https:\/\/www.archiv.sozialismus.info\/maschinenraum\/wp-content\/uploads\/2014\/03\/Verschobenj-e1395153556504-280x173.png\" width=\"280\" height=\"173\" srcset=\"https:\/\/archiv.sozialismus.info\/maschinenraum\/wp-content\/uploads\/2014\/03\/Verschobenj-e1395153556504-280x173.png 280w, https:\/\/archiv.sozialismus.info\/maschinenraum\/wp-content\/uploads\/2014\/03\/Verschobenj-e1395153556504-162x100.png 162w, https:\/\/archiv.sozialismus.info\/maschinenraum\/wp-content\/uploads\/2014\/03\/Verschobenj-e1395153556504-560x345.png 560w, https:\/\/archiv.sozialismus.info\/maschinenraum\/wp-content\/uploads\/2014\/03\/Verschobenj-e1395153556504.png 646w\" sizes=\"(max-width: 280px) 100vw, 280px\" \/><\/a>Zweiten Zwangsr\u00e4umungs-Versuch wieder blockieren!<\/strong><\/p>\n<p><em>Update vom 14. M\u00e4rz: &#8222;Kalle hat Post vom Gerichtsvollzieher bekommen. Der Zwangsr\u00e4umungs-Termin, 18. M\u00e4rz, wurde aufgehoben! Neuer Zwangsr\u00e4umungstermin ist der 16. April, 8:00 Uhr!&#8220;<\/em><\/p>\n<p>Bundesweit hat die Situation von Karl Heinz &#8222;Kalle&#8220; Gerigk in den vergangenen Wochen f\u00fcr Aufmerksamkeit gesorgt: Kalle Gerigk, der seit 32 Jahren eine Dachgeschosswohnung in der Fontanestra\u00dfe in K\u00f6ln bewohnt, sollte nach einer fragw\u00fcrdigen Eigenbedarfsk\u00fcndigung durch den neuen Wohnungseigent\u00fcmer, einem Immobilien-Makler, am 20. Februar zwangsger\u00e4umt werden. Das wurde durch eine Sitzblockade und die gro\u00dfe Solidarit\u00e4t vieler Menschen erfolgreich verhindert.<\/p>\n<p><em>von Georg K\u00fcmmel, K\u00f6ln<\/em><\/p>\n<p>Noch am Nachmittag des selben Tages wurde Kalle durch den Gerichtsvollzieher schriftlich der n\u00e4chste Zwangsr\u00e4umungstermin f\u00fcr den 18. M\u00e4rz angek\u00fcndigt.<\/p>\n<p>Doch der Widerstand gegen diese gewaltsame Form der Verdr\u00e4ngung ist ungebrochen &#8211; die Initiative \u201eRecht auf Stadt\u201c k\u00fcndigte an, auch diesen neuen Versuch, einen angestammten Mieter f\u00fcr die Durchsetzung von Profitinteressen gewaltsam aus seiner\u00a0 Wohnung und seinem Viertel zu vertreiben, zu blockieren.<\/p>\n<p>Die Initiative will auch die politisch Verantwortlichen zur Rede stellen. In einem Offenen Brief an den K\u00f6lner SPD-Fraktionsvorsitzenden B\u00f6rschel schreibt sie:<\/p>\n<p>\u201eWir wollen aber weiter nicht hinnehmen, dass Kalle Gerigk aus seiner Wohnung und seinem Veedel vertrieben wird und weiter nicht hinnehmen, dass er ohne dauerhafte Bleibe w\u00e4re. (&#8230;)<\/p>\n<p>Wir weisen erneut darauf hin, dass die Situation von Kalle Gerigk durchaus symbolisch f\u00fcr die verzweifelte Lage von vielen tausend Menschen in dieser Stadt steht: Mieterinnen und Mieter, die nach einer Mieterh\u00f6hung zwischen Armut und Auszug w\u00e4hlen m\u00fcssen. Menschen, die durch Abriss, Luxussanierung oder Anmeldung von angeblichem Eigenbedarf aus der Wohnung gedr\u00e4ngt werden. Menschen mit Durchschnittseinkommen, die in der Stadt trotz langem Suchen keine bezahlbare Wohnung finden. Studierende, die nicht zum studieren kommen, weil sie f\u00fcr Wuchermieten arbeiten m\u00fcssen und Menschen mit und ohne deutschen Pass, die keine Chance bekommen, aus der Obdachlosigkeit zu gelangen. So kann und darf es nicht weitergehen!\u201c<\/p>\n<p>Das in K\u00f6ln regierende B\u00fcndnis aus SPD und Gr\u00fcnen verspricht, demn\u00e4chst etwas gegen die prek\u00e4re Lage auf dem Wohnungsmarkt tun zu wollen \u2013 und betreibt gleichzeitig die Privatisierung von weiteren Wohnungen. In diesem Fall \u00fcber den geplanten Verkauf der Immobilien-Tochter der Stadtsparkasse an private Investoren.<\/p>\n<p>Die Initiative \u201eRecht auf Stadt\u201c betont, dass die Kampagne \u201eAlle f\u00fcr Kalle\u201c genauso gut \u201eKalle f\u00fcr Alle\u201c bedeutet, weil es hier um die Interessen aller MieterInnen und Wohnungssuchenden geht und ruft auf:<\/p>\n<p>Kommt alle am Dienstag, 18. M\u00e4rz, um 7:00 Uhr in die Fontanestr. im K\u00f6lner Agnesviertel!<\/p>\n","protected":false},"excerpt":{"rendered":"<p>Zweiten Zwangsr\u00e4umungs-Versuch wieder blockieren! Achtung neuer Termin!<\/p>\n","protected":false},"author":2,"featured_media":26797,"comment_status":"closed","ping_status":"closed","sticky":false,"template":"","format":"standard","meta":[],"categories":[55],"tags":[262],"_links":{"self":[{"href":"https:\/\/archiv.sozialismus.info\/maschinenraum\/wp-json\/wp\/v2\/posts\/26761"}],"collection":[{"href":"https:\/\/archiv.sozialismus.info\/maschinenraum\/wp-json\/wp\/v2\/posts"}],"about":[{"href":"https:\/\/archiv.sozialismus.info\/maschinenraum\/wp-json\/wp\/v2\/types\/post"}],"author":[{"embeddable":true,"href":"https:\/\/archiv.sozialismus.info\/maschinenraum\/wp-json\/wp\/v2\/users\/2"}],"replies":[{"embeddable":true,"href":"https:\/\/archiv.sozialismus.info\/maschinenraum\/wp-json\/wp\/v2\/comments?post=26761"}],"version-history":[{"count":0,"href":"https:\/\/archiv.sozialismus.info\/maschinenraum\/wp-json\/wp\/v2\/posts\/26761\/revisions"}],"wp:featuredmedia":[{"embeddable":true,"href":"https:\/\/archiv.sozialismus.info\/maschinenraum\/wp-json\/wp\/v2\/media\/26797"}],"wp:attachment":[{"href":"https:\/\/archiv.sozialismus.info\/maschinenraum\/wp-json\/wp\/v2\/media?parent=26761"}],"wp:term":[{"taxonomy":"category","embeddable":true,"href":"https:\/\/archiv.sozialismus.info\/maschinenraum\/wp-json\/wp\/v2\/categories?post=26761"},{"taxonomy":"post_tag","embeddable":true,"href":"https:\/\/archiv.sozialismus.info\/maschinenraum\/wp-json\/wp\/v2\/tags?post=26761"}],"curies":[{"name":"wp","href":"https:\/\/api.w.org\/{rel}","templated":true}]}}