{"id":26223,"date":"2013-12-01T17:00:02","date_gmt":"2013-12-01T16:00:02","guid":{"rendered":"http:\/\/www.sozialismus.info\/?p=26223"},"modified":"2013-11-28T15:30:17","modified_gmt":"2013-11-28T14:30:17","slug":"wir-haben-den-kapitalismus-satt","status":"publish","type":"post","link":"https:\/\/archiv.sozialismus.info\/maschinenraum\/2013\/12\/wir-haben-den-kapitalismus-satt\/","title":{"rendered":"Wir haben den Kapitalismus satt"},"content":{"rendered":"<p><strong><a href=\"https:\/\/www.archiv.sozialismus.info\/maschinenraum\/wp-content\/uploads\/2013\/11\/Kapitalismus_satt.png\"><img loading=\"lazy\" class=\"alignleft size-medium wp-image-26224\" alt=\"Kapitalismus_satt\" src=\"https:\/\/www.archiv.sozialismus.info\/maschinenraum\/wp-content\/uploads\/2013\/11\/Kapitalismus_satt-280x173.png\" width=\"280\" height=\"173\" srcset=\"https:\/\/archiv.sozialismus.info\/maschinenraum\/wp-content\/uploads\/2013\/11\/Kapitalismus_satt-280x173.png 280w, https:\/\/archiv.sozialismus.info\/maschinenraum\/wp-content\/uploads\/2013\/11\/Kapitalismus_satt-162x100.png 162w, https:\/\/archiv.sozialismus.info\/maschinenraum\/wp-content\/uploads\/2013\/11\/Kapitalismus_satt-560x347.png 560w, https:\/\/archiv.sozialismus.info\/maschinenraum\/wp-content\/uploads\/2013\/11\/Kapitalismus_satt-600x371.png 600w, https:\/\/archiv.sozialismus.info\/maschinenraum\/wp-content\/uploads\/2013\/11\/Kapitalismus_satt-900x556.png 900w, https:\/\/archiv.sozialismus.info\/maschinenraum\/wp-content\/uploads\/2013\/11\/Kapitalismus_satt.png 1149w\" sizes=\"(max-width: 280px) 100vw, 280px\" \/><\/a>Gemeinsam aktiv werden!<\/strong><\/p>\n<p>Trotz eisiger Temperaturen gehen wir diesen Winter zu Zehntausenden auf die Stra\u00dfe: F\u00fcr erneuerbare Energien, f\u00fcr Fl\u00fcchtlingsrechte und f\u00fcr eine gesunde Landwirtschaft. Auch wenn wir daf\u00fcr noch einzeln demonstrieren, hinter den Problemen steht das Profitstreben des Kapitalismus. Den m\u00fcssen wir gemeinsam abschaffen.<\/p>\n<p><em>von Michael Koschitzki, Berlin<\/em><\/p>\n<p>Die Energiepolitik im Interesse der Gro\u00dfkonzerne zu wenden, steht ganz oben auf der Wunschliste der Industrie an die neue Bundesregierung. Im November half der Chemie- und Energiekonzern Evonik diesem Wunsch nochmal mit einer 70.000 Euro Spende an CDU und 90.000 Euro an SPD nach. Gro\u00dfkraftwerke sollen bevorzugt und Energieschleudern entlastet werden, w\u00e4hrend immer noch Atomkraftwerke laufen. Das l\u00e4sst sich die Anti-Atom-Bewegung nicht gefallen und macht beispielsweise mit der \u201eEnergiewende\u201c-Demonstration am 30. November Druck.<\/p>\n<h4>Wir haben die Agrarindustrie satt<\/h4>\n<p>Drei multinationale Unternehmen kontrollieren \u00fcber 50 Prozent des Saatguthandels. Nicht nur die Situation in Deutschland, sondern das weltweite Agieren der Agrarindustrie kritisieren die OrganisatorInnen der \u201eWir haben es satt\u201c-Demonstration am 18. Januar. Zehntausende demonstrieren hier jedes Jahr f\u00fcr gutes Essen und gute Landwirtschaft f\u00fcr alle und weltweit.<\/p>\n<p>Beide Beispiele zeigen: Energie- und Agrarkonzerne geh\u00f6ren enteignet und in demokratische Kontrolle und Verwaltung \u00fcberf\u00fchrt. Daf\u00fcr sollte sich DIE LINKE bei den Demonstrationen stark machen.<\/p>\n<h4>Fluchtursachen<\/h4>\n<p>Ein Thema der \u201eWir haben es satt\u201c-Demonstration ist das sogenannte Land-Grabbing, die Landnahme von Konzernen, um zum Nachteil der regionalen Bev\u00f6lkerung f\u00fcr den Export zu produzieren. Deutsche Unternehmen sind laut der \u201eLand Matrix\u201c vor allem in Afrika aktiv.<\/p>\n<p>Neben den Agrarkonzernen jagen zahlreiche Gro\u00dfm\u00e4chte auf dem afrikanischen Kontinent nach Rohstoffen und Einflussgebieten. Neben wirtschaftlicher und sozialer Not sorgen sie f\u00fcr Kriege und Vertreibungen.<\/p>\n<p>Doch um die deshalb hierher gefl\u00fcchteten Menschen wird sich nicht gek\u00fcmmert. Der Hamburger SPD-Senat beispielsweise weigert sich, Fl\u00fcchtlingen Asyl zu geben. Doch sie haben sich organisiert und begonnen, sich zu wehren. Zehntausende solidarisieren sich mit ihnen unter dem Motto \u201eLampedusa in Hamburg\u201c. An allen vier Adventssamstagen sind Demonstrationen geplant. Am 12. Dezember soll ein Schulstreik f\u00fcr Fl\u00fcchtlingsrechte stattfinden.<\/p>\n<h4>Aktiv werden<\/h4>\n<p>Bundesweit stehen Streikende f\u00fcr ihre Rechte in der K\u00e4lte. Die Besch\u00e4ftigten im Einzelhandel k\u00e4mpfen gegen die K\u00fcndigung der Manteltarifvertr\u00e4ge und gegen radikale Lohnabsenkung. Lasst uns gemeinsam zu Streikposten und den Demonstrationen mobilisieren und den Widerstand gegen die Politik f\u00fcr Banken und Konzerne st\u00e4rken. Aufhalten k\u00f6nnen wir sie nur, wenn wir das System, das hinter ihrem Profitstreben steht, abschaffen: den Kapitalismus. Werde mit uns aktiv f\u00fcr eine sozialistische Demokratie, in der die Wirtschaft demokratisch von unten, nach den Bed\u00fcrfnissen von Mensch, Natur und Umwelt geplant wird.<\/p>\n","protected":false},"excerpt":{"rendered":"<p>Gemeinsam aktiv werden!<\/p>\n","protected":false},"author":2,"featured_media":26224,"comment_status":"closed","ping_status":"closed","sticky":false,"template":"","format":"standard","meta":[],"categories":[4,115,116],"tags":[349],"_links":{"self":[{"href":"https:\/\/archiv.sozialismus.info\/maschinenraum\/wp-json\/wp\/v2\/posts\/26223"}],"collection":[{"href":"https:\/\/archiv.sozialismus.info\/maschinenraum\/wp-json\/wp\/v2\/posts"}],"about":[{"href":"https:\/\/archiv.sozialismus.info\/maschinenraum\/wp-json\/wp\/v2\/types\/post"}],"author":[{"embeddable":true,"href":"https:\/\/archiv.sozialismus.info\/maschinenraum\/wp-json\/wp\/v2\/users\/2"}],"replies":[{"embeddable":true,"href":"https:\/\/archiv.sozialismus.info\/maschinenraum\/wp-json\/wp\/v2\/comments?post=26223"}],"version-history":[{"count":0,"href":"https:\/\/archiv.sozialismus.info\/maschinenraum\/wp-json\/wp\/v2\/posts\/26223\/revisions"}],"wp:featuredmedia":[{"embeddable":true,"href":"https:\/\/archiv.sozialismus.info\/maschinenraum\/wp-json\/wp\/v2\/media\/26224"}],"wp:attachment":[{"href":"https:\/\/archiv.sozialismus.info\/maschinenraum\/wp-json\/wp\/v2\/media?parent=26223"}],"wp:term":[{"taxonomy":"category","embeddable":true,"href":"https:\/\/archiv.sozialismus.info\/maschinenraum\/wp-json\/wp\/v2\/categories?post=26223"},{"taxonomy":"post_tag","embeddable":true,"href":"https:\/\/archiv.sozialismus.info\/maschinenraum\/wp-json\/wp\/v2\/tags?post=26223"}],"curies":[{"name":"wp","href":"https:\/\/api.w.org\/{rel}","templated":true}]}}