{"id":25821,"date":"2013-09-11T11:41:33","date_gmt":"2013-09-11T09:41:33","guid":{"rendered":"http:\/\/www.sozialismus.info\/?p=25821"},"modified":"2013-09-11T11:47:41","modified_gmt":"2013-09-11T09:47:41","slug":"solidaritaet-mit-den-protesten-der-kolleginnen-in-oesterreich","status":"publish","type":"post","link":"https:\/\/archiv.sozialismus.info\/maschinenraum\/2013\/09\/solidaritaet-mit-den-protesten-der-kolleginnen-in-oesterreich\/","title":{"rendered":"Solidarit\u00e4t mit den Protesten der KollegInnen in \u00d6sterreich!"},"content":{"rendered":"<p><strong>dokumentiert: Erkl\u00e4rung der \u201eInitiative gegen die massiven Verschlechterungen f\u00fcr neu eingestellte Lehrerinnen und Lehrer in NRW\u201c (kurz: \u201eK\u00f6lner INI\u201c)<\/strong><\/p>\n<p>[wpfilebase tag=file id=1872 \/]<\/p>\n","protected":false},"excerpt":{"rendered":"<p>dokumentiert: Erkl\u00e4rung der K\u00f6lner Ini<\/p>\n","protected":false},"author":2,"featured_media":25823,"comment_status":"closed","ping_status":"closed","sticky":false,"template":"","format":"standard","meta":[],"categories":[17],"tags":[344],"_links":{"self":[{"href":"https:\/\/archiv.sozialismus.info\/maschinenraum\/wp-json\/wp\/v2\/posts\/25821"}],"collection":[{"href":"https:\/\/archiv.sozialismus.info\/maschinenraum\/wp-json\/wp\/v2\/posts"}],"about":[{"href":"https:\/\/archiv.sozialismus.info\/maschinenraum\/wp-json\/wp\/v2\/types\/post"}],"author":[{"embeddable":true,"href":"https:\/\/archiv.sozialismus.info\/maschinenraum\/wp-json\/wp\/v2\/users\/2"}],"replies":[{"embeddable":true,"href":"https:\/\/archiv.sozialismus.info\/maschinenraum\/wp-json\/wp\/v2\/comments?post=25821"}],"version-history":[{"count":0,"href":"https:\/\/archiv.sozialismus.info\/maschinenraum\/wp-json\/wp\/v2\/posts\/25821\/revisions"}],"wp:featuredmedia":[{"embeddable":true,"href":"https:\/\/archiv.sozialismus.info\/maschinenraum\/wp-json\/wp\/v2\/media\/25823"}],"wp:attachment":[{"href":"https:\/\/archiv.sozialismus.info\/maschinenraum\/wp-json\/wp\/v2\/media?parent=25821"}],"wp:term":[{"taxonomy":"category","embeddable":true,"href":"https:\/\/archiv.sozialismus.info\/maschinenraum\/wp-json\/wp\/v2\/categories?post=25821"},{"taxonomy":"post_tag","embeddable":true,"href":"https:\/\/archiv.sozialismus.info\/maschinenraum\/wp-json\/wp\/v2\/tags?post=25821"}],"curies":[{"name":"wp","href":"https:\/\/api.w.org\/{rel}","templated":true}]}}