{"id":25288,"date":"2013-07-13T17:00:43","date_gmt":"2013-07-13T15:00:43","guid":{"rendered":"http:\/\/www.sozialismus.info\/?p=25288"},"modified":"2013-07-13T19:04:26","modified_gmt":"2013-07-13T17:04:26","slug":"droht-eine-welle-von-auslagerungen","status":"publish","type":"post","link":"https:\/\/archiv.sozialismus.info\/maschinenraum\/2013\/07\/droht-eine-welle-von-auslagerungen\/","title":{"rendered":"Droht eine Welle von Auslagerungen?"},"content":{"rendered":"<figure id=\"attachment_22766\" aria-describedby=\"caption-attachment-22766\" style=\"width: 277px\" class=\"wp-caption alignleft\"><a href=\"https:\/\/www.archiv.sozialismus.info\/maschinenraum\/wp-content\/uploads\/2012\/11\/1491366554_2b9079df03_o-e1352290845859.jpg\"><img loading=\"lazy\" class=\"size-medium wp-image-22766\" alt=\"Foto: http:\/\/www.flickr.com\/photos\/pansonaut\/ CC BY-NC-SA 2.0\" src=\"https:\/\/www.archiv.sozialismus.info\/maschinenraum\/wp-content\/uploads\/2012\/11\/1491366554_2b9079df03_o-e1352290845859-277x173.jpg\" width=\"277\" height=\"173\" srcset=\"https:\/\/archiv.sozialismus.info\/maschinenraum\/wp-content\/uploads\/2012\/11\/1491366554_2b9079df03_o-e1352290845859-277x173.jpg 277w, https:\/\/archiv.sozialismus.info\/maschinenraum\/wp-content\/uploads\/2012\/11\/1491366554_2b9079df03_o-e1352290845859-162x100.jpg 162w, https:\/\/archiv.sozialismus.info\/maschinenraum\/wp-content\/uploads\/2012\/11\/1491366554_2b9079df03_o-e1352290845859.jpg 492w\" sizes=\"(max-width: 277px) 100vw, 277px\" \/><\/a><figcaption id=\"caption-attachment-22766\" class=\"wp-caption-text\">Foto: http:\/\/www.flickr.com\/photos\/pansonaut\/ CC BY-NC-SA 2.0<\/figcaption><\/figure>\n<p><em>Wir dokumentieren hier einen Artikel aus der &#8222;<a href=\"http:\/\/www.alternative-berlin.de\/\">Alternative<\/a>&#8220; Nr. 42 vom 18. Juni 2013.<\/em><\/p>\n<p>&nbsp;<\/p>\n<p><strong>Bis 2014 sollen bei Mercedes 2 Milliarden Euro \u201egespart\u201c werden. Daf\u00fcr haben die MPS-Kr\u00e4fte bei uns in Marienfelde und in den anderen Daimler-Werken jeden Stein umgedreht \u2013 und dem Vorstand in Stuttgart Bericht erstattet. Mittlerweile wissen wir mehr: Die Herren Zetsche und Co. wollen die Stammbelegschaft reduzieren und in gro\u00dfem Stil auf Werkvertr\u00e4ge setzen.<\/strong><\/p>\n<p>Am 22. Mai schrieb die \u201eFrankfurter Allgemeine Zeitung\u201c: <em>\u201eInzwischen wird klar, dass es bei dem Sparpaket auch darum geht, einen Teil der intern bei Daimler erledigten und meist hochbezahlten Arbeit auf billigere externe Anbieter zu \u00fcbertragen.\u201c<\/em> Toll, dass wir das auch noch aus der Presse erfahren.<\/p>\n<p>Im Mai gab es dazu auch ein Schreiben des Gesamtbetriebsrates (GBR) an die Besch\u00e4ftigten: <em>\u201eUm zum Wettbewerb aufzuschlie\u00dfen, will der Vorstand k\u00fcnftig verst\u00e4rkt Aufgaben im Dienstleistungs-, Logistik- und Entwicklungsbereich fremd vergeben. Das Unternehmen orientiert sich dabei an Wettbewerbern, bei denen in einzelnen Werken \u00fcber 50 % der Wertsch\u00f6pfung durch Fremdfirmen erbracht wird.\u201c<\/em><\/p>\n<p>Weiter meinen Klemm und Brecht vom GBR: <em>\u201eErgebnis einer solchen Unternehmenspolitik w\u00e4re, dass Fremdfirmen unreguliert bei Daimler auf dem Werkgel\u00e4nde \u2013 in unseren Fabriken und B\u00fcros \u2013 agieren und Stammbelegschaft ersetzt wird.\u201c<\/em><\/p>\n<p>&nbsp;<\/p>\n<p><strong>H\u00f6chste Zeit, dagegen aktiv zu werden:<\/strong><\/p>\n<ul>\n<li>Nein zum Missbrauch von Werkvertr\u00e4gen<\/li>\n<\/ul>\n<ul>\n<li>Verbot von Leiharbeit \u2013 DGB-Tarifvertr\u00e4ge mit Zeitarbeitsfirmen ersatzlos k\u00fcndigen<\/li>\n<\/ul>\n<ul>\n<li>Betriebsr\u00e4te sollten gegen alle Werkvertr\u00e4ge klagen, durch die aufgrund der ausgef\u00fchrten T\u00e4tigkeiten Arbeitsverh\u00e4ltnisse direkt bei Daimler entstehen. Stattdessen sollte f\u00fcr Festeinstellungen gek\u00e4mpft werden<\/li>\n<\/ul>\n<ul>\n<li>\u00a0F\u00fcr eine breite, \u00f6ffentliche Kampagne von IG Metall und DGB gegen Auslagerung, Werkvertr\u00e4ge und Leiharbeit<\/li>\n<\/ul>\n<ul>\n<li>F\u00fcr ein tarifvertraglich gesichertes Veto-Recht gegen Werkvertrags-Missbrauch<\/li>\n<\/ul>\n<ul>\n<li>Gegen Arbeitnehmer 2. und 3. Klasse: Wer auf dem Daimler-Gel\u00e4nde arbeitet, muss auch Daimler-Lohn bekommen<\/li>\n<\/ul>\n<p>&nbsp;<\/p>\n<p><a href=\"http:\/\/www.alternative-berlin.de\/\">www.alternative-berlin.de<\/a><\/p>\n<p>&nbsp;<\/p>\n<p>&nbsp;<\/p>\n","protected":false},"excerpt":{"rendered":"<p>Bis 2014 sollen bei Mercedes 2 Milliarden Euro \u201egespart\u201c werden.<\/p>\n","protected":false},"author":2,"featured_media":22766,"comment_status":"closed","ping_status":"closed","sticky":false,"template":"","format":"standard","meta":[],"categories":[10],"tags":[],"_links":{"self":[{"href":"https:\/\/archiv.sozialismus.info\/maschinenraum\/wp-json\/wp\/v2\/posts\/25288"}],"collection":[{"href":"https:\/\/archiv.sozialismus.info\/maschinenraum\/wp-json\/wp\/v2\/posts"}],"about":[{"href":"https:\/\/archiv.sozialismus.info\/maschinenraum\/wp-json\/wp\/v2\/types\/post"}],"author":[{"embeddable":true,"href":"https:\/\/archiv.sozialismus.info\/maschinenraum\/wp-json\/wp\/v2\/users\/2"}],"replies":[{"embeddable":true,"href":"https:\/\/archiv.sozialismus.info\/maschinenraum\/wp-json\/wp\/v2\/comments?post=25288"}],"version-history":[{"count":0,"href":"https:\/\/archiv.sozialismus.info\/maschinenraum\/wp-json\/wp\/v2\/posts\/25288\/revisions"}],"wp:featuredmedia":[{"embeddable":true,"href":"https:\/\/archiv.sozialismus.info\/maschinenraum\/wp-json\/wp\/v2\/media\/22766"}],"wp:attachment":[{"href":"https:\/\/archiv.sozialismus.info\/maschinenraum\/wp-json\/wp\/v2\/media?parent=25288"}],"wp:term":[{"taxonomy":"category","embeddable":true,"href":"https:\/\/archiv.sozialismus.info\/maschinenraum\/wp-json\/wp\/v2\/categories?post=25288"},{"taxonomy":"post_tag","embeddable":true,"href":"https:\/\/archiv.sozialismus.info\/maschinenraum\/wp-json\/wp\/v2\/tags?post=25288"}],"curies":[{"name":"wp","href":"https:\/\/api.w.org\/{rel}","templated":true}]}}