{"id":25094,"date":"2013-06-25T10:22:16","date_gmt":"2013-06-25T08:22:16","guid":{"rendered":"http:\/\/www.sozialismus.info\/?p=25094"},"modified":"2013-07-09T09:29:36","modified_gmt":"2013-07-09T07:29:36","slug":"ueberall-ist-taksim-ueberall-ist-sao-paulo","status":"publish","type":"post","link":"https:\/\/archiv.sozialismus.info\/maschinenraum\/2013\/06\/ueberall-ist-taksim-ueberall-ist-sao-paulo\/","title":{"rendered":"&#8222;\u00dcberall ist Taksim, \u00fcberall ist Sao Paulo&#8220;"},"content":{"rendered":"<p><strong><a href=\"https:\/\/www.archiv.sozialismus.info\/maschinenraum\/wp-content\/uploads\/2013\/06\/demo_koeln.jpg\"><img loading=\"lazy\" class=\"alignleft size-medium wp-image-25095\" alt=\"demo_koeln\" src=\"https:\/\/www.archiv.sozialismus.info\/maschinenraum\/wp-content\/uploads\/2013\/06\/demo_koeln-e1373354964975-280x173.jpg\" width=\"280\" height=\"173\" srcset=\"https:\/\/archiv.sozialismus.info\/maschinenraum\/wp-content\/uploads\/2013\/06\/demo_koeln-e1373354964975-280x173.jpg 280w, https:\/\/archiv.sozialismus.info\/maschinenraum\/wp-content\/uploads\/2013\/06\/demo_koeln-e1373354964975-162x100.jpg 162w, https:\/\/archiv.sozialismus.info\/maschinenraum\/wp-content\/uploads\/2013\/06\/demo_koeln-e1373354964975-560x345.jpg 560w, https:\/\/archiv.sozialismus.info\/maschinenraum\/wp-content\/uploads\/2013\/06\/demo_koeln-e1373354964975.jpg 640w\" sizes=\"(max-width: 280px) 100vw, 280px\" \/><\/a>Internationale Solidarit\u00e4t in K\u00f6ln<\/strong><\/p>\n<p>80.000 Menschen zeigten am Samstag, den 22. Juni auf dem K\u00f6lner Heumarkt ihre Solidarit\u00e4t mit der Bewegung in der T\u00fcrkei und verurteilten die brutalen Repressionen seitens der Regierung Recep Tayyip Erdogans.<\/p>\n<p><em>von Conny Dahmen, K\u00f6ln<\/em><\/p>\n<p>Aus vielen deutschen Orten, aber auch aus der Schweiz und \u00d6sterreich waren Menschen angereist, der Platz war bunt von Transparenten, Schildern und Fahnen.<\/p>\n<p>RednerInnen forderten den R\u00fccktritt Erdogans und sofortige Neuwahlen. Die Kundgebung stand unter dem Motto \u201e\u00dcberall ist Taksim\u201c. Die TeilnehmerInnen der Kundgebung hielten unter anderem eine Schweigeminute ab \u201ef\u00fcr alle, die ihr Leben f\u00fcr Freiheit und Demokratie geopfert haben\u201c.<\/p>\n<p>Die SAV war mit 16 Mitgliedern und einem Infotisch dabei und konnte fast 500 Euro f\u00fcr die Arbeit unserer Schwesterorganisation in der T\u00fcrkei und f\u00fcr unsere Aktivit\u00e4ten in der Bundesrepublik sammeln.<\/p>\n<p>Obwohl die Organisatoren von der Alevitischen Gemeinde Deutschland eine Demonstration durch die K\u00f6lner Innenstadt wegen Fehlplanungen der Route leider abgesagt hatten, zogen um die tausend TeilnehmerInnen spontan durch das Stadtzentrum. Am K\u00f6lner Hauptbahnhof, wo gleichzeitig eine Solidarit\u00e4tsaktion von brasilianischen Gruppen mit den dortigen Protesten stattfand, gab es dann eine kurze gemeinsame Aktion: \u201e\u00dcberall ist Taksim, \u00fcberall ist S\u00e3o Paulo, \u00fcberall ist Widerstand!\u201c<\/p>\n<p>Auch die 300 DemonstrantInnen, die nach dem Aufruf des B\u00fcndnisses \u201eRecht auf Stadt\u201c am Rudolfplatz gegen Wohnungsmangel auf die Stra\u00dfe gingen, hatten sich nach einer Kundgebung der Solidarit\u00e4tsaktion auf dem Heumarkt angeschlossen.<\/p>\n<p>Am Abend bildete ein Solidarit\u00e4tskonzert auf dem K\u00f6lner Roncalliplatz den Abschluss, wo unter anderem die linke t\u00fcrkische Band Bandista auftrat.<\/p>\n","protected":false},"excerpt":{"rendered":"<p>Internationale Solidarit\u00e4t in K\u00f6ln<\/p>\n","protected":false},"author":2,"featured_media":25095,"comment_status":"closed","ping_status":"closed","sticky":false,"template":"","format":"standard","meta":[],"categories":[45],"tags":[262,336],"_links":{"self":[{"href":"https:\/\/archiv.sozialismus.info\/maschinenraum\/wp-json\/wp\/v2\/posts\/25094"}],"collection":[{"href":"https:\/\/archiv.sozialismus.info\/maschinenraum\/wp-json\/wp\/v2\/posts"}],"about":[{"href":"https:\/\/archiv.sozialismus.info\/maschinenraum\/wp-json\/wp\/v2\/types\/post"}],"author":[{"embeddable":true,"href":"https:\/\/archiv.sozialismus.info\/maschinenraum\/wp-json\/wp\/v2\/users\/2"}],"replies":[{"embeddable":true,"href":"https:\/\/archiv.sozialismus.info\/maschinenraum\/wp-json\/wp\/v2\/comments?post=25094"}],"version-history":[{"count":0,"href":"https:\/\/archiv.sozialismus.info\/maschinenraum\/wp-json\/wp\/v2\/posts\/25094\/revisions"}],"wp:featuredmedia":[{"embeddable":true,"href":"https:\/\/archiv.sozialismus.info\/maschinenraum\/wp-json\/wp\/v2\/media\/25095"}],"wp:attachment":[{"href":"https:\/\/archiv.sozialismus.info\/maschinenraum\/wp-json\/wp\/v2\/media?parent=25094"}],"wp:term":[{"taxonomy":"category","embeddable":true,"href":"https:\/\/archiv.sozialismus.info\/maschinenraum\/wp-json\/wp\/v2\/categories?post=25094"},{"taxonomy":"post_tag","embeddable":true,"href":"https:\/\/archiv.sozialismus.info\/maschinenraum\/wp-json\/wp\/v2\/tags?post=25094"}],"curies":[{"name":"wp","href":"https:\/\/api.w.org\/{rel}","templated":true}]}}