{"id":24441,"date":"2013-04-16T13:31:27","date_gmt":"2013-04-16T11:31:27","guid":{"rendered":"http:\/\/www.sozialismus.info\/?p=24441"},"modified":"2013-04-16T13:31:27","modified_gmt":"2013-04-16T11:31:27","slug":"bremerhavener-schuelerinnen-gehen-fuer-bessere-bildung-und-mehr-lehrerinnen-auf-die-strasse","status":"publish","type":"post","link":"https:\/\/archiv.sozialismus.info\/maschinenraum\/2013\/04\/bremerhavener-schuelerinnen-gehen-fuer-bessere-bildung-und-mehr-lehrerinnen-auf-die-strasse\/","title":{"rendered":"Bremerhavener Sch\u00fclerInnen gehen f\u00fcr bessere Bildung und mehr LehrerInnen auf die Stra\u00dfe!"},"content":{"rendered":"<p><strong><a href=\"https:\/\/www.archiv.sozialismus.info\/maschinenraum\/wp-content\/uploads\/2013\/04\/CIMG1002.jpg\"><img loading=\"lazy\" class=\"alignleft size-medium wp-image-24442\" alt=\"Bremerhaven Sch\u00fclerstreik\" src=\"https:\/\/www.archiv.sozialismus.info\/maschinenraum\/wp-content\/uploads\/2013\/04\/CIMG1002-e1366110331884-280x173.jpg\" width=\"280\" height=\"173\" srcset=\"https:\/\/archiv.sozialismus.info\/maschinenraum\/wp-content\/uploads\/2013\/04\/CIMG1002-e1366110331884-280x173.jpg 280w, https:\/\/archiv.sozialismus.info\/maschinenraum\/wp-content\/uploads\/2013\/04\/CIMG1002-e1366110331884-162x100.jpg 162w, https:\/\/archiv.sozialismus.info\/maschinenraum\/wp-content\/uploads\/2013\/04\/CIMG1002-e1366110331884-560x345.jpg 560w, https:\/\/archiv.sozialismus.info\/maschinenraum\/wp-content\/uploads\/2013\/04\/CIMG1002-e1366110331884.jpg 2048w\" sizes=\"(max-width: 280px) 100vw, 280px\" \/><\/a>Am Freitag, den 12. April 2013 veranstalteten die Sch\u00fclerInnen der Bremerhavener Lehranstalten f\u00fcr Soziales und Hauswirtschaft (LSH) eine Demonstration unter der dem Motto \u201eWir wollen mehr am Meer! \u2013 Bremerhavens Schulen fordern mehr Geld\u201c. An dieser Demonstration beteiligten sich ca. 3000 Sch\u00fclerInnen und LehrerInnen aller Bremerhavener Schulen.<\/strong><\/p>\n<p><em>von Silja Rehmke und Lukas Z\u00f6belein, Mitglieder von Linksjugend [\u00b4solid] Basisgruppe Bremerhaven und SAV<\/em><\/p>\n<p>Aus Anlass der prek\u00e4ren Situation an den Bremerhavener Schulen war diese Demo l\u00e4ngst \u00fcberf\u00e4llig. Das Lehrmaterial ist veraltet, die Schulgeb\u00e4ude verfallen und das Wichtigste: Es gibt viel zu wenig LehrerInnen und dadurch immer mehr Ausfall von Unterrichtseinheiten. Deshalb fordert die LehrerInnen-Gewerkschaft GEW (Gewerkschaft Erziehung und Wissenschaft) die Neueinstellung von 170 LehrerInnen um den Bildungssektor in Bremerhaven \u00fcberhaupt am Laufen halten zu k\u00f6nnen. Zu dieser Forderung hat sich der Senat Ende des letzten Jahres folgenderma\u00dfen verhalten: Ab 2014 sollen 40 LehrerInnen neu eingestellt werden. Dies bedeutet aber faktisch eine K\u00fcrzung von 20 LehrerInnen-Stellen, da allein in diesem Sommer 60 LehrerInnen in Pension gehen. Der Stadt-Sch\u00fclerInnen-Ring (SSR) hat diese Forderung \u00fcbernommen.<\/p>\n<p>Wir sind der Meinung, dass f\u00fcr die Durchf\u00fchrung der Schulreform, die auch die Inklusion beinhaltet, 200 neue LehrerInnen ben\u00f6tigt werden. Au\u00dferdem fordern wir eine r\u00fcckwirkende Anpassung der Bildungsausgaben an die Inflationsrate, da seit dem Jahr 1995 die Pro-Kopf-Ausgaben pro Sch\u00fclerIn kaum gestiegen sind. Eine nachtr\u00e4gliche Anpassung ab dem Jahr 1996 und ein Vorgriff auf das Jahr 2014 w\u00fcrde dann 45% mehr Geld f\u00fcr den Bremerhavener Bildungssektor bedeuten.<\/p>\n<p>Innerhalb von zwei Wochen wurde die Demonstration von den Sch\u00fclerInnen der LSH selbst\u00e4ndig organisiert und an den anderen Schulen daf\u00fcr mobilisiert. Trotz geringer Verankerung des Thematik an den Schulen und einem geringen Organisationsgrad der Sch\u00fclerInnen an den Schulen gelang es innerhalb k\u00fcrzester Zeit ca. 3000 Sch\u00fclerInnen auf die Stra\u00dfe zu bringen. Das ist klar als Erfolg zu werten!<\/p>\n<p>Wir von der Linksjugend [&#8217;solid] arbeiten seit mehreren Wochen mit dem SSR zusammen und haben \u00fcber diese Zusammenarbeit von der Entstehung dieser neuen Sch\u00fclerInnenbewegung erfahren. F\u00fcr die Demo wurde \u00fcber mehrere Wochen geworben. An der Mobilisierung haben wir uns aktiv beteiligt. Dazu haben wir Infomaterial erstellt und auch schon im Vorfeld der Demo verteilt. Wir konnten die Erfahrung machen, dass unser Material von den Sch\u00fclerInnen positiv und mit Interesse angenommen wurde.<\/p>\n<p>Die Offenheit, unseren politischen Ideen gegen\u00fcber, zeigt, dass ein Potential f\u00fcr die Entwicklung eines politischen Bewusstseins vorhanden ist. Die Entwicklung von politischem Bewusstsein ist besonders in dieser Zeit tiefer politischer und sozialer Krise f\u00fcr den Erfolg der Bewegung dringend notwendig, um die Forderungen der Sch\u00fclerinnen durchzusetzen.<\/p>\n<p align=\"center\"><object width=\"400\" height=\"267\" classid=\"clsid:d27cdb6e-ae6d-11cf-96b8-444553540000\" codebase=\"http:\/\/download.macromedia.com\/pub\/shockwave\/cabs\/flash\/swflash.cab#version=6,0,40,0\"><param name=\"src\" value=\"https:\/\/picasaweb.google.com\/s\/c\/bin\/slideshow.swf\" \/><param name=\"flashvars\" value=\"host=picasaweb.google.com&amp;hl=de&amp;feat=flashalbum&amp;RGB=0x000000&amp;feed=https%3A%2F%2Fpicasaweb.google.com%2Fdata%2Ffeed%2Fapi%2Fuser%2F102458489215897250915%2Falbumid%2F5867400066991205057%3Falt%3Drss%26kind%3Dphoto%26hl%3Dde\" \/><param name=\"pluginspage\" value=\"http:\/\/www.macromedia.com\/go\/getflashplayer\" \/><embed width=\"400\" height=\"267\" type=\"application\/x-shockwave-flash\" src=\"https:\/\/picasaweb.google.com\/s\/c\/bin\/slideshow.swf\" flashvars=\"host=picasaweb.google.com&amp;hl=de&amp;feat=flashalbum&amp;RGB=0x000000&amp;feed=https%3A%2F%2Fpicasaweb.google.com%2Fdata%2Ffeed%2Fapi%2Fuser%2F102458489215897250915%2Falbumid%2F5867400066991205057%3Falt%3Drss%26kind%3Dphoto%26hl%3Dde\" pluginspage=\"http:\/\/www.macromedia.com\/go\/getflashplayer\" \/><\/object><\/p>\n<p>Wir sind der Meinung, dass der Druck auf den Senat sowohl durch weitere Aktionen als auch durch die Verkn\u00fcpfung der Bewegung mit politischen Forderungen aufrechterhalten werden muss. Ein erster Schritt dahin, ist der Versuch des SSR \u00fcber ein Aktionsb\u00fcndnis die Selbstorganisation der Sch\u00fclerInnen voranzutreiben und weitere Aktionen zu planen. Am 02. Mai ist zudem eine weitere Demo geplant, die der SSR, die LehrerInnen-Gewerkschaft GEW und die Schulleitungen vorbereiten.<\/p>\n<p>Wir sehen es als unsere Aufgabe diese Bewegung weiterhin zu unterst\u00fctzen und zu politisieren und einen Teil dazu beizutragen, dass mehr Geld f\u00fcr die Bildung bereit gestellt wird.<\/p>\n","protected":false},"excerpt":{"rendered":"<p>&#8222;Wir wollen mehr am Meer!&#8220;<\/p>\n","protected":false},"author":2,"featured_media":24442,"comment_status":"closed","ping_status":"closed","sticky":false,"template":"","format":"standard","meta":[],"categories":[50],"tags":[262],"_links":{"self":[{"href":"https:\/\/archiv.sozialismus.info\/maschinenraum\/wp-json\/wp\/v2\/posts\/24441"}],"collection":[{"href":"https:\/\/archiv.sozialismus.info\/maschinenraum\/wp-json\/wp\/v2\/posts"}],"about":[{"href":"https:\/\/archiv.sozialismus.info\/maschinenraum\/wp-json\/wp\/v2\/types\/post"}],"author":[{"embeddable":true,"href":"https:\/\/archiv.sozialismus.info\/maschinenraum\/wp-json\/wp\/v2\/users\/2"}],"replies":[{"embeddable":true,"href":"https:\/\/archiv.sozialismus.info\/maschinenraum\/wp-json\/wp\/v2\/comments?post=24441"}],"version-history":[{"count":0,"href":"https:\/\/archiv.sozialismus.info\/maschinenraum\/wp-json\/wp\/v2\/posts\/24441\/revisions"}],"wp:featuredmedia":[{"embeddable":true,"href":"https:\/\/archiv.sozialismus.info\/maschinenraum\/wp-json\/wp\/v2\/media\/24442"}],"wp:attachment":[{"href":"https:\/\/archiv.sozialismus.info\/maschinenraum\/wp-json\/wp\/v2\/media?parent=24441"}],"wp:term":[{"taxonomy":"category","embeddable":true,"href":"https:\/\/archiv.sozialismus.info\/maschinenraum\/wp-json\/wp\/v2\/categories?post=24441"},{"taxonomy":"post_tag","embeddable":true,"href":"https:\/\/archiv.sozialismus.info\/maschinenraum\/wp-json\/wp\/v2\/tags?post=24441"}],"curies":[{"name":"wp","href":"https:\/\/api.w.org\/{rel}","templated":true}]}}