{"id":22646,"date":"2012-11-04T10:00:35","date_gmt":"2012-11-04T09:00:35","guid":{"rendered":"http:\/\/www.sozialismus.info\/?p=22646"},"modified":"2012-11-05T12:37:09","modified_gmt":"2012-11-05T11:37:09","slug":"nsu-terrorgruppe-ein-jahr-nach-der-aufdeckung","status":"publish","type":"post","link":"https:\/\/archiv.sozialismus.info\/maschinenraum\/2012\/11\/nsu-terrorgruppe-ein-jahr-nach-der-aufdeckung\/","title":{"rendered":"NSU-Terrorgruppe: Ein Jahr nach der Aufdeckung"},"content":{"rendered":"<p><strong><a href=\"https:\/\/www.archiv.sozialismus.info\/maschinenraum\/wp-content\/uploads\/2012\/11\/2011-12-Verfassungsschutz_Plakat.png\"><img loading=\"lazy\" class=\"alignleft size-medium wp-image-22653\" title=\"2011-12-Verfassungsschutz_Plakat\" src=\"https:\/\/www.archiv.sozialismus.info\/maschinenraum\/wp-content\/uploads\/2012\/11\/2011-12-Verfassungsschutz_Plakat-e1351775698964-280x173.png\" alt=\"\" width=\"280\" height=\"173\" srcset=\"https:\/\/archiv.sozialismus.info\/maschinenraum\/wp-content\/uploads\/2012\/11\/2011-12-Verfassungsschutz_Plakat-e1351775698964-280x173.png 280w, https:\/\/archiv.sozialismus.info\/maschinenraum\/wp-content\/uploads\/2012\/11\/2011-12-Verfassungsschutz_Plakat-e1351775698964-162x100.png 162w, https:\/\/archiv.sozialismus.info\/maschinenraum\/wp-content\/uploads\/2012\/11\/2011-12-Verfassungsschutz_Plakat-e1351775698964.png 512w\" sizes=\"(max-width: 280px) 100vw, 280px\" \/><\/a>Dossier zu den Hintergr\u00fcnden von Faschisten, Verfassungsschutz und Rassismus<\/strong><\/p>\n<p>Am 4. November 2011 starben Mundlos und B\u00f6hnhardt. Beate Zsch\u00e4pe stellte sich der Polizei. Die Drei waren Mitglieder der faschistischen Terror-Gruppe Nationalsozialistischer Untergrund NSU. Sie sind mindestens verantwortlich f\u00fcr ein Bombenattentat und zehn Morde.<\/p>\n<p>Seit dem die Hintergr\u00fcnde ans Licht kamen, verging kaum ein Monat ohne neue Enth\u00fcllungen und Skandale \u00fcber die Verwicklung von Staat und Nazis sowie Nachl\u00e4ssigkeit gegen\u00fcber der NSU. Akten wurden vernichtet, Unterst\u00fctzer der NSU arbeiteten f\u00fcr den Verfassungsschutz und Polizei sowie Geheimdienst befragten sogar eine Wahrsagerin \u00fcber die Morde \u201eim t\u00fcrkischen Milieu\u201c statt in Richtung der rechten Szene zu ermitteln.<\/p>\n<p>Anl\u00e4sslich des Jahrestages ver\u00f6ffentlichen wir ein Dossier mit Artikeln \u00fcber die NSU und den Verfassungsschutz. Die SAV forderte von Anfang an, eine Untersuchung von unabh\u00e4ngigen Organisationen wie Migrantengruppen, Gewerkschaften und linken Parteien im Gegensatz zu den parlamentarischen Untersuchungsaussch\u00fcssen. Ein Jahr sp\u00e4ter best\u00e4tigt sich diese Haltung, wo mehrere Untersuchungsaussch\u00fcsse gegeneinander arbeiten, ihnen Akten verwehrt werden und b\u00fcrgerliche Parteien an der Vertuschung von Fakten mitwirken. Traurige Ber\u00fchmtheit haben die von der linken Abgeordneten Katharina K\u00f6nig zusammen getragenen <a href=\"http:\/\/haskala.de\/2012\/07\/09\/top-aussagen-im-untersuchungsausschuss\/\">Aussagen aus dem Th\u00fcringer Untersuchungsausschuss.<\/a><\/p>\n<p>Die SAV forderte au\u00dferdem die Aufl\u00f6sung des Verfassungsschutzes und aller Geheimdienste. Im letzten Jahr gab es neben Meldungen \u00fcber die Verwicklungen der Geheimdienste und Nazis auch zahlreiche Berichte \u00fcber Repression und \u00dcberwachung gegen Linke. <a href=\"https:\/\/www.archiv.sozialismus.info\/2012\/08\/steuergesetz-2013-mehr-macht-fuer-den-verfassungsschutz\/\">Das Steuergesetz 2013 sah vor Organisationen, die im Verfassungsschutzbericht auftauchen die Gemeinn\u00fctzigkeit zu entziehen.<\/a> Die LINKE NRW trug in einem interessanten <a href=\"http:\/\/archiv.linksfraktion-nrw.de\/medien\/publikationen\/ausser_kontrolle\/\">Buch<\/a> zahlreiche Fakten \u00fcber den Verfassungsschutz zusammen. F\u00fcr weitere Fakten und Hintergr\u00fcnde bietet auch die junge Welt ein umfangreiches <a href=\"http:\/\/www.jungewelt.de\/bibliothek\/dossier\/166\">Dossier<\/a> zur NSU.<\/p>\n<p>&nbsp;<\/p>\n<div class=\"posts clear-block\">\n<!-- post --><\/p>\n<div id=\"post-15329\" class=\"post-15329 post type-post status-publish format-standard hentry category-nazisstoppen tag-nsu clear-block count-3 odd thumb-left author-chefingenieur\">\n<div class=\"post-details\">\n<div class=\"post-left-div\">\n<div class=\"post-thumb-div clear-block\">\n\t<a class=\"post-thumb \" id=\"thumb-15329\" href=\"https:\/\/www.archiv.sozialismus.info\/2012\/05\/nsu-ermittlungen-die-farce-der-untersuchung\/\" title=\"NSU-Ermittlungen: Die Farce der Untersuchung\"><br \/>\n      <img loading=\"lazy\" width=\"162\" height=\"100\" src=\"https:\/\/www.archiv.sozialismus.info\/maschinenraum\/wp-content\/uploads\/2012\/05\/Dresden-e1337071111675-162x100.jpg\" class=\"attachment-162x100 wp-post-image\" alt=\"Dresden\" title=\"Dresden\" \/>    <\/a>\n\t<\/div>\n<\/p><\/div>\n<div style=\"padding-top:3px;width:320px;float:left;\">\n<div class=\"post-title-div clear-block\">\n<h2 class=\"title\">\n      <a href=\"https:\/\/www.archiv.sozialismus.info\/2012\/05\/nsu-ermittlungen-die-farce-der-untersuchung\/\" rel=\"bookmark\" title=\"Permanent Link: NSU-Ermittlungen: Die Farce der Untersuchung\">NSU-Ermittlungen: Die Farce der Untersuchung<\/a><br \/>\n    <\/h2>\n<\/p><\/div>\n<div class=\"post-date clear-block\"><span class=\"post-date-ext\">16. Mai 2012<\/span><\/div>\n<div class=\"post-content clear-block\">\n      Unabh\u00e4ngige Aufkl\u00e4rung ist n\u00f6tig    <\/div>\n<div class=\"post-triangle-div clear-block\">\n\t<a class=\"post-triangle\" href=\"https:\/\/www.archiv.sozialismus.info\/2012\/05\/nsu-ermittlungen-die-farce-der-untersuchung\/\" title=\"NSU-Ermittlungen: Die Farce der Untersuchung\"><br \/>\n   <img class=\"post-triangle-image\" title=\"mehr2\" alt=\"mehr\" src=\"\/maschinenraum\/wp-content\/themes\/mystique-extend\/images\/style-sav\/corner_teaser.png\">    <\/a>\n\t<\/div>\n<\/div>\n<\/div>\n<\/div>\n<p><!-- \/post --><\/p>\n<p><!-- post --><\/p>\n<div id=\"post-14648\" class=\"post-14648 post type-post status-publish format-standard hentry category-nazisstoppen tag-nsu tag-ssz109 clear-block count-4 even alt thumb-left author-michael\">\n<div class=\"post-details\">\n<div class=\"post-left-div\">\n<div class=\"post-thumb-div clear-block\">\n\t<a class=\"post-thumb \" id=\"thumb-14648\" href=\"https:\/\/www.archiv.sozialismus.info\/2012\/02\/14648\/\" title=\"Rassismus spaltet \u2013 Konzerne profitieren!\"><br \/>\n      <img loading=\"lazy\" width=\"162\" height=\"100\" src=\"https:\/\/www.archiv.sozialismus.info\/maschinenraum\/wp-content\/uploads\/2012\/02\/20120811_0097-e1351770211818-162x100.jpg\" class=\"attachment-162x100 wp-post-image\" alt=\"Protest in K\u00f6ln am 11. August 2012\" title=\"Protest in K\u00f6ln am 11. August 2012\" \/>    <\/a>\n\t<\/div>\n<\/p><\/div>\n<div style=\"padding-top:3px;width:320px;float:left;\">\n<div class=\"post-title-div clear-block\">\n<h2 class=\"title\">\n      <a href=\"https:\/\/www.archiv.sozialismus.info\/2012\/02\/14648\/\" rel=\"bookmark\" title=\"Permanent Link: Rassismus spaltet \u2013 Konzerne profitieren!\">Rassismus spaltet \u2013 Konzerne profitieren!<\/a><br \/>\n    <\/h2>\n<\/p><\/div>\n<div class=\"post-date clear-block\"><span class=\"post-date-ext\">4. Februar 2012<\/span><\/div>\n<div class=\"post-content clear-block\">\n<p>\n      Darum: Gemeinsam k&#228;mpfen!\n    <\/p>\n<\/p><\/div>\n<div class=\"post-triangle-div clear-block\">\n\t<a class=\"post-triangle\" href=\"https:\/\/www.archiv.sozialismus.info\/2012\/02\/14648\/\" title=\"Rassismus spaltet \u2013 Konzerne profitieren!\"><br \/>\n   <img class=\"post-triangle-image\" title=\"mehr2\" alt=\"mehr\" src=\"\/maschinenraum\/wp-content\/themes\/mystique-extend\/images\/style-sav\/corner_teaser.png\">    <\/a>\n\t<\/div>\n<\/div>\n<\/div>\n<\/div>\n<p><!-- \/post --><\/p>\n<p><!-- post --><\/p>\n<div id=\"post-14603\" class=\"post-14603 post type-post status-publish format-standard hentry category-nazisstoppen tag-nsu tag-schwerpunkt tag-sozinfo13 clear-block count-5 odd thumb-left author-michael\">\n<div class=\"post-details\">\n<div class=\"post-left-div\">\n<div class=\"post-thumb-div clear-block\">\n\t<a class=\"post-thumb \" id=\"thumb-14603\" href=\"https:\/\/www.archiv.sozialismus.info\/2012\/01\/14603\/\" title=\"Nazis. Staat. Kapitalismus.\"><br \/>\n      <img loading=\"lazy\" width=\"162\" height=\"100\" src=\"https:\/\/www.archiv.sozialismus.info\/maschinenraum\/wp-content\/uploads\/2012\/01\/6407179727_bcb7ec1940_b-e1351768749434-162x100.jpg\" class=\"attachment-162x100 wp-post-image\" alt=\"Foto: http:\/\/www.flickr.com\/photos\/agfreiburg\/ CC BY-NC-SA 2.0\" title=\"Verfassungsschutz abschaffen\" \/>    <\/a>\n\t<\/div>\n<\/p><\/div>\n<div style=\"padding-top:3px;width:320px;float:left;\">\n<div class=\"post-title-div clear-block\">\n<h2 class=\"title\">\n      <a href=\"https:\/\/www.archiv.sozialismus.info\/2012\/01\/14603\/\" rel=\"bookmark\" title=\"Permanent Link: Nazis. Staat. Kapitalismus.\">Nazis. Staat. Kapitalismus.<\/a><br \/>\n    <\/h2>\n<\/p><\/div>\n<div class=\"post-date clear-block\"><span class=\"post-date-ext\">12. Januar 2012<\/span><\/div>\n<div class=\"post-content clear-block\">\n      Zur Rolle von Geheimdiensten und Ermittlungsbeh\u00f6rden in der NSU-Terror-Aff\u00e4re    <\/div>\n<div class=\"post-triangle-div clear-block\">\n\t<a class=\"post-triangle\" href=\"https:\/\/www.archiv.sozialismus.info\/2012\/01\/14603\/\" title=\"Nazis. Staat. Kapitalismus.\"><br \/>\n  <img class=\"post-triangle-image\" title=\"mehr\" alt=\"mehr\" src=\"\/maschinenraum\/wp-content\/themes\/mystique-extend\/images\/style-sav\/corner_teaser.png\">      <\/a>\n\t<\/div>\n<\/div>\n<\/div>\n<\/div>\n<p><!-- \/post --><\/p>\n<p><!-- post --><\/p>\n<div id=\"post-14557\" class=\"post-14557 post type-post status-publish format-standard hentry category-politikallgemein category-nazisstoppen tag-nsu clear-block count-6 even alt thumb-left author-michael\">\n<div class=\"post-details\">\n<div class=\"post-left-div\">\n<div class=\"post-thumb-div clear-block\">\n\t<a class=\"post-thumb \" id=\"thumb-14557\" href=\"https:\/\/www.archiv.sozialismus.info\/2011\/11\/14557\/\" title=\"Geduldet, gef&ouml;rdert, vertuscht: Das braune Netz\"><br \/>\n      <img loading=\"lazy\" width=\"162\" height=\"100\" src=\"https:\/\/www.archiv.sozialismus.info\/maschinenraum\/wp-content\/uploads\/2011\/11\/1024px-Nationalsozialistischer_Untergrund_-_Explosion_in_Zwickau_2011_1_aka-e1351769938263-162x100.jpg\" class=\"attachment-162x100 wp-post-image\" alt=\"Foto: Andr\u00e9 Karwath http:\/\/commons.wikimedia.org\/wiki\/User:Aka CC BY-SA 2.5\" title=\"1024px-Nationalsozialistischer_Untergrund_-_Explosion_in_Zwickau_2011_1_(aka)\" \/>    <\/a>\n\t<\/div>\n<\/p><\/div>\n<div style=\"padding-top:3px;width:320px;float:left;\">\n<div class=\"post-title-div clear-block\">\n<h2 class=\"title\">\n      <a href=\"https:\/\/www.archiv.sozialismus.info\/2011\/11\/14557\/\" rel=\"bookmark\" title=\"Permanent Link: Geduldet, gef&ouml;rdert, vertuscht: Das braune Netz\">Geduldet, gef&ouml;rdert, vertuscht: Das braune Netz<\/a><br \/>\n    <\/h2>\n<\/p><\/div>\n<div class=\"post-date clear-block\"><span class=\"post-date-ext\">28. November 2011<\/span><\/div>\n<div class=\"post-content clear-block\">\n      Die Untersuchungen der Bundesregierung zu den Hintergr\u00fcnden des Zwickauer Terror-Trios helfen den deutschen Sicherheitsbeh\u00f6rden zur Ehrenrettung. Tats\u00e4chliche Erkenntnisse liefern sie indes nicht.    <\/div>\n<div class=\"post-triangle-div clear-block\">\n\t<a class=\"post-triangle\" href=\"https:\/\/www.archiv.sozialismus.info\/2011\/11\/14557\/\" title=\"Geduldet, gef&ouml;rdert, vertuscht: Das braune Netz\"><br \/>\n   <img class=\"post-triangle-image\" title=\"mehr2\" alt=\"mehr\" src=\"\/maschinenraum\/wp-content\/themes\/mystique-extend\/images\/style-sav\/corner_teaser.png\">    <\/a>\n\t<\/div>\n<\/div>\n<\/div>\n<\/div>\n<p><!-- \/post --><\/p>\n<p><!-- post --><\/p>\n<div id=\"post-19723\" class=\"post-19723 post type-post status-publish format-standard hentry category-demokratischerechte category-ueberwachung tag-nsu clear-block count-2 even alt thumb-left author-holger\">\n<div class=\"post-details\">\n<div class=\"post-left-div\">\n<div class=\"post-thumb-div clear-block\">\n\t<a class=\"post-thumb \" id=\"thumb-19723\" href=\"https:\/\/www.archiv.sozialismus.info\/2012\/08\/steuergesetz-2013-mehr-macht-fuer-den-verfassungsschutz\/\" title=\"\u201eSteuergesetz 2013\u201c: Mehr Macht f&uuml;r den Verfassungsschutz\"><br \/>\n      <img loading=\"lazy\" width=\"162\" height=\"100\" src=\"https:\/\/www.archiv.sozialismus.info\/maschinenraum\/wp-content\/uploads\/2012\/08\/600px-Bundesamt_f\u00fcr_Verfassungsschutz_Logo.svg_-e1344931128545-162x100.png\" class=\"attachment-162x100 wp-post-image\" alt=\"600px-Bundesamt_f\u00fcr_Verfassungsschutz_Logo.svg\" title=\"600px-Bundesamt_f\u00fcr_Verfassungsschutz_Logo.svg\" \/>    <\/a>\n\t<\/div>\n<\/p><\/div>\n<div style=\"padding-top:3px;width:320px;float:left;\">\n<div class=\"post-title-div clear-block\">\n<h2 class=\"title\">\n      <a href=\"https:\/\/www.archiv.sozialismus.info\/2012\/08\/steuergesetz-2013-mehr-macht-fuer-den-verfassungsschutz\/\" rel=\"bookmark\" title=\"Permanent Link: \u201eSteuergesetz 2013\u201c: Mehr Macht f&uuml;r den Verfassungsschutz\">\u201eSteuergesetz 2013\u201c: Mehr Macht f&uuml;r den Verfassungsschutz<\/a><br \/>\n    <\/h2>\n<\/p><\/div>\n<div class=\"post-date clear-block\"><span class=\"post-date-ext\">14. August 2012<\/span><\/div>\n<div class=\"post-content clear-block\">\n      Mit dem Steuerrecht soll jetzt gegen Linke vorgegangen werden.    <\/div>\n<div class=\"post-triangle-div clear-block\">\n\t<a class=\"post-triangle\" href=\"https:\/\/www.archiv.sozialismus.info\/2012\/08\/steuergesetz-2013-mehr-macht-fuer-den-verfassungsschutz\/\" title=\"\u201eSteuergesetz 2013\u201c: Mehr Macht f&uuml;r den Verfassungsschutz\"><br \/>\n   <img class=\"post-triangle-image\" title=\"mehr2\" alt=\"mehr\" src=\"\/maschinenraum\/wp-content\/themes\/mystique-extend\/images\/style-sav\/corner_teaser.png\">    <\/a>\n\t<\/div>\n<\/div>\n<\/div>\n<\/div>\n<p><!-- \/post --><\/p>\n<p><!-- post --><\/p>\n<div id=\"post-14551\" class=\"post-14551 post type-post status-publish format-standard hentry category-nazisstoppen tag-nsu clear-block count-7 odd thumb-left author-michael last\">\n<div class=\"post-details\">\n<div class=\"post-left-div\">\n<div class=\"post-thumb-div clear-block\">\n\t<a class=\"post-thumb \" id=\"thumb-14551\" href=\"https:\/\/www.archiv.sozialismus.info\/2011\/11\/14551\/\" title=\"Staat und Nazis Hand in Hand?\"><br \/>\n      <img loading=\"lazy\" width=\"162\" height=\"100\" src=\"https:\/\/www.archiv.sozialismus.info\/maschinenraum\/wp-content\/uploads\/2012\/05\/Dresden-e1337071111675-162x100.jpg\" class=\"attachment-162x100 wp-post-image\" alt=\"Dresden\" title=\"Dresden\" \/>    <\/a>\n\t<\/div>\n<\/p><\/div>\n<div style=\"padding-top:3px;width:320px;float:left;\">\n<div class=\"post-title-div clear-block\">\n<h2 class=\"title\">\n      <a href=\"https:\/\/www.archiv.sozialismus.info\/2011\/11\/14551\/\" rel=\"bookmark\" title=\"Permanent Link: Staat und Nazis Hand in Hand?\">Staat und Nazis Hand in Hand?<\/a><br \/>\n    <\/h2>\n<\/p><\/div>\n<div class=\"post-date clear-block\"><span class=\"post-date-ext\">22. November 2011<\/span><\/div>\n<div class=\"post-content clear-block\">\n<p>\n      Der Th&#252;ringer Verfassungsschutz und das Nazi-Trio\n    <\/p>\n<\/p><\/div>\n<div class=\"post-triangle-div clear-block\">\n\t<a class=\"post-triangle\" href=\"https:\/\/www.archiv.sozialismus.info\/2011\/11\/14551\/\" title=\"Staat und Nazis Hand in Hand?\"><br \/>\n   <img class=\"post-triangle-image\" title=\"mehr2\" alt=\"mehr\" src=\"\/maschinenraum\/wp-content\/themes\/mystique-extend\/images\/style-sav\/corner_teaser.png\">    <\/a>\n\t<\/div>\n<\/div>\n<\/div>\n<\/div>\n<p><!-- \/post --><\/p><\/div>\n<p>        <!-- \/primary content --><\/p>\n","protected":false},"excerpt":{"rendered":"<p>Dossier zu den Hintergr\u00fcnden von Faschisten, Verfassungsschutz und Rassismus<\/p>\n","protected":false},"author":2,"featured_media":22653,"comment_status":"closed","ping_status":"closed","sticky":false,"template":"","format":"standard","meta":[],"categories":[5],"tags":[288],"_links":{"self":[{"href":"https:\/\/archiv.sozialismus.info\/maschinenraum\/wp-json\/wp\/v2\/posts\/22646"}],"collection":[{"href":"https:\/\/archiv.sozialismus.info\/maschinenraum\/wp-json\/wp\/v2\/posts"}],"about":[{"href":"https:\/\/archiv.sozialismus.info\/maschinenraum\/wp-json\/wp\/v2\/types\/post"}],"author":[{"embeddable":true,"href":"https:\/\/archiv.sozialismus.info\/maschinenraum\/wp-json\/wp\/v2\/users\/2"}],"replies":[{"embeddable":true,"href":"https:\/\/archiv.sozialismus.info\/maschinenraum\/wp-json\/wp\/v2\/comments?post=22646"}],"version-history":[{"count":0,"href":"https:\/\/archiv.sozialismus.info\/maschinenraum\/wp-json\/wp\/v2\/posts\/22646\/revisions"}],"wp:featuredmedia":[{"embeddable":true,"href":"https:\/\/archiv.sozialismus.info\/maschinenraum\/wp-json\/wp\/v2\/media\/22653"}],"wp:attachment":[{"href":"https:\/\/archiv.sozialismus.info\/maschinenraum\/wp-json\/wp\/v2\/media?parent=22646"}],"wp:term":[{"taxonomy":"category","embeddable":true,"href":"https:\/\/archiv.sozialismus.info\/maschinenraum\/wp-json\/wp\/v2\/categories?post=22646"},{"taxonomy":"post_tag","embeddable":true,"href":"https:\/\/archiv.sozialismus.info\/maschinenraum\/wp-json\/wp\/v2\/tags?post=22646"}],"curies":[{"name":"wp","href":"https:\/\/api.w.org\/{rel}","templated":true}]}}