{"id":19090,"date":"2012-07-25T00:00:35","date_gmt":"2012-07-24T22:00:35","guid":{"rendered":"http:\/\/neu.sozialismus.info\/?p=19090"},"modified":"2012-07-24T18:33:37","modified_gmt":"2012-07-24T16:33:37","slug":"netto-mitarbeiterinnen-verteidigen-das-recht-auf-koalitionsfreiheit","status":"publish","type":"post","link":"https:\/\/archiv.sozialismus.info\/maschinenraum\/2012\/07\/netto-mitarbeiterinnen-verteidigen-das-recht-auf-koalitionsfreiheit\/","title":{"rendered":"Netto-MitarbeiterInnen verteidigen das Recht auf Koalitionsfreiheit"},"content":{"rendered":"<p><strong><a href=\"http:\/\/archiv.sozialismus.info\/maschinenraum\/wp-content\/uploads\/2012\/07\/thumbnail.php_.png\"><img loading=\"lazy\" class=\"alignleft size-medium wp-image-19091\" title=\"thumbnail.php\" src=\"http:\/\/archiv.sozialismus.info\/maschinenraum\/wp-content\/uploads\/2012\/07\/thumbnail.php_-e1343147604399.png\" alt=\"\" width=\"275\" height=\"170\" srcset=\"https:\/\/archiv.sozialismus.info\/maschinenraum\/wp-content\/uploads\/2012\/07\/thumbnail.php_-e1343147604399.png 275w, https:\/\/archiv.sozialismus.info\/maschinenraum\/wp-content\/uploads\/2012\/07\/thumbnail.php_-e1343147604399-162x100.png 162w\" sizes=\"(max-width: 275px) 100vw, 275px\" \/><\/a>Bericht von der Unterst\u00fctzerkonferenz in G\u00f6ttingen <\/strong><strong> <\/strong><\/p>\n<p><strong>Am letzten Sonntag hat in der G\u00f6ttinger ver.di-Zentrale eine Versammlung zur Unterst\u00fctzung der KollegInnen von Netto (Edeka) stattgefunden. Mit mehr als 60 TeilnehmerInnen, darunter Vertrauensleute und Betroffene aus den Netto-Filialen der Region sowie Gewerkschaftsvertreter, Betriebsr\u00e4ten und Abgeordnete der Linkspartei, war das Treffen ein wichtiger Schritt zur Organisierung der Solidarit\u00e4t mit den Besch\u00e4ftigten des Einzelhandels, der ja nicht nur bei Edeka von Betriebsschlie\u00dfungen, Massenentlassungen und katastrophalen Lohn- und Arbeitsbedingungen betroffen ist.<\/strong><\/p>\n<h4><em>von Heino Berg, G\u00f6ttingen<\/em><\/h4>\n<p>Die KollegInnen berichteten zun\u00e4chst von dem enormen Druck, den das Netto-Management gegen die Anf\u00e4nge einer gewerkschaftliche Interessenvertretung ausge\u00fcbt hat. Sie wurden systematisch eingesch\u00fcchtert. In der einstimmig verabschiedeten Resolution hei\u00dft es. \u201eIn den letzten Monaten waren die Netto-KollegInnen in der Region G\u00f6ttingen \u00f6ffentlich gewerkschaftlich aktiv. Acht KollegInnen haben sich zu den bundesweit ersten Vertrauensleuten im Discounterbereich w\u00e4hlen lassen. Das Vorgehen von Netto in G\u00f6ttingen legt f\u00fcr uns den Verdacht nahe, dass das Unternehmen die Schlie\u00dfungen und Versetzungen nutzt, um alle KollegInnen bei Netto einzusch\u00fcchtern. Netto w\u00fcrde damit das Grundrecht auf Koalitionsfreiheit (Grundgesetz Art. 9, Abs. 3) verletzen.\u201c<\/p>\n<p>Bei der Verteidigung des Rechts auf Koalitionsfreiheit und Mitgliedschaft in einer Gewerkschaft geht es um fundamentale Errungenschaften der Arbeiterbewegung.<\/p>\n<h4>Dar\u00fcber hinaus fordern die Kollegen:<\/h4>\n<p>\u201e- Keine K\u00fcndigungen und kein Auslaufenlassen von befristeten Vertr\u00e4gen. Alle bleiben an Bord.<\/p>\n<p>&#8211; Keine erzwungenen \u201eMinusstunden\u201c: alle Besch\u00e4ftigten haben ein Recht darauf, ihre arbeitsvertraglichen Stunden auch abarbeiten zu d\u00fcrfen.<\/p>\n<p>&#8211; Bei Versetzungen m\u00fcssen die sozialen Belange der Besch\u00e4ftigten (z.B. Wohnortn\u00e4he) h\u00f6chste Priorit\u00e4t haben.<\/p>\n<p>&#8211; Vern\u00fcnftige Ausbildungsbedingungen f\u00fcr Azubis, Einhaltung des Berufsbildungsgesetzes.\u201c<\/p>\n<h4>Wie sollen diese Forderungen durchgesetzt werden?<\/h4>\n<p>Am 23.8. wird erstmalig eine regionale Teilbetriebsversammlung stattfinden, um die Zersplitterung in den Filialen zu \u00fcberwinden. Der Betriebsrat des Konzerns, der zun\u00e4chst eine solche Versammlung verhindern wollte, konnte durch den Druck der KollegInnen und von ver.di nun doch zu ihrer Einberufung gezwungen werden.<\/p>\n<p>In der Diskussion \u00fcber die n\u00e4chsten Schritte machten Mitglieder der SAV den Vorschlag, im Anschluss an diese Betriebsversammlung eine Kundgebung von ver.di vorzubereiten, damit die Forderungen der Betroffenen und die Solidarit\u00e4t aus anderen Bereichen \u00f6ffentlich zum Ausdruck kommen k\u00f6nnen und sie \u00fcberregional bekannt zu machen. Dies wurde von vielen TeilnehmerInnen aufgegriffen, bis hin zu ersten Vorschl\u00e4gen f\u00fcr die KundgebungsrednerInnen (z.B. aus dem Krankenhausbereich). Einzelheiten sollen bei einer weiteren Unterst\u00fctzerkonferenz besprochen werden.<\/p>\n<p>Inzwischen steht unter <a href=\"http:\/\/neulich-bei-netto.de\/208\">http:\/\/neulich-bei-netto.de\/208<\/a> auch ein Blog zur Verf\u00fcgung, wo die Resolution und die Aktivit\u00e4ten der Kampagne dokumentiert und diskutiert werden k\u00f6nnen.<\/p>\n","protected":false},"excerpt":{"rendered":"<p>Bericht von der Unterst\u00fctzerkonferenz in G\u00f6ttingen <\/p>\n","protected":false},"author":2,"featured_media":19091,"comment_status":"closed","ping_status":"closed","sticky":false,"template":"","format":"standard","meta":[],"categories":[17],"tags":[262],"_links":{"self":[{"href":"https:\/\/archiv.sozialismus.info\/maschinenraum\/wp-json\/wp\/v2\/posts\/19090"}],"collection":[{"href":"https:\/\/archiv.sozialismus.info\/maschinenraum\/wp-json\/wp\/v2\/posts"}],"about":[{"href":"https:\/\/archiv.sozialismus.info\/maschinenraum\/wp-json\/wp\/v2\/types\/post"}],"author":[{"embeddable":true,"href":"https:\/\/archiv.sozialismus.info\/maschinenraum\/wp-json\/wp\/v2\/users\/2"}],"replies":[{"embeddable":true,"href":"https:\/\/archiv.sozialismus.info\/maschinenraum\/wp-json\/wp\/v2\/comments?post=19090"}],"version-history":[{"count":0,"href":"https:\/\/archiv.sozialismus.info\/maschinenraum\/wp-json\/wp\/v2\/posts\/19090\/revisions"}],"wp:featuredmedia":[{"embeddable":true,"href":"https:\/\/archiv.sozialismus.info\/maschinenraum\/wp-json\/wp\/v2\/media\/19091"}],"wp:attachment":[{"href":"https:\/\/archiv.sozialismus.info\/maschinenraum\/wp-json\/wp\/v2\/media?parent=19090"}],"wp:term":[{"taxonomy":"category","embeddable":true,"href":"https:\/\/archiv.sozialismus.info\/maschinenraum\/wp-json\/wp\/v2\/categories?post=19090"},{"taxonomy":"post_tag","embeddable":true,"href":"https:\/\/archiv.sozialismus.info\/maschinenraum\/wp-json\/wp\/v2\/tags?post=19090"}],"curies":[{"name":"wp","href":"https:\/\/api.w.org\/{rel}","templated":true}]}}