{"id":15321,"date":"2012-05-15T10:10:25","date_gmt":"2012-05-15T08:10:25","guid":{"rendered":"http:\/\/neu.sozialismus.info\/?p=15321"},"modified":"2012-05-15T14:25:54","modified_gmt":"2012-05-15T12:25:54","slug":"blockupy-frankfurt-wir-lassen-uns-nicht-kriminalisieren","status":"publish","type":"post","link":"https:\/\/archiv.sozialismus.info\/maschinenraum\/2012\/05\/blockupy-frankfurt-wir-lassen-uns-nicht-kriminalisieren\/","title":{"rendered":"Blockupy Frankfurt: Wir lassen uns nicht kriminalisieren!"},"content":{"rendered":"<p align=\"JUSTIFY\"><strong><a href=\"http:\/\/archiv.sozialismus.info\/maschinenraum\/wp-content\/uploads\/2012\/05\/14052012112-e1337069402516.jpg\"><img loading=\"lazy\" class=\"alignleft size-medium wp-image-15322\" title=\"14052012112\" src=\"http:\/\/archiv.sozialismus.info\/maschinenraum\/wp-content\/uploads\/2012\/05\/14052012112-e1337069402516-280x173.jpg\" alt=\"\" width=\"280\" height=\"173\" srcset=\"https:\/\/archiv.sozialismus.info\/maschinenraum\/wp-content\/uploads\/2012\/05\/14052012112-e1337069402516-280x173.jpg 280w, https:\/\/archiv.sozialismus.info\/maschinenraum\/wp-content\/uploads\/2012\/05\/14052012112-e1337069402516-162x100.jpg 162w, https:\/\/archiv.sozialismus.info\/maschinenraum\/wp-content\/uploads\/2012\/05\/14052012112-e1337069402516-560x347.jpg 560w, https:\/\/archiv.sozialismus.info\/maschinenraum\/wp-content\/uploads\/2012\/05\/14052012112-e1337069402516-325x200.jpg 325w, https:\/\/archiv.sozialismus.info\/maschinenraum\/wp-content\/uploads\/2012\/05\/14052012112-e1337069402516.jpg 1935w\" sizes=\"(max-width: 280px) 100vw, 280px\" \/><\/a><\/strong><strong>Demonstration gegen das Verbot der Anti-Krisen-Proteste am Montag vor der Europ\u00e4ischen Zentralbank unter dem Motto \u201eSolidarit\u00e4t gegen die Diffamierung und Kriminalisierung sozialer Proteste\u201c<\/strong><\/p>\n<p align=\"JUSTIFY\"><strong>Etwa 250 TeilnehmerInnen sammelten sich am Nachmittag des 14. Mai vor dem Geb\u00e4ude der EZB, um ihren Unmut auf Grund der Kriminalisierung und Illegalisierung der Proteste in Frankfurt am Main um die Aktionstage vom 16. bis 19. Mai kund zu tun.<\/strong><\/p>\n<p align=\"JUSTIFY\">\u00a0<em>Von Ren\u00e9 Kiesel, z. Z. in Frankfurt\/Main<\/em><\/p>\n<p align=\"JUSTIFY\">\u00a0\u201eWir werden blockieren \u2013 wir lassen uns nicht kriminalisieren!\u201c rief eine Rednerin den \u00fcber 200 Anwesenden vor dem R\u00f6mer durch das Megaphon zu. Die Antwort: Applaus, Slogans wie \u201eA-Anti-Anticapitalista.\u201c<\/p>\n<p align=\"JUSTIFY\">Um 17 Uhr sammelten sie sich vor der EZB und dem anliegenden Camp von Occupy Frankfurt. Der Anlass der Aktion ist gleich mehrfach skandal\u00f6s. Auf der einen Seite erlegte die frankfurter Staatsanwaltschaft mehreren hundert AktivistInnen ein Aufenthaltsverbot in der Innenstadt f\u00fcr diese Woche auf. Auf der anderen Seite versucht sie, die Proteste und das Camp ab dem 16. Mai zu verbieten. Einschlie\u00dflich der internationalen Gro\u00dfdemonstration am 19. Mai. Eine der absurden Begr\u00fcndungen, neben der \u00fcblichen Panikmache, die gesamte Stadt werde in Schutt und Asche gelegt, ist, dass die frankfurter Bev\u00f6lkerung durch die Proteste einer politischen Meinung ausgesetzt sei, der sie sich nicht entziehen k\u00f6nne. Zudem soll das Occupy-Camp am Mittwoch ger\u00e4umt werden. Die OrganisatorInnen rufen deshalb dazu auf, ab Dienstag Nacht dorthin zu kommen und friedlichen Widerstand in Form von Sitzblockaden zu leisten.<\/p>\n<p align=\"JUSTIFY\">Nach der Auftaktkundgebung ging es dann eine kurze Strecke weiter zum \u201eR\u00f6mer\u201c, einem der weit \u00fcber die Stadt hinaus bekannten Wahrzeichen, dass bei der Ankunft der DemonstrantInnen prompt die T\u00fcren verschloss.<\/p>\n<p align=\"JUSTIFY\">Es ist ein Skandal, dass das Verwaltungsgericht das Verbot der Proteste am heutigen Tage best\u00e4tigte, w\u00e4hrend Faschisten in Cottbus aufmarschieren d\u00fcrfen und Pro-NRW ihre ausl\u00e4nderfeindliche Propaganda vor Moscheen ungestraft und staatlich gesch\u00fctzt fortsetzen darf. Mehr Mobilisierungen wie heute sind notwendig, um in Frankfurt keinen Pr\u00e4zedenzfall f\u00fcr das Verbot linker Gro\u00dfdemonstrationen zu schaffen.<\/p>\n","protected":false},"excerpt":{"rendered":"<p>Demonstration gegen das Verbot der Anti-Krisen-Proteste am Montag vor der Europ\u00e4ischen Zentralbank unter dem Motto \u201eSolidarit\u00e4t gegen die Diffamierung und Kriminalisierung sozialer Proteste\u201c<\/p>\n","protected":false},"author":2,"featured_media":15322,"comment_status":"closed","ping_status":"closed","sticky":false,"template":"","format":"standard","meta":[],"categories":[23,77],"tags":[],"_links":{"self":[{"href":"https:\/\/archiv.sozialismus.info\/maschinenraum\/wp-json\/wp\/v2\/posts\/15321"}],"collection":[{"href":"https:\/\/archiv.sozialismus.info\/maschinenraum\/wp-json\/wp\/v2\/posts"}],"about":[{"href":"https:\/\/archiv.sozialismus.info\/maschinenraum\/wp-json\/wp\/v2\/types\/post"}],"author":[{"embeddable":true,"href":"https:\/\/archiv.sozialismus.info\/maschinenraum\/wp-json\/wp\/v2\/users\/2"}],"replies":[{"embeddable":true,"href":"https:\/\/archiv.sozialismus.info\/maschinenraum\/wp-json\/wp\/v2\/comments?post=15321"}],"version-history":[{"count":0,"href":"https:\/\/archiv.sozialismus.info\/maschinenraum\/wp-json\/wp\/v2\/posts\/15321\/revisions"}],"wp:featuredmedia":[{"embeddable":true,"href":"https:\/\/archiv.sozialismus.info\/maschinenraum\/wp-json\/wp\/v2\/media\/15322"}],"wp:attachment":[{"href":"https:\/\/archiv.sozialismus.info\/maschinenraum\/wp-json\/wp\/v2\/media?parent=15321"}],"wp:term":[{"taxonomy":"category","embeddable":true,"href":"https:\/\/archiv.sozialismus.info\/maschinenraum\/wp-json\/wp\/v2\/categories?post=15321"},{"taxonomy":"post_tag","embeddable":true,"href":"https:\/\/archiv.sozialismus.info\/maschinenraum\/wp-json\/wp\/v2\/tags?post=15321"}],"curies":[{"name":"wp","href":"https:\/\/api.w.org\/{rel}","templated":true}]}}