{"id":14526,"date":"2011-11-01T00:00:00","date_gmt":"2011-11-01T00:00:00","guid":{"rendered":"http:\/\/.\/?p=14526"},"modified":"2012-08-08T12:18:19","modified_gmt":"2012-08-08T10:18:19","slug":"14526","status":"publish","type":"post","link":"https:\/\/archiv.sozialismus.info\/maschinenraum\/2011\/11\/14526\/","title":{"rendered":"Castor blockieren &#8211; Atommafia stoppen \u2013 Kapitalismus endlagern!"},"content":{"rendered":"<p>Aller Vorraussicht nach am 24. November wird sich der n\u00e4chste Castor-Transport aus Nordfrankreich nach Gorleben auf den Weg machen. Ebenso werden sich tausende Anti-Atomkraft-AktivistInnen auf den Weg machen um zu Protestieren \u2013 und um den Transport durch Blockaden zu behindern. Die SAV ruft zur Teilnahme an Kundgebungen, Demonstrationen und Blockaden auf, die vor allem am 26. und 27. November stattfinden.<\/p>\n<h4><strong>Protest lohnt sich<\/strong><\/h4>\n<p>Die massive Bewegung gegen Atomkraft, die nach dem Super-GAU von Fukushima ihren H\u00f6hepunkt erreichte, \u00fcbte soviel Druck aus, dass Teilerfolge erk\u00e4mpft wurden. Acht deutsche AKW wurden stillgelegt. Das heisst aber auch, dass neun noch am Netz sind \u2013 und Tag f\u00fcr Tag strahlenden M\u00fcll produzieren! M\u00fcll, f\u00fcr den es weltweit keine einzige Lagerst\u00e4tte gibt.<\/p>\n<h4><strong>Castor blockieren!<\/strong><\/h4>\n<p>F\u00fcr Profite riskieren Konzerne schon mal Gesundheit und Leben von Millionen Menschen. Um damit Schluss zu machen, muss es jetzt darum gehen, die Massenproteste vom Fr\u00fchjahr wieder zu beleben.<\/p>\n<p>Je l\u00e4nger der Castor nach Gorleben braucht, desto teurer wird der Transport. Und desto deutlicher wird unsere Wut und Entschlossenheit! Demonstrationen alleine reichen dazu nicht aus \u2013 es ist wichtig, sich mit tausenden AktivistInnen an den Massenblockaden zu beteiligen!<\/p>\n<h4><strong>Atommafia stoppen!<\/strong><\/h4>\n<p>von alleine wird die Atommafia ihre Macht nicht abgeben. Damit diese verschwindend kleine Minderheit von Profiteuren gest\u00fcrzt wird, sind entschlossene Massenproteste notwendig. Energiekonzerne m\u00fcssen enteignet und demokratisch kontrolliert und verwaltet werden. Die Konzernverm\u00f6gen k\u00f6nnten in die Verbesserung und den Ausbau regenerativer Energiegewinnung investiert werden \u2013 um eine Stromversorgung ohne Atomkraft wie ohne fossile Brenstoffe zu erm\u00f6glichen.<\/p>\n<h4>Kapitalismus endlagern!<\/h4>\n<p>Schlussendlich l\u00e4uft der Atomwahnsinn nur f\u00fcr die Profite von Wenigen. Und gegen den entschiedenen Willen von einer Mehrheit. Uns von diesem allt\u00e4glichen Irrsinn des Kapitalismus zu befreien, k\u00f6nnen wir nur selber tun, hei\u00dft es in der &#8222;Internationale&#8220;. Und internationaler Widerstand ist notwendig, denn Konzerne machen weltweit Profite mit Atomkraft, Krieg und Ausbeutung.<\/p>\n<p>\u00dcberall auf der Welt gehen Massen auf die Stra\u00dfe \u2013 gegen Diktaturen, gegen die Macht der Banken und Konzerne, gegen sinnlose Gro\u00dfprojekte und gegen Atomkraft. Vor allem aber, weil nur Protest etwas ver\u00e4ndert \u2013 die b\u00fcrgerlichen Parteien sind verantwortlich f\u00fcr die Misere und auf sie und ihre Versprechungen d\u00fcrfen wir uns nicht verlassen!<\/p>\n<p>Die Gr\u00fcnen sind da keine Ausnahme: Im Bundestag haben sie den schwarz\/gelben &#8222;Atomkompromiss&#8220; mitgetragen (und sind damit mitverantwortlich daf\u00fcr, dass deutsche AKW bis 2022 weiterlaufen d\u00fcrfen). Nur DIE LINKE hat ihn abgelehnt, spielt aber in der BEwegung nur eine untergeordnete Rolle. Sie sollte mit ihren Ressourcen die Proteste unterst\u00fctzen und zu den Castor-Blockaden entschlossen mobilisieren.<\/p>\n<p>Lasst uns daf\u00fcr sorgen, dass der Kapitalismus dahin kommt, wo er hingeh\u00f6rt: Auf den M\u00fcllhaufen der Geschichte!<\/p>\n<h4>Auf nach Gorleben!<\/h4>\n<p>Der beschlossene &#8222;Atomausstieg&#8220; der Bundesregierung ist \u2013 wenn auch ein Erfolg der Bewegung \u2013 ein Hohn. Atomausstieg ist und bleibt unsere Handarbeit. Und wenn wir Viele und entschlossen sind, werden wir ihn beschleunigen.<\/p>\n<p>Und: Atomkraft ist eines in einer langen Reihe von Problemen, die durch den Kapitalismus hervorgebracht werden.<\/p>\n<h4>Auf nach Gorleben! Castor blockieren &#8211; Atommafia stoppen \u2013 Kapitalismus endlagern!<\/h4>\n<p><a href=\"http:\/\/www.gorleben-castor.de\">Infos zu den Blockaden: www.gorleben-castor.de<\/a><\/p>\n<p><a href=\"https:\/\/www.archiv.sozialismus.info\/?swid=102\">Weitere Artikel der SAV zu Atomkraft<\/a><\/p>\n","protected":false},"excerpt":{"rendered":"<p>Am 24. November wird sich der n\u00e4chste Castor-Transport nach Gorleben auf den Weg machen.<\/p>\n","protected":false},"author":3,"featured_media":17827,"comment_status":"closed","ping_status":"closed","sticky":false,"template":"","format":"standard","meta":[],"categories":[115,21,114],"tags":[],"_links":{"self":[{"href":"https:\/\/archiv.sozialismus.info\/maschinenraum\/wp-json\/wp\/v2\/posts\/14526"}],"collection":[{"href":"https:\/\/archiv.sozialismus.info\/maschinenraum\/wp-json\/wp\/v2\/posts"}],"about":[{"href":"https:\/\/archiv.sozialismus.info\/maschinenraum\/wp-json\/wp\/v2\/types\/post"}],"author":[{"embeddable":true,"href":"https:\/\/archiv.sozialismus.info\/maschinenraum\/wp-json\/wp\/v2\/users\/3"}],"replies":[{"embeddable":true,"href":"https:\/\/archiv.sozialismus.info\/maschinenraum\/wp-json\/wp\/v2\/comments?post=14526"}],"version-history":[{"count":0,"href":"https:\/\/archiv.sozialismus.info\/maschinenraum\/wp-json\/wp\/v2\/posts\/14526\/revisions"}],"wp:featuredmedia":[{"embeddable":true,"href":"https:\/\/archiv.sozialismus.info\/maschinenraum\/wp-json\/wp\/v2\/media\/17827"}],"wp:attachment":[{"href":"https:\/\/archiv.sozialismus.info\/maschinenraum\/wp-json\/wp\/v2\/media?parent=14526"}],"wp:term":[{"taxonomy":"category","embeddable":true,"href":"https:\/\/archiv.sozialismus.info\/maschinenraum\/wp-json\/wp\/v2\/categories?post=14526"},{"taxonomy":"post_tag","embeddable":true,"href":"https:\/\/archiv.sozialismus.info\/maschinenraum\/wp-json\/wp\/v2\/tags?post=14526"}],"curies":[{"name":"wp","href":"https:\/\/api.w.org\/{rel}","templated":true}]}}