{"id":14456,"date":"2011-10-06T00:00:00","date_gmt":"2011-10-06T00:00:00","guid":{"rendered":"http:\/\/.\/?p=14456"},"modified":"2014-03-27T11:51:33","modified_gmt":"2014-03-27T10:51:33","slug":"14456","status":"publish","type":"post","link":"https:\/\/archiv.sozialismus.info\/maschinenraum\/2011\/10\/14456\/","title":{"rendered":"\u201eDie drohen mit Insolvenz und Arbeitsplatzverlust\u201c"},"content":{"rendered":"<p>Interview mit L. H.<\/p>\n<p><!--more--><br \/> \u00a0<\/p>\n<h4>Du bist seit zwei Wochen im Streik, trotz eines nur befristeten Arbeitsvertrags als K\u00fcchenarbeiter. Was hat dich dazu gebracht?<\/h4>\n<p>Die pure Ersch\u00f6pfung und der l\u00e4cherliche Lohn. Ich habe am 1. April bei der CFM angefangen. Ich kann dir sagen, dass ich schon einige harte Jobs hatte, aber die Bandgeschwindigkeit, die k\u00f6rperlichen Anforderungen, die hohen Temperaturen und zu allem \u00dcberfluss der verdammte L\u00e4rm, das schafft einen echt. Nach der Arbeit sind wir alle total ger\u00e4dert.<\/p>\n<h4>Bei der CFM gibt es durch den tariflosen Zustand v\u00f6llig unterschiedliche Arbeitsvertr\u00e4ge. Wie hoch sind die Lohnunterschiede?<\/h4>\n<p>Also, ich verdiene 7,80 Euro die Stunde, vielleicht sind es schon 8,10 Euro, weil die Gesch\u00e4ftsleitung aus lauter Jux und Dollerei uns drei Tage vor Streikbeginn eine r\u00fcckwirkende Lohnerh\u00f6hung versprochen hat. Die Mehrheit der Kollegen am Portionierband und Sp\u00fclband verdient das Gleiche. Ich wei\u00df von einen Menschen, dessen Geschlecht und Stellung ich nicht ausplaudern will, dass er oder sie 6,93 Euro verdient.<\/p>\n<h4>Kollegen mit befristeten Vertr\u00e4gen z\u00f6gern oft, in den Streik zu treten. Gibt es weitere Versuche der Gesch\u00e4ftsf\u00fchrung, sie am streiken zu hindern?<\/h4>\n<p>Die Kollegen werden mit kostenlosen Sandwiches versorgt, sogar Kapuzenpullis kann man haben, wenn man brav weiterarbeitet. Es wird mit allen Mitteln Druck aufgebaut. Die drohen mit Insolvenz und Arbeitsplatzverlust, lassen eine Gang von Securities in schwarzen Klamotten auftreten, die unsere Plakate runterrei\u00dfen und uns einzusch\u00fcchtern versuchen.<\/p>\n<h4>Wie reagieren die Kollegen darauf?<\/h4>\n<p>Zunehmend gereizt. Ich bin \u00fcberzeugt, dass die Gesch\u00e4ftsleitung uns momentan mit ihren seltsamen Methoden in die H\u00e4nde spielt. Bei uns im CBF ist die Streikbeteiligung noch nicht so hoch wie an den anderen Standorten, aber das wird sich wohl \u00e4ndern, wenn wir unser Streiklokal hier aufbauen. Einige Kollegen warten regelrecht darauf, dass wir in Massen am CBF auftauchen. Jeder Kollege, der in den Streik tritt, zieht unfehlbar den einen oder anderen mit. Je mehr wir werden, desto schneller ist die kritische Masse erreicht, an dem die Lawine lospoltern wird.<\/p>\n<p>Gibt es Solidarit\u00e4t der gestellten Kollegen und der Pflegekr\u00e4fte, die zwar zum Solidarit\u00e4tsstreik aufgerufen sind, aber nicht alle die Arbeit niederlegen k\u00f6nnen?<\/p>\n<p>Na klar doch, aber \u00fcber alles m\u00f6chte ich hier nicht reden. Zum Beispiel sind wir immer gut mit Informationen versorgt und ein Gro\u00dfteil der Pflegekr\u00e4fte tr\u00e4gt unsere Solikleber an der Arbeitskleidung.<\/p>\n<h4>Wie meinst du, wird der Streik enden?<\/h4>\n<p>Mit unserem Sieg.<\/p>\n","protected":false},"excerpt":{"rendered":"<p>\n      Interview mit L&#225;szl&#243; Hubert\n    <\/p>\n","protected":false},"author":3,"featured_media":17827,"comment_status":"closed","ping_status":"closed","sticky":false,"template":"","format":"standard","meta":[],"categories":[13],"tags":[241],"_links":{"self":[{"href":"https:\/\/archiv.sozialismus.info\/maschinenraum\/wp-json\/wp\/v2\/posts\/14456"}],"collection":[{"href":"https:\/\/archiv.sozialismus.info\/maschinenraum\/wp-json\/wp\/v2\/posts"}],"about":[{"href":"https:\/\/archiv.sozialismus.info\/maschinenraum\/wp-json\/wp\/v2\/types\/post"}],"author":[{"embeddable":true,"href":"https:\/\/archiv.sozialismus.info\/maschinenraum\/wp-json\/wp\/v2\/users\/3"}],"replies":[{"embeddable":true,"href":"https:\/\/archiv.sozialismus.info\/maschinenraum\/wp-json\/wp\/v2\/comments?post=14456"}],"version-history":[{"count":0,"href":"https:\/\/archiv.sozialismus.info\/maschinenraum\/wp-json\/wp\/v2\/posts\/14456\/revisions"}],"wp:featuredmedia":[{"embeddable":true,"href":"https:\/\/archiv.sozialismus.info\/maschinenraum\/wp-json\/wp\/v2\/media\/17827"}],"wp:attachment":[{"href":"https:\/\/archiv.sozialismus.info\/maschinenraum\/wp-json\/wp\/v2\/media?parent=14456"}],"wp:term":[{"taxonomy":"category","embeddable":true,"href":"https:\/\/archiv.sozialismus.info\/maschinenraum\/wp-json\/wp\/v2\/categories?post=14456"},{"taxonomy":"post_tag","embeddable":true,"href":"https:\/\/archiv.sozialismus.info\/maschinenraum\/wp-json\/wp\/v2\/tags?post=14456"}],"curies":[{"name":"wp","href":"https:\/\/api.w.org\/{rel}","templated":true}]}}