{"id":12467,"date":"2008-01-05T01:00:00","date_gmt":"2008-01-05T00:00:00","guid":{"rendered":"http:\/\/.\/?p=12467"},"modified":"2013-06-04T14:24:20","modified_gmt":"2013-06-04T12:24:20","slug":"12467","status":"publish","type":"post","link":"https:\/\/archiv.sozialismus.info\/maschinenraum\/2008\/01\/12467\/","title":{"rendered":"Kurdistan: Die T\u00fcrkei versch\u00e4rft die Angriffe"},"content":{"rendered":"<p>T\u00fcrkische Flieger und Artillerie greifen Stellungen der kurdischen Guerilla im Nordirak an. In der T\u00fcrkei machen das Milit\u00e4r und die Ultra-Nationalisten von der MHP (Partei der Nationalistischen Bewegung) mobil. Der im Parlament vertretenen kurdischen Partei DTP droht das Verbot.<\/p>\n<p><!--more--><br \/> \u00a0<\/p>\n<p><strong><em>von Claus Ludwig, K\u00f6ln<\/em><\/strong><\/p>\n<p>Die B\u00fcros und Mitglieder der DTP werden von t\u00fcrkischen Nationalisten attackiert. Es droht die Ausweitung des Krieges auf den Nordirak, bewaffnete Auseinandersetzungen in den kurdischen St\u00e4dten und eine Vertiefung der nationalen Spaltung in der T\u00fcrkei.<\/p>\n<p>Dem t\u00fcrkischen Staat geht es nicht haupts\u00e4chlich um die Ausschaltung der kurdischen Guerilla. Hinter den Angriffen und Drohungen gegen den Nordirak steckt die Angst der herrschenden Klasse in der T\u00fcrkei vor dem kurdischen Autonomie-Gebiet. Wenn dieses durch den Anschluss der \u00d6lregion Kirkuk eine wirtschaftliche Basis erh\u00e4lt, wird auch unter KurdInnen in der T\u00fcrkei der Ruf nach Unabh\u00e4ngigkeit und einem kurdischen Staat lauter werden.<\/p>\n<h4>Differenzen unter den Herrschenden<\/h4>\n<p>Die USA werden durch das t\u00fcrkische Vorgehen in eine prek\u00e4re Situation gebracht. Sie bauen bisher auf die kurdischen F\u00fchrer Barzani und Talabani. Im Gegenzug f\u00fcr ihre Unterst\u00fctzung der US-Besatzung haben die irakischen Kurden-F\u00fchrer freie Hand in ihrem Gebiet. K\u00e4me es zu einem t\u00fcrkischen Einmarsch, w\u00fcrde mit Irakisch-Kurdistan die letzte halbwegs funktionierende Region im Irak destabilisiert.<\/p>\n<p>Die herrschende Klasse in der T\u00fcrkei ist nicht einig. Die Regierung der gem\u00e4\u00dfigt-islamischen AKP (Partei f\u00fcr Gerechtigkeit und Entwicklung) hat in den letzten Jahren die Repression in den Kurden-Gebieten etwas gelockert. Regierungschef Erdogan schlie\u00dft nicht aus, den Guerilla-K\u00e4mpfern eine Amnestie anzubieten. Weil viele Menschen auf solch einen Kompromiss hoffen, konnte die AKP gerade in den kurdischen Gebieten bei den Parlamentswahlen im Juli 2007 zulegen.<\/p>\n<p>Allerdings lehnt auch die AKP das Selbstbestimmungsrecht der Kurden ab und will einen kurdischen Staat im Nordirak verhindern. Diese Haltung und der Druck der nationalistischen Kr\u00e4fte haben die AKP-Regierung dazu gebracht, den Einmarsch in den Nordirak und die Bombardierung kurdischer Stellungen im Nachbarland zu genehmigen.<\/p>\n<p>W\u00e4hrend die MHP-Faschisten und Teile des Milit\u00e4rs bereit w\u00e4ren, mit voller Wucht gegen die KurdInnen im Nordirak vorzugehen und einen Streit mit den USA zu riskieren, ist davon auszugehen, dass Erdogan versucht, den Druck auf die PKK und die Autonomie-Regierung zu verst\u00e4rken, aber gleichzeitig einen Kompromiss mit den USA zu erreichen.<\/p>\n<p>Auf der Grundlage der anhaltenden Repression und Unterentwicklung werden die Spannungen in T\u00fcrkisch-Kurdistan zunehmen, selbst, wenn es in den n\u00e4chsten Monaten nicht zu einem massiven t\u00fcrkischen Einmarsch in den Nordirak kommen sollte. Die nationalistischen Gewalt-Attacken auf KurdInnen und die rassistische Propaganda der MHP-Faschisten geben einen Vorgeschmack auf die Gefahren einer Eskalation in der T\u00fcrkei.<\/p>\n<p><em>Claus Ludwig ist Mitglied im Rat der Stadt K\u00f6ln und stellvertretender Vorsitzender der Fraktion DIE LINKE\/Gemeinsam gegen Sozialraub. Er geh\u00f6rt dem Bundesvorstand der SAV an<\/em><\/p>\n","protected":false},"excerpt":{"rendered":"<p>T\u00fcrkische Flieger und Artillerie greifen Stellungen der kurdischen Guerilla im Nordirak an.<\/p>\n","protected":false},"author":3,"featured_media":17827,"comment_status":"closed","ping_status":"closed","sticky":false,"template":"","format":"standard","meta":[],"categories":[38,45],"tags":[200,329],"_links":{"self":[{"href":"https:\/\/archiv.sozialismus.info\/maschinenraum\/wp-json\/wp\/v2\/posts\/12467"}],"collection":[{"href":"https:\/\/archiv.sozialismus.info\/maschinenraum\/wp-json\/wp\/v2\/posts"}],"about":[{"href":"https:\/\/archiv.sozialismus.info\/maschinenraum\/wp-json\/wp\/v2\/types\/post"}],"author":[{"embeddable":true,"href":"https:\/\/archiv.sozialismus.info\/maschinenraum\/wp-json\/wp\/v2\/users\/3"}],"replies":[{"embeddable":true,"href":"https:\/\/archiv.sozialismus.info\/maschinenraum\/wp-json\/wp\/v2\/comments?post=12467"}],"version-history":[{"count":0,"href":"https:\/\/archiv.sozialismus.info\/maschinenraum\/wp-json\/wp\/v2\/posts\/12467\/revisions"}],"wp:featuredmedia":[{"embeddable":true,"href":"https:\/\/archiv.sozialismus.info\/maschinenraum\/wp-json\/wp\/v2\/media\/17827"}],"wp:attachment":[{"href":"https:\/\/archiv.sozialismus.info\/maschinenraum\/wp-json\/wp\/v2\/media?parent=12467"}],"wp:term":[{"taxonomy":"category","embeddable":true,"href":"https:\/\/archiv.sozialismus.info\/maschinenraum\/wp-json\/wp\/v2\/categories?post=12467"},{"taxonomy":"post_tag","embeddable":true,"href":"https:\/\/archiv.sozialismus.info\/maschinenraum\/wp-json\/wp\/v2\/tags?post=12467"}],"curies":[{"name":"wp","href":"https:\/\/api.w.org\/{rel}","templated":true}]}}